{"id":29678,"date":"2017-02-01T12:04:24","date_gmt":"2017-02-01T11:04:24","guid":{"rendered":"http:\/\/www.fedaiisf.it\/?p=29678"},"modified":"2017-02-01T12:04:24","modified_gmt":"2017-02-01T11:04:24","slug":"storie-isf-guardalinee-isf-tifa-napoli","status":"publish","type":"post","link":"https:\/\/www.fedaiisf.it\/en\/storie-isf-guardalinee-isf-tifa-napoli\/","title":{"rendered":"Stories of ISF. The ISF linesman supporting Naples"},"content":{"rendered":"<p>Il guardalinee pizzicato da Spalletti. Gli amici: &#8220;E&#8217; vero, tifa Napoli ma ha sbagliato in buona fede&#8221;<\/p>\n<p>Chi lo conosce bene ammette con un sorriso sincero che \u00abcerto, tifa Napoli\u00bb, per\u00f2 stavolta a pensar male non solo si fa peccato, neppure ci s\u2019indovina. Claudio La Rocca da Ercolano \u00e8 finito nel mirino del tecnico della Roma, Luciano Spalletti, soltanto per la sua provenienza. Pomo della discordia l\u2019errore commesso nel valutare il fuorigioco di Dzeko a due minuti dalla fine nella gara c<img decoding=\"async\" class=\"alignright\" src=\"http:\/\/www.fiorentinanews.com\/wp-content\/uploads\/2014\/01\/PasqualProteste.jpg\" alt=\"Risultati immagini per claudio la rocca guardalinee\" \/>ontro la Sampdoria a Genova.<\/p>\n<p>Eppure chi conosce bene La Rocca, informatore scientifico di Contrada Montedoro di Ercolano, in provincia di Napoli, lo descrive sereno e tranquillo nonostante le polemiche nate per l\u2019errore che di fatto ha penalizzato la Roma. \u00abCerto, sar\u00e0 punito. Ma strumentalizzare uno sbaglio umano, e che quindi ci pu\u00f2 anche stare, \u00e8 forse un tantino esagerato\u00bb, si sussurra negli ambienti vicini al fischietto che esord\u00ec in serie a il primo marzo 2009, al Friuli, in Udinese-Lecce 2-0.<\/p>\n<p>\u00abQuando va in campo &#8211; la difesa di chi lo conosce da anni &#8211; per lui non esistono pi\u00f9 colori. Non c\u2019\u00e8 la Roma, l\u2019Inter, la Juventus o il Napoli. Ci sono soltanto due squadre \u201canonime\u201d. Pensa a svolgere sempre bene il suo lavoro, con professionalit\u00e0 e abnegazione. Come sbagliano i calciatori, sbagliano anche gli assistenti e gli arbitri\u00bb.<\/p>\n<p>Estratto. Articolo integrale su <a href=\"http:\/\/www.metropolisweb.it\/news\/il-guardalinee-pizzicato-da-spalletti-gli-amici-e-vero-tifa-napoli-ma-ha-sbagliato-in-buona-fede\/25305.html\" target=\"_blank\" rel=\"noopener\"><span style=\"color: #0000ff;\">Metropolisweb &#8211; 31\/01\/2017<\/span><\/a><\/p>","protected":false},"excerpt":{"rendered":"<p>Il guardalinee pizzicato da Spalletti. Gli amici: &#8220;E&#8217; vero, tifa Napoli ma ha sbagliato in buona fede&#8221; Chi lo conosce bene ammette con un sorriso sincero che \u00abcerto, tifa Napoli\u00bb, per\u00f2 stavolta a pensar male non solo si fa peccato, neppure ci s\u2019indovina. Claudio La Rocca da Ercolano \u00e8 finito nel mirino del tecnico della &hellip;<\/p>","protected":false},"author":4,"featured_media":29681,"comment_status":"closed","ping_status":"closed","sticky":false,"template":"","format":"standard","meta":{"footnotes":""},"categories":[1],"tags":[23],"class_list":["post-29678","post","type-post","status-publish","format-standard","has-post-thumbnail","hentry","category-notizie","tag-informatore"],"amp_enabled":true,"_links":{"self":[{"href":"https:\/\/www.fedaiisf.it\/en\/wp-json\/wp\/v2\/posts\/29678","targetHints":{"allow":["GET"]}}],"collection":[{"href":"https:\/\/www.fedaiisf.it\/en\/wp-json\/wp\/v2\/posts"}],"about":[{"href":"https:\/\/www.fedaiisf.it\/en\/wp-json\/wp\/v2\/types\/post"}],"author":[{"embeddable":true,"href":"https:\/\/www.fedaiisf.it\/en\/wp-json\/wp\/v2\/users\/4"}],"replies":[{"embeddable":true,"href":"https:\/\/www.fedaiisf.it\/en\/wp-json\/wp\/v2\/comments?post=29678"}],"version-history":[{"count":0,"href":"https:\/\/www.fedaiisf.it\/en\/wp-json\/wp\/v2\/posts\/29678\/revisions"}],"wp:featuredmedia":[{"embeddable":true,"href":"https:\/\/www.fedaiisf.it\/en\/wp-json\/wp\/v2\/media\/29681"}],"wp:attachment":[{"href":"https:\/\/www.fedaiisf.it\/en\/wp-json\/wp\/v2\/media?parent=29678"}],"wp:term":[{"taxonomy":"category","embeddable":true,"href":"https:\/\/www.fedaiisf.it\/en\/wp-json\/wp\/v2\/categories?post=29678"},{"taxonomy":"post_tag","embeddable":true,"href":"https:\/\/www.fedaiisf.it\/en\/wp-json\/wp\/v2\/tags?post=29678"}],"curies":[{"name":"wp","href":"https:\/\/api.w.org\/{rel}","templated":true}]}}