{"id":2977,"date":"2014-09-02T11:53:23","date_gmt":"2014-09-02T09:53:23","guid":{"rendered":"http:\/\/www.fedaiisf.it\/?p=2977"},"modified":"2014-09-02T12:03:47","modified_gmt":"2014-09-02T10:03:47","slug":"autunno-fitto-scadenze-per-sanita-dai-ticket-alle-aft-aggregazioni-funzionali-territoriali","status":"publish","type":"post","link":"https:\/\/www.fedaiisf.it\/en\/autunno-fitto-scadenze-per-sanita-dai-ticket-alle-aft-aggregazioni-funzionali-territoriali\/","title":{"rendered":"Autumn full of deadlines for healthcare, from tickets to Aft (territorial functional aggregations)"},"content":{"rendered":"<p>Sono tante le scadenze gi\u00e0 calendarizzate a cui \u00e8 chiamata la sanit\u00e0, molte delle quali derivano dal <a href=\"http:\/\/www.regioni.it\/it\/show-2539\/newsletter.php?id=2032&amp;art=12784\" target=\"_blank\" rel=\"noopener\"><span style=\"color: #0000ff;\"><strong>Patto della Salute<\/strong><\/span><\/a> sottoscritto a luglio da Governo e Regioni. Tra queste per esempio la revisione della compartecipazione alla spesa sanitaria, prevista entro il 30 novembre, che dovr\u00e0 tenere conto del reddito e della composizione del nucleo famigliare. Poi c&#8217;\u00e8 l&#8217;assistenza territoriale, con le <a href=\"http:\/\/www.esanitanews.it\/?p=640\" target=\"_blank\" rel=\"noopener\"><span style=\"color: #0000ff;\"><strong>Unit\u00e0 complesse di cure primarie (Uccp) e Aggregazioni funzionali territoriali (Aft)<\/strong><\/span><\/a> richiamate nel Patto e su cui si dovr\u00e0 discutere anche in vista del rinnovo delle convenzioni di medici di medicina generale e pediatri che potrebbe avvenire entro la fine dell&#8217;anno. Scadenza a fine anno anche per l&#8217;aggiornamento dei Livelli essenziali di assistenza. E tra le altre misure previste nel patto che dovranno prendere forma nel prossimo periodo anche l&#8217;adozione di nuovi standard dell&#8217;assistenza ospedaliera e la riorganizzazione delle strutture private accreditate. Senza trascurare la proposta di riforma degli enti vigilati, l&#8217;<a href=\"http:\/\/www.agenziafarmaco.gov.it\/\" target=\"_blank\" rel=\"noopener\"><span style=\"color: #0000ff;\">Agenzia italiana del Farmaco (Aifa)<\/span><\/a> and the<a href=\"http:\/\/www.esanitanews.it\/?p=640\" target=\"_blank\" rel=\"noopener\"><span style=\"color: #0000ff;\">Agenzia nazionale per i servizi sanitari regionali (Agenas)<\/span><\/a> gi\u00e0 lanciata dal ministro della Salute, Beatrice Lorenzin. Inoltre il Ministero della Salute, d&#8217;intesa con la Conferenza Stato-Regioni, dovr\u00e0 anche emanare le linee guida sull&#8217;assistenza sanitaria all&#8217;estero, che, tra le altre misure, dovr\u00e0 rendere operativa la ricetta transfrontaliera.<\/p>\n<p>Frances Giani<\/p>\n<p><i>Marted\u00ec, 02 Settembre 2014 \u2013 Farmacista33<\/i><\/p>\n<h2><span style=\"color: #ff0000;\"><img loading=\"lazy\" decoding=\"async\" class=\"alignleft\" alt=\"\" src=\"http:\/\/www.medpress.it\/news\/img\/img_articoli\/img_0648.jpg\" width=\"180\" height=\"250\" \/>Testa (Snami) stronca l&#8217;agenda del Patto salute: \u201cLa convenzione? Non l&#8221;avremo quest&#8221;inverno\u00bb<\/span><\/h2>\n<p>Quattro, cinque mesi per cambiare volto alla Sanit\u00e0: la tabella di marcia del Patto Salute firmato a luglio prevede che gi\u00e0 questo mese il governo dia nuovi poteri all&#8221;Agenzia del Farmaco-Aifa e all&#8221;Agenzia nazionale per i servizi sanitari regionali-Agenas, protagoniste dei tavoli principali dell&#8217;intesa governo-regioni. A ottobre sar\u00e0 disegnata la legge delega per valorizzare il personale Ssn e usciranno le linee guida per autorizzare l&#8221;assistenza fruita dai pazienti italiani in altri paesi Ue in base alla <a href=\"http:\/\/www.sanita.ilsole24ore.com\/art\/in-europa-e-dal-mondo\/2013-07-09\/cure-transfrontaliere-conto-rovescia-150831.php?uuid=AbaidiCI\" target=\"_blank\" rel=\"noopener\"><span style=\"color: #0000ff;\">direttiva 24\/2011<\/span><\/a>. Entro novembre un tavolo ad hoc dovrebbe rivedere ticket e criteri per le esenzioni pur mantenendo il gettito di 3 miliardi di euro oggi introitato dal Ssn. Entro dicembre si rivedranno le prestazioni ricomprese nei Livelli essenziali di assistenza (Lea): intanto arriveranno i nuovi standard organizzativi ospedalieri. Infine, ai primi del 2015, toccher\u00e0 alla convenzione di medici di famiglia, pediatri e specialisti Asl, e forse all&#8217;accordo nazionale per le farmacie.?Intanto, mentre i progetti di legge per delimitare la colpa medica sono fermi, da Ferragosto tutti i medici tranne i dipendenti Ssn devono avere un&#8217;assicurazione Rc per far fronte ad eventuali\u00a0 richieste risarcitorie dei pazienti. \u00abE&#8217; un tabellino di marcia poco realistico, e la Convenzione \u00e8 pi\u00f9 probabile si firmi a inizio 2016 che a gennaio 2015\u00bb, dice Angelo Testa (foto)presidente del sindacato Snami. \u00abSul fronte convenzione le premesse non sono positive; gi\u00e0 l&#8217;11\/9 i sindacati sono convocati dall&#8217;Agenzia Sisac, tutti insieme settore per settore; Snami (come Fimmg) aveva chiesto un tavolo separato per non disperdere idee importanti e rappresentative, ma non \u00e8 stato possibile. Inoltre nelle riunioni non \u00e8 previsto un ordine del giorno, si rischia di non avere le competenze giuste ai tavoli. In compenso la legge Balduzzi ci chiede di entrare, senza incentivi, in gruppi non scelti da noi. Per Snami \u00e8 un passo nel buio: il medico potr\u00e0 a seconda dei casi trovarsi motivato o demotivato dalla convivenza forzata. Parleremo di queste cose il 18 e 19\/9 agli stati generali Snami da cui uscir\u00e0 la nostra piattaforma dettagliata\u00bb. Sulla Rc medica: \u00abFerma restando la convenienza dei medici ad assicurarsi, bene avrebbe fatto il senatore Bianco, presidente Fnomceo, a mettere in discussione l&#8217;obbligo, o magari a convocare le compagnie per chiedere un ribasso dei premi per i mmg, che fanno spender poco la sanit\u00e0. L&#8217;occasione \u00e8 stata persa, e temo che i premi lieviteranno pure per noi. Vorr\u00e0 dire che, a fronte di costi pi\u00f9 alti, anche le richieste dei medici di famiglia si alzeranno\u00bb.<\/p>\n<p>Mauro Miserendino<\/p>\n<p><i>Marted\u00ec, 02 Settembre 2014 &#8211; Doctor33<\/i><\/p>\n<p>&nbsp;<\/p>\n<p><i>\u00a0<\/i><\/p>","protected":false},"excerpt":{"rendered":"<p>Sono tante le scadenze gi\u00e0 calendarizzate a cui \u00e8 chiamata la sanit\u00e0, molte delle quali derivano dal Patto della Salute sottoscritto a luglio da Governo e Regioni. Tra queste per esempio la revisione della compartecipazione alla spesa sanitaria, prevista entro il 30 novembre, che dovr\u00e0 tenere conto del reddito e della composizione del nucleo famigliare. &hellip;<\/p>","protected":false},"author":4,"featured_media":2981,"comment_status":"closed","ping_status":"closed","sticky":false,"template":"","format":"standard","meta":{"footnotes":""},"categories":[1],"tags":[41],"class_list":["post-2977","post","type-post","status-publish","format-standard","has-post-thumbnail","hentry","category-notizie","tag-leggisentenze"],"amp_enabled":true,"_links":{"self":[{"href":"https:\/\/www.fedaiisf.it\/en\/wp-json\/wp\/v2\/posts\/2977","targetHints":{"allow":["GET"]}}],"collection":[{"href":"https:\/\/www.fedaiisf.it\/en\/wp-json\/wp\/v2\/posts"}],"about":[{"href":"https:\/\/www.fedaiisf.it\/en\/wp-json\/wp\/v2\/types\/post"}],"author":[{"embeddable":true,"href":"https:\/\/www.fedaiisf.it\/en\/wp-json\/wp\/v2\/users\/4"}],"replies":[{"embeddable":true,"href":"https:\/\/www.fedaiisf.it\/en\/wp-json\/wp\/v2\/comments?post=2977"}],"version-history":[{"count":0,"href":"https:\/\/www.fedaiisf.it\/en\/wp-json\/wp\/v2\/posts\/2977\/revisions"}],"wp:featuredmedia":[{"embeddable":true,"href":"https:\/\/www.fedaiisf.it\/en\/wp-json\/wp\/v2\/media\/2981"}],"wp:attachment":[{"href":"https:\/\/www.fedaiisf.it\/en\/wp-json\/wp\/v2\/media?parent=2977"}],"wp:term":[{"taxonomy":"category","embeddable":true,"href":"https:\/\/www.fedaiisf.it\/en\/wp-json\/wp\/v2\/categories?post=2977"},{"taxonomy":"post_tag","embeddable":true,"href":"https:\/\/www.fedaiisf.it\/en\/wp-json\/wp\/v2\/tags?post=2977"}],"curies":[{"name":"wp","href":"https:\/\/api.w.org\/{rel}","templated":true}]}}