{"id":29940,"date":"2017-02-22T12:35:22","date_gmt":"2017-02-22T11:35:22","guid":{"rendered":"http:\/\/www.fedaiisf.it\/?p=29940"},"modified":"2017-03-03T21:51:32","modified_gmt":"2017-03-03T20:51:32","slug":"garante-privacy-vietati-controlli-indiscriminati-mail-smartphone-aziendali","status":"publish","type":"post","link":"https:\/\/www.fedaiisf.it\/en\/garante-privacy-vietati-controlli-indiscriminati-mail-smartphone-aziendali\/","title":{"rendered":"Garante Privacy: vietati i controlli indiscriminati su e-mail e smartphone aziendali"},"content":{"rendered":"<p>Il datore di lavoro non pu\u00f2 accedere in maniera indiscriminata alla posta elettronica o ai dati personali contenuti negli smartphone in dotazione al personale.<\/p>\n<p>\u00c8 un comportamento illecito. Lo ha ribadito il Garante della privacy vietando a una multinazionale l&#8217;ulteriore utilizzo dei dati personali trattati in violazione di legge [doc. web n. <a href=\"http:\/\/www.garanteprivacy.it\/garante\/doc.jsp?ID=5958296\" target=\"_blank\" rel=\"noopener\">5958296<\/a>]. La societ\u00e0 potr\u00e0 solo conservarli per la tutela dei diritti in sede giudiziaria.<\/p>\n<p><img decoding=\"async\" class=\"alignright\" src=\"http:\/\/www.garanteprivacy.it\/image\/image_gallery?uuid=eed90a3c-7493-494a-9dc5-4d875bb78161&amp;groupId=10160&amp;t=1487333093548\" \/>Nel disporre il divieto l&#8217;Autorit\u00e0 ha affermato che il datore di lavoro, pur avendo la facolt\u00e0 di verificare l&#8217;esatto adempimento della prestazione professionale ed il corretto utilizzo degli strumenti di lavoro da parte dei dipendenti, deve in ogni caso salvaguardarne la libert\u00e0 e la dignit\u00e0, attenendosi ai limiti previsti dalla normativa. La disciplina di settore in materia di controlli a distanza, inoltre, non consente di effettuare\u00a0 attivit\u00e0 idonee a realizzare, anche indirettamente, il controllo massivo, prolungato e indiscriminato dell&#8217;attivit\u00e0 del lavoratore.<\/p>\n<p>I lavoratori, poi, devono essere sempre informati in modo chiaro e dettagliato sulle modalit\u00e0 di utilizzo degli strumenti aziendali ed eventuali verifiche.<\/p>\n<p>La vicenda nasce dal reclamo di un dipendente che si era rivolto al Garante lamentando un illegittimo\u00a0 trattamento effettuato da una multinazionale, che avrebbe acquisito informazioni anche private contenute nella e-mail e nel telefono aziendale, sia durante il rapporto professionale sia dopo il suo licenziamento.<\/p>\n<p>Dai riscontri effettuati dall&#8217;Autorit\u00e0 sono effettivamente emerse numerose irregolarit\u00e0. La societ\u00e0, ad esempio, non aveva adeguatamente informato i lavoratori sulle modalit\u00e0 e finalit\u00e0 di utilizzo degli strumenti elettronici in dotazione, n\u00e9 su quelle relative al trattamento dei dati. Aveva poi configurato il sistema di posta elettronica in modo da conservare copia di tutta la corrispondenza per <img loading=\"lazy\" decoding=\"async\" class=\"alignleft\" src=\"http:\/\/protezionedatipersonali.it\/images\/portabilit%C3%A0-dati.jpg\" alt=\"Risultati immagini per garante per la protezione dei dati personali\" width=\"289\" height=\"193\" \/>ben dieci anni, un tempo non proporzionato allo scopo della raccolta. Esisteva anche una procedura che consentiva alla societ\u00e0 di accedere al contenuto dei messaggi che, in linea con la policy aziendale, potevano avere anche carattere privato. E&#8217; inoltre emerso che la societ\u00e0 continuava a mantenere attive le caselle e-mail fino a sei mesi dopo la cessazione del contratto, senza per\u00f2 dare agli ex dipendenti la possibilit\u00e0 di consultarle o, comunque, senza informare i mittenti che le lettere non sarebbero state visionate dai legittimi destinatari ma da altri soggetti.<\/p>\n<p>Nel corso dell&#8217;istruttoria \u00e8 stato accertato inoltre, che\u00a0 il titolare poteva accedere da remoto \u2013 non solo per attivit\u00e0 di manutenzione \u2013 alle informazioni contenute negli smartphone in dotazione ai dipendenti (anche privatissime e non attinenti allo svolgimento dell&#8217;attivit\u00e0 lavorativa), di copiarle o cancellarle, di comunicarle a terzi violando i principi di liceit\u00e0, necessit\u00e0, pertinenza e non eccedenza del trattamento.<\/p>\n<p>Il Garante ha disposto l&#8217;apertura di un autonomo\u00a0procedimento per verificare l&#8217;applicazione di eventuali sanzioni amministrative.<\/p>\n<p><span style=\"color: #004a70;\"><a href=\"http:\/\/www.garanteprivacy.it\/web\/guest\/home\/docweb\/-\/docweb-display\/docweb\/5989944\" target=\"_blank\" rel=\"noopener\"><span style=\"color: #0000ff;\">NEWSLETTER N. 424 del 17 febbraio 2017<\/span><\/a> &#8211;\u00a0<a class=\"logo\" title=\"Vai a Garante Privacy\" href=\"http:\/\/www.garanteprivacy.it\/web\/guest\" target=\"_blank\" rel=\"noopener\"><strong>Garante<\/strong> per la protezione dei dati personali<\/a><\/span><\/p>\n<p>Notizie correlate: <span style=\"color: #0000ff;\"><a style=\"color: #0000ff;\" href=\"http:\/\/www.fedaiisf.it\/licenziamento-datore-non-puo-usare-gps-prova\/\" target=\"_blank\">Licenziamento, il datore non pu\u00f2 usare il Gps come prova<\/a><\/span><\/p>\n<p><span style=\"color: #0000ff;\"><a style=\"color: #0000ff;\" href=\"http:\/\/www.fedaiisf.it\/cassazione-lecito-monitorare-col-gps-il-lavoratore-che-svolge-attivita-esterna\/\" target=\"_blank\">Cassazione. \u201cLecito monitorare col GPS il lavoratore che svolge attivit\u00e0 esterna\u201d<\/a><\/span><\/p>\n<p><span style=\"color: #0000ff;\"><a style=\"color: #0000ff;\" href=\"http:\/\/www.fedaiisf.it\/si-allimpiego-dello-007-per-scoprire-la-finta-malattia-del-lavoratore\/\" target=\"_blank\">S\u00ec all\u2019impiego dello 007 per scoprire la finta malattia del lavoratore<\/a><\/span><\/p>\n<p><span style=\"color: #0000ff;\"><a style=\"color: #0000ff;\" href=\"http:\/\/www.fedaiisf.it\/lavoratore-spiato-con-il-gps-confermato-il-licenziamento\/\" target=\"_blank\">Lavoratore spiato con il gps? Confermato il licenziamento<\/a><\/span><\/p>\n<p><span style=\"color: #0000ff;\"><a style=\"color: #0000ff;\" href=\"http:\/\/www.ilfattoquotidiano.it\/2015\/11\/11\/jobs-act-e-licenza-di-licenziare-quali-rimedi\/2207608\/\" target=\"_blank\" rel=\"noopener\">Jobs act e licenza di licenziare: quali rimedi?<\/a><\/span><\/p>\n<p><span style=\"color: #0000ff;\"><a style=\"color: #0000ff;\" href=\"http:\/\/www.ilfattoquotidiano.it\/2015\/11\/14\/jobs-act-ecco-i-primi-licenziati-a-tutele-crescenti-a-casa-dopo-otto-mesi-di-lavoro\/2217571\/\" target=\"_blank\" rel=\"noopener\">Jobs act, ecco i primi licenziati a tutele crescenti. A casa dopo otto mesi di lavoro<\/a><\/span><\/p>\n<p><span style=\"color: #0000ff;\"><a style=\"color: #0000ff;\" href=\"http:\/\/www.studiocataldi.it\/articoli\/18524-chattare-o-navigare-il-licenziamento-ai-tempi-di-internet-facebook-e-degli-altri-social-network.asp?utm_source=dlvr.it&amp;utm_medium=gplus\" target=\"_blank\" rel=\"noopener\">&#8220;Chattare&#8221; o &#8220;navigare&#8221;: il licenziamento ai tempi di internet, Facebook e degli altri social network.<\/a><\/span><\/p>\n<p><span style=\"color: #0000ff;\"><a style=\"color: #0000ff;\" href=\"http:\/\/www.studiocataldi.it\/articoli\/19379-jobs-act-i-nuovi-controlli-a-distanza-dei-lavoratori.asp\" target=\"_blank\" rel=\"noopener\">Jobs Act: i nuovi controlli a distanza dei lavoratori<\/a><\/span><\/p>\n<p><span style=\"color: #0000ff;\"><a style=\"color: #0000ff;\" href=\"http:\/\/www.studiocataldi.it\/articoli\/19567-jobs-act-lavoratori-controllati-e-spiati-ma-nel-rispetto-della-privacy-ecco-le-nuove-regole.asp\" target=\"_blank\" rel=\"noopener\">Jobs Act: lavoratori controllati e spiati ma nel \u201crispetto della privacy\u201d. Ecco le nuove regole<\/a><\/span><\/p>\n","protected":false},"excerpt":{"rendered":"<p>Il datore di lavoro non pu\u00f2 accedere in maniera indiscriminata alla posta elettronica o ai dati personali contenuti negli smartphone in dotazione al personale. \u00c8 un comportamento illecito. Lo ha ribadito il Garante della privacy vietando a una multinazionale l&#8217;ulteriore utilizzo dei dati personali trattati in violazione di legge [doc. web n. 5958296]. La societ\u00e0 &hellip;<\/p>\n","protected":false},"author":4,"featured_media":29943,"comment_status":"closed","ping_status":"closed","sticky":false,"template":"","format":"standard","meta":{"footnotes":""},"categories":[16],"tags":[41],"class_list":["post-29940","post","type-post","status-publish","format-standard","has-post-thumbnail","hentry","category-primo-piano","tag-leggisentenze"],"amp_enabled":true,"_links":{"self":[{"href":"https:\/\/www.fedaiisf.it\/en\/wp-json\/wp\/v2\/posts\/29940","targetHints":{"allow":["GET"]}}],"collection":[{"href":"https:\/\/www.fedaiisf.it\/en\/wp-json\/wp\/v2\/posts"}],"about":[{"href":"https:\/\/www.fedaiisf.it\/en\/wp-json\/wp\/v2\/types\/post"}],"author":[{"embeddable":true,"href":"https:\/\/www.fedaiisf.it\/en\/wp-json\/wp\/v2\/users\/4"}],"replies":[{"embeddable":true,"href":"https:\/\/www.fedaiisf.it\/en\/wp-json\/wp\/v2\/comments?post=29940"}],"version-history":[{"count":0,"href":"https:\/\/www.fedaiisf.it\/en\/wp-json\/wp\/v2\/posts\/29940\/revisions"}],"wp:featuredmedia":[{"embeddable":true,"href":"https:\/\/www.fedaiisf.it\/en\/wp-json\/wp\/v2\/media\/29943"}],"wp:attachment":[{"href":"https:\/\/www.fedaiisf.it\/en\/wp-json\/wp\/v2\/media?parent=29940"}],"wp:term":[{"taxonomy":"category","embeddable":true,"href":"https:\/\/www.fedaiisf.it\/en\/wp-json\/wp\/v2\/categories?post=29940"},{"taxonomy":"post_tag","embeddable":true,"href":"https:\/\/www.fedaiisf.it\/en\/wp-json\/wp\/v2\/tags?post=29940"}],"curies":[{"name":"wp","href":"https:\/\/api.w.org\/{rel}","templated":true}]}}