{"id":30030,"date":"2017-03-01T13:11:09","date_gmt":"2017-03-01T12:11:09","guid":{"rendered":"http:\/\/www.fedaiisf.it\/?p=30030"},"modified":"2017-03-13T12:43:35","modified_gmt":"2017-03-13T11:43:35","slug":"emilia-romagna-lega-nord-chiede-lassessore-alla-salute-relazioni-sulla-indirizzi-direttive-materia-dinformazione-scientifica-regione","status":"publish","type":"post","link":"https:\/\/www.fedaiisf.it\/en\/emilia-romagna-lega-nord-chiede-lassessore-alla-salute-relazioni-sulla-indirizzi-direttive-materia-dinformazione-scientifica-regione\/","title":{"rendered":"Emilia Romagna. Lega Nord requests that the councilor for health reports on the &quot;Guidelines and directives on scientific information in the Region&quot;"},"content":{"rendered":"<p><em>Anche la Lega Nord, dopo l&#8217;interrogazione del consigliere Bignami, chiede delucidazioni sulla delibera della Giunta regionale dell&#8217;Emilia-Romana in merito all&#8217;informazione scientifica. Riportiamo il testo della lettera di richiesta.<\/em><\/p>\n<p style=\"text-align: center;\">_______________________________________________________________<\/p>\n<p style=\"text-align: right;\">Bologna 28 febbraio 2017<\/p>\n<p style=\"text-align: right;\"><strong>Alla Presidente dell&#8217;Assemblea Legislativa della regione Emilia-Romagna<\/strong><\/p>\n<p style=\"text-align: right;\"><strong>Al Presidente della Commissione IV Politiche per la salute, Politiche sociali<\/strong><\/p>\n<p><strong><img decoding=\"async\" class=\"alignright\" src=\"http:\/\/www.fimmgroma.org\/images\/stories\/IMMAGINI4\/venturi.jpg\" alt=\"Risultati immagini per commissione politiche per la salute emilia-romagna\" \/>Oggetto: Richiesta Convocazione Commissione IV e audizione Assessore Sergio Venturi e sigle sindacali in merito al DGR 2309\/2016<\/strong><\/p>\n<p>Con la presente siamo a richiedere che l&#8217;Assessore <strong>Venturi<\/strong> venga a relazionare la delibera di Giunta 2309\/2016 &#8220;INDIRIZZI E DIRETTIVE IN MATERIA DI INFORMAZIONE SCIENTIFICA SUL FARMACO NELL&#8217;AMBITO DEL SERVIZIO SANITARIO REGIONALE&#8221;.<\/p>\n<p>Chiediamo che vengano convocate anche le sigle sindacali per poter approfondire gli argomenti trattati dalla stessa delibera.<\/p>\n<p>Daniel Marchetti<\/p>\n<p>Alan Fabbri<\/p>\n<p>Gabriele Delmonte<\/p>\n<p><span style=\"color: #0000ff;\"><a style=\"color: #0000ff;\" href=\"http:\/\/www.fedaiisf.it\/wp-content\/uploads\/2017\/03\/Richiesta-Lega-Nord-convocazione-e-audizione-Ass-Venturi-e-sigle-sindacali-su-DGR-2309-2016.pdf.pdf\" target=\"_blank\">Lega Nord request for convocation and hearing of Ass Venturi and union initials on DGR 2309 2016.pdf<\/a><\/span><\/p>\n<p>Related news:\u00a0<span style=\"color: #0000ff;\"><a style=\"color: #0000ff;\" href=\"http:\/\/www.fedaiisf.it\/wp-content\/uploads\/2014\/05\/Emilia-Romagna.dgr-2309-2016.pdf\" target=\"_blank\">Emilia-Romagna.dgr-2309-2016<\/a><\/span><\/p>\n<p style=\"text-align: center;\">_____________________________________________________________<\/p>\n<p style=\"text-align: left;\"><em>Nel frattempo ci giunge voce che i ginecologi dei consultori dell&#8217;Area Vasta dell&#8217;Emilia-Romagna hanno deciso di non ricevere pi\u00f9 gli Informatori Scientifici del Farmaco durante il servizio di erogazione delle prestazioni specialistiche. <\/em><\/p>\n<p style=\"text-align: left;\"><em>Si ricorda che l\u2019attivit\u00e0 d\u2019informazione scientifica \u00e8 regolamentata dal D.Lgs. 219\/06 e quindi \u00e8 perfettamente legale, per cui pu\u00f2 essere regolamentata ma non impedita, altrimenti si viola la legge nazionale, con tutto ci\u00f2 che ne pu\u00f2 conseguire,<\/em><\/p>\n<p>Notizie correlate: Galeazzo Bignami. <span style=\"color: #0000ff;\"><a style=\"color: #0000ff;\" href=\"http:\/\/wwwservizi.regione.emilia-romagna.it\/oggetti\/doc\/X\/OGAL2017006519.pdf\" target=\"_blank\" rel=\"noopener\">Written question - Original text<\/a><\/span><\/p>\n<p><span style=\"color: #0000ff;\"><a style=\"color: #0000ff;\" href=\"http:\/\/www.fedaiisf.it\/en\/fimmg-emilia-romagna-delibera-poliziesca-sullinformazione-scientifica-le-attivita-studio-non-cambiano\/\" target=\"_blank\">Fimmg Emilia-Romagna. Police resolution on scientific information. Study activities don&#039;t change!<\/a><\/span><\/p>\n<p><span style=\"color: #0000ff;\"><a style=\"color: #0000ff;\" href=\"http:\/\/bologna.fimmg.org\/wp\/wp-content\/uploads\/informazione-scientifica_rer_2017.pdf\" target=\"_blank\" rel=\"noopener\">Fimmg. Reflections on regional resolution 2309\/2016<\/a><\/span><\/p>\n<p><span style=\"color: #0000ff;\"><a style=\"color: #0000ff;\" href=\"http:\/\/www.fedaiisf.it\/en\/cardinali-filctem-inacettabile-regolamento-isf-emilia-romagna\/\" target=\"_blank\">For Cardinali (Filctem) the Emilia-Romagna ISF Regulation is unacceptable<\/a><\/span><\/p>\n<p><span style=\"color: #0000ff;\"><a style=\"color: #0000ff;\" href=\"http:\/\/www.fedaiisf.it\/en\/la-regione-emilia-romagna-sorpresa-emana-regolamento-sullattivita-dinformazione-scientifica\/\">Surprisingly, the Emilia-Romagna Region issues the &quot;Regulation on scientific information activities&quot;. The Region makes the Register of ISF<\/a><\/span><\/p>\n<p><span style=\"color: #0000ff;\"><a style=\"color: #0000ff;\" href=\"http:\/\/www.fedaiisf.it\/en\/leggi-e-normative-vigenti\/\" target=\"_blank\">\u00a0Regional Laws and Regulations<\/a><\/span><\/p>","protected":false},"excerpt":{"rendered":"<p>Anche la Lega Nord, dopo l&#8217;interrogazione del consigliere Bignami, chiede delucidazioni sulla delibera della Giunta regionale dell&#8217;Emilia-Romana in merito all&#8217;informazione scientifica. Riportiamo il testo della lettera di richiesta. _______________________________________________________________ Bologna 28 febbraio 2017 Alla Presidente dell&#8217;Assemblea Legislativa della regione Emilia-Romagna Al Presidente della Commissione IV Politiche per la salute, Politiche sociali Oggetto: Richiesta Convocazione Commissione &hellip;<\/p>","protected":false},"author":4,"featured_media":30033,"comment_status":"closed","ping_status":"closed","sticky":false,"template":"","format":"standard","meta":{"footnotes":""},"categories":[16],"tags":[21,41],"class_list":["post-30030","post","type-post","status-publish","format-standard","has-post-thumbnail","hentry","category-primo-piano","tag-informatori-scientifici","tag-leggisentenze"],"amp_enabled":true,"_links":{"self":[{"href":"https:\/\/www.fedaiisf.it\/en\/wp-json\/wp\/v2\/posts\/30030","targetHints":{"allow":["GET"]}}],"collection":[{"href":"https:\/\/www.fedaiisf.it\/en\/wp-json\/wp\/v2\/posts"}],"about":[{"href":"https:\/\/www.fedaiisf.it\/en\/wp-json\/wp\/v2\/types\/post"}],"author":[{"embeddable":true,"href":"https:\/\/www.fedaiisf.it\/en\/wp-json\/wp\/v2\/users\/4"}],"replies":[{"embeddable":true,"href":"https:\/\/www.fedaiisf.it\/en\/wp-json\/wp\/v2\/comments?post=30030"}],"version-history":[{"count":0,"href":"https:\/\/www.fedaiisf.it\/en\/wp-json\/wp\/v2\/posts\/30030\/revisions"}],"wp:featuredmedia":[{"embeddable":true,"href":"https:\/\/www.fedaiisf.it\/en\/wp-json\/wp\/v2\/media\/30033"}],"wp:attachment":[{"href":"https:\/\/www.fedaiisf.it\/en\/wp-json\/wp\/v2\/media?parent=30030"}],"wp:term":[{"taxonomy":"category","embeddable":true,"href":"https:\/\/www.fedaiisf.it\/en\/wp-json\/wp\/v2\/categories?post=30030"},{"taxonomy":"post_tag","embeddable":true,"href":"https:\/\/www.fedaiisf.it\/en\/wp-json\/wp\/v2\/tags?post=30030"}],"curies":[{"name":"wp","href":"https:\/\/api.w.org\/{rel}","templated":true}]}}