{"id":30221,"date":"2017-03-13T10:59:59","date_gmt":"2017-03-13T09:59:59","guid":{"rendered":"http:\/\/www.fedaiisf.it\/?p=30221"},"modified":"2017-03-14T12:25:48","modified_gmt":"2017-03-14T11:25:48","slug":"aifa-nella-corsa-tre-alla-presidenza-irrompe-nodo-del-conflitto-interessi","status":"publish","type":"post","link":"https:\/\/www.fedaiisf.it\/en\/aifa-nella-corsa-tre-alla-presidenza-irrompe-nodo-del-conflitto-interessi\/","title":{"rendered":"Aifa, in the three-way race for the presidency the crux of the conflict of interest breaks through"},"content":{"rendered":"<p>Roma, 13 marzo \u2013 Nella partita per la presidenza\u00a0 dell\u2019Agenzia italiana del farmaco, ormai giunta alle battute finali, \u00a0irrompe il nodo del conflitto di interessi, problema emerso gi\u00e0 nello scorso mese di novembre, quando tra i \u201cpapabili\u201d per l\u2019importante carica inizi\u00f2 a circolare il nome di <strong>Giuseppe Remuzzi<\/strong> <em>(in the picture),<\/em> nefrologo di chiarissima fama, direttore del Dipartimento di Medicina dell\u2019Azienda ospedaliera Papa Giovanni XXIII (ex Ospedali Riuniti) di Bergamo e\u00a0 coordinatore delle ricerche del Centro di ricerche cliniche per le malattie rare dell\u2019Istituto Mario Negri.<\/p>\n<p>Remuzzi \u00e8 \u2013 insieme a <strong>Carlo Gaudio<\/strong> And <strong>Stephen Vella<\/strong> \u2013 nel tris di nomi appena ufficializzati dai governatori delle Regioni in una lettera inviata al ministro della Salute <strong>Beatrice Lorenzin<\/strong> (cfr. <strong><a href=\"http:\/\/www.rifday.it\/2017\/03\/10\/presidenza-aifa-remuzzi-vella-gaudio-candidati-delle-regioni\/\" target=\"_blank\" rel=\"noopener\">RIFday del 10 marzo<\/a><\/strong>)<\/p>\n<p><img loading=\"lazy\" decoding=\"async\" class=\"alignright\" src=\"http:\/\/www.bergamonews.it\/photogallery_new\/images\/2012\/12\/giuseppe-remuzzi-434029.660x368.jpg\" alt=\"Risultati immagini per giuseppe remuzzi nefrologo\" width=\"416\" height=\"232\" \/>Ma nei mesi scorsi \u2013 lo ricorda un lancio dell\u2019agenzia Adn Kronos \u2013 non erano mancate polemiche proprio su Remuzzi, per un possibile conflitto d\u2019interessi. Il Mario Negri, infatti, che fa ricerca farmacologica, \u00e8 un istituto privato che vive di finanziamenti e ha tra gli sponsor numerose aziende farmaceutiche, ancorch\u00e9 nel rispetto di un sistema di regole molto attento e trasparente. Ma per ogni tipo di\u00a0 collaborazione con l\u2019Aifa occorre firmare una <em>\u201cdichiarazione pubblica di interessi e impegno alla riservatezza\u201d<\/em>, in cui si \u00e8 tenuti a dichiarare tutti gli interessi diretti o indiretti nell\u2019industria farmaceutica attuali, nei precedenti 2 anni, da 2-5 anni prima e oltre 5 anni.<\/p>\n<p>Inoltre si deve dichiarare di non trovarsi in una condizione di inconferibilit\u00e0 e incompatibilit\u00e0 (di cui al decreto\u00a0 legislativo 8 aprile 2013 n. 39). La norma (art. 4) prevede una inconferibilit\u00e0 di incarichi a chi, nei due anni precedenti, abbia ricoperto cariche in enti di diritto privato o finanziati dall\u2019amministrazione o dall\u2019ente pubblico che conferisce l\u2019incarico.<\/p>\n<p>Inoltre Remuzzi, nato nel 1949, a fronte di un mandato di 5 anni finirebbe per superare il limite previsto dalla Legge Madia sugli incarichi nella pubblica amministrazione.<\/p>\n<p><img loading=\"lazy\" decoding=\"async\" class=\"alignleft\" src=\"http:\/\/www.bergamonews.it\/photogallery_new\/images\/2014\/10\/l-istituto-di-ricerche-farmacologiche-mario-negri-di-milano-491584.660x368.jpg\" alt=\"Risultati immagini per istituto mario negri\" width=\"337\" height=\"188\" \/>Infine c\u2019\u00e8 la questione, evidenziata gi\u00e0 dalla\u00a0 stampa nei mesi scorsi, di una \u201cvecchia\u201d consulenza resa per la stessa Agenzia che Remuzzi non avrebbe potuto svolgere, stando almeno al regolamento Aifa. La vicenda si colloca tra la fine del 2015 e la primavera del 2016: all\u2019epoca, Remuzzi non faceva parte della banca dati dei consulenti esterni Aifa, ma gli venne comunque affidato un incarico di consulenza, \u00a0mentre, a termine di regolamento, l\u2019Aifa pu\u00f2 avvalersi di esperti esterni di comprovata e documentata esperienza, individuati nell\u2019ambito della banca dati dei consulenti Aifa.<\/p>\n<p>Se e quanto questi rilievi possano essere d\u2019ostacolo alla nomina di Remuzzi (che, ancorch\u00e9 non indicato unanimemente, \u00e8 il nome che gode di un numero maggiore di consensi rispetto a Vella e Gaudio), lo si vedr\u00e0 molto presto.<\/p>\n<p><a href=\"http:\/\/www.rifday.it\/2017\/03\/13\/aifa-nella-corsa-tre-alla-presidenza-irrompe-nodo-del-conflitto-interessi\/\" target=\"_blank\" rel=\"noopener\"><span style=\"color: #0000ff;\"><span class=\"meta_author vcard author\"><span class=\"fn\">RIFday<\/span><\/span> <span class=\"meta_date updated\">&#8211; marzo 13, 2017<\/span><\/span><\/a><\/p>\n<p>Related news:\u00a0<a href=\"https:\/\/www.federfarma.it\/Edicola\/FiloDiretto\/Filodiretto\/marzo2017\/14-03-2017-00-24-17.aspx\" target=\"_blank\" rel=\"noopener\"><span style=\"color: #0000ff;\">Presidenza Aifa, Garavaglia: politica non si intrometta<\/span><\/a><\/p>","protected":false},"excerpt":{"rendered":"<p>Roma, 13 marzo \u2013 Nella partita per la presidenza\u00a0 dell\u2019Agenzia italiana del farmaco, ormai giunta alle battute finali, \u00a0irrompe il nodo del conflitto di interessi, problema emerso gi\u00e0 nello scorso mese di novembre, quando tra i \u201cpapabili\u201d per l\u2019importante carica inizi\u00f2 a circolare il nome di Giuseppe Remuzzi (nella foto), nefrologo di chiarissima fama, direttore &hellip;<\/p>","protected":false},"author":4,"featured_media":6554,"comment_status":"closed","ping_status":"closed","sticky":false,"template":"","format":"standard","meta":{"footnotes":""},"categories":[1],"tags":[49],"class_list":["post-30221","post","type-post","status-publish","format-standard","has-post-thumbnail","hentry","category-notizie","tag-aifa"],"amp_enabled":true,"_links":{"self":[{"href":"https:\/\/www.fedaiisf.it\/en\/wp-json\/wp\/v2\/posts\/30221","targetHints":{"allow":["GET"]}}],"collection":[{"href":"https:\/\/www.fedaiisf.it\/en\/wp-json\/wp\/v2\/posts"}],"about":[{"href":"https:\/\/www.fedaiisf.it\/en\/wp-json\/wp\/v2\/types\/post"}],"author":[{"embeddable":true,"href":"https:\/\/www.fedaiisf.it\/en\/wp-json\/wp\/v2\/users\/4"}],"replies":[{"embeddable":true,"href":"https:\/\/www.fedaiisf.it\/en\/wp-json\/wp\/v2\/comments?post=30221"}],"version-history":[{"count":0,"href":"https:\/\/www.fedaiisf.it\/en\/wp-json\/wp\/v2\/posts\/30221\/revisions"}],"wp:featuredmedia":[{"embeddable":true,"href":"https:\/\/www.fedaiisf.it\/en\/wp-json\/wp\/v2\/media\/6554"}],"wp:attachment":[{"href":"https:\/\/www.fedaiisf.it\/en\/wp-json\/wp\/v2\/media?parent=30221"}],"wp:term":[{"taxonomy":"category","embeddable":true,"href":"https:\/\/www.fedaiisf.it\/en\/wp-json\/wp\/v2\/categories?post=30221"},{"taxonomy":"post_tag","embeddable":true,"href":"https:\/\/www.fedaiisf.it\/en\/wp-json\/wp\/v2\/tags?post=30221"}],"curies":[{"name":"wp","href":"https:\/\/api.w.org\/{rel}","templated":true}]}}