{"id":30223,"date":"2017-03-13T11:26:41","date_gmt":"2017-03-13T10:26:41","guid":{"rendered":"http:\/\/www.fedaiisf.it\/?p=30223"},"modified":"2017-03-23T12:41:09","modified_gmt":"2017-03-23T11:41:09","slug":"istat-produzione-industriale-prodotti-farmaceutici-127","status":"publish","type":"post","link":"https:\/\/www.fedaiisf.it\/en\/istat-produzione-industriale-prodotti-farmaceutici-127\/","title":{"rendered":"ISTAT. In January industrial production of pharmaceutical products +12.7%"},"content":{"rendered":"<p>A gennaio 2017 l&#8217;indice destagionalizzato della produzione industriale diminuisce, rispetto a dicembre 2016, del 2,3%. Nella media del trimestre novembre-gennaio l&#8217;indice aumenta dello 0,5% rispetto al trimestre immediatamente precedente.<\/p>\n<p><img loading=\"lazy\" decoding=\"async\" class=\"alignright\" src=\"http:\/\/www.intelligonews.it\/Images\/49430\/880x587\/q_70\/align_4\/istat.jpg.aspx\" alt=\"Risultati immagini per istat\" width=\"324\" height=\"216\" \/>Corretto per gli effetti di calendario, a gennaio l&#8217;indice diminuisce in termini tendenziali dello 0,5% (i giorni lavorativi sono stati 21 contro i 19 di gennaio 2016).<\/p>\n<p>L&#8217;indice destagionalizzato mensile presenta una sola variazione congiunturale positiva nel comparto dell&#8217;energia (+3,1%); diminuiscono invece i beni strumentali (-5,3%), i beni intermedi (-3,4%) e i beni di consumo (-1,6%).<\/p>\n<p>In termini tendenziali gli indici corretti per gli effetti di calendario registrano, a gennaio 2017, un aumento marcato nel comparto dell&#8217;energia (+14,4%); diminuzioni segnano invece i beni strumentali (-6,2%) e, in misura pi\u00f9 lieve, i beni di consumo (-1,9%) e i beni intermedi (-1,4%).<\/p>\n<p>Per quanto riguarda i settori di attivit\u00e0 economica, a gennaio 2017 i comparti che registrano la maggiore crescita tendenziale sono quelli della fornitura di energia elettrica, gas, vapore e aria (+17,1%), della <strong>produzione di prodotti farmaceutici di base e preparati farmaceutici (+12,7%)<\/strong> e della fabbricazione di prodotti chimici (+2,1%). Le diminuzioni maggiori si registrano nei comparti delle altre industrie manifatturiere, riparazione e installazione di macchine ed apparecchiature (-9,5%), dell&#8217;industria del legno, della carta e stampa (-8,5%) e dell&#8217;attivit\u00e0 estrattiva (-5,9%).<\/p>\n<p><a class=\"gsa_track\" href=\"http:\/\/www.istat.it\/it\/files\/2017\/03\/IPI0117.pdf?title=Produzione+industriale+-+13%2Fmar%2F2017+-+Testo+integrale+e+nota+metodologica.pdf\" target=\"_blank\" rel=\"noopener\">Full text and methodological note<\/a><\/p>\n<p><a href=\"http:\/\/www.istat.it\/it\/archivio\/197841\" target=\"_blank\" rel=\"noopener\"><span style=\"color: #0000ff;\">ISTAT &#8211;\u00a013 marzo 2017<\/span><\/a><\/p>\n<h3 style=\"text-align: center;\"><span style=\"color: #ff0000;\">INDUSTRIAL PRODUCTION <\/span><\/h3>\n<h4 style=\"text-align: center;\">Production of basic pharmaceutical products and pharmaceutical preparations<\/h4>\n<p><strong>Seasonally adjusted data<\/strong><\/p>\n<p>Gen 17 \/Dic 16:\u00a0<span style=\"color: #ff0000;\"><strong>+7,4<\/strong>\u00a0<\/span><\/p>\n<p>Nov 16-Gen 17 \/Ago16-Ott 16:\u00a0<span style=\"color: #ff0000;\"><strong>+0,5<\/strong><\/span><\/p>\n<p><strong>Data corrected for calendar effects<\/strong><\/p>\n<p>Gen 17 \/Gen 16:\u00a0<span style=\"color: #ff0000;\"><strong>+12,7<\/strong><\/span><\/p>\n<h2 class=\"Title\" style=\"text-align: center;\"><span style=\"color: #ff0000;\">Mercato farmacia, QuintilesIms: a gennaio +4% grazie alla stagionalit\u00e0<\/span><\/h2>\n<p><strong><img decoding=\"async\" class=\"alignleft\" src=\"https:\/\/www.federfarma.it\/getattachment\/7879677c-691f-4d89-b466-af97c309a5c4\/11-03-2017-02-35-32.aspx?maxsidesize=112\" \/>Il mercato della farmacia comincia il 2017 con numeri<\/strong> di tutto rispetto, grazie a una stagionalit\u00e0 che per\u00f2 ha gi\u00e0 oltrepassato la vetta e sta scollinando. E\u2019 la fotografia che arriva dalle ultime rilevazioni di QuintilesIms, condotte sul suo campione continuativo e certificato di 8mila farmacie: a gennaio il canale ha fatto registrare un +4% rispetto allo stesso mese dell\u2019anno precedente, toccando cos\u00ec un fatturato di circa 2,15 miliardi di euro; mostrano il segno pi\u00f9 quasi tutti i macrosegmenti del mercato: l\u2019etico cresce del 5% (1,3miliardi), l\u2019Otc di quasi l\u201911% (520 milioni), il comparto igiene e bellezza dell\u20191,7% (151 milioni) e il nutrizionale dell\u20191,6% (32 milioni). Mostra un segno meno, invece, il settore del parafarmaco, che arretra del 18,2% per fermarsi a 155 milioni.<\/p>\n<p><strong>Attenzione per\u00f2 a evitare facili entusiasmi<\/strong>: i dati d\u2019inizio anno disegnano l\u2019immagine di una farmacia che inizia con slancio il 2017 se il raffronto \u00e8 sui dodici mesi; se invece l\u2019analisi \u00e8 mese su mese emerge un quadro ben diverso, con un gennaio che fa -3,8% rispetto a dicembre 2016. La causa va cercata principalmente nella stagionalit\u00e0, che ha reso l\u2019ultimo mese del 2016 il migliore per il mercato della farmacia da un anno e mezzo a questa parte. L\u2019arretramento di gennaio nel raffronto mese su mese, dunque, dimostra che la stagionalit\u00e0 ha si \u00e8 lasciata dietro una \u201ccoda\u201d ancora ancora consistente a gennaio, ma la fase calante \u00e8 gi\u00e0 cominciata. I mesi che fanno da ponte tra inverno e primavera diranno con maggiore chiarezza che anno sar\u00e0 questo per le farmacie.<\/p>\n<p>(<a href=\"https:\/\/www.federfarma.it\/Edicola\/FiloDiretto\/Filodiretto\/marzo2017\/11-03-2017-02-35-32.aspx\" target=\"_blank\" rel=\"noopener\"><span style=\"color: #0000ff;\">AS &#8211; Federfarma &#8211; 11\/03\/2017<\/span><\/a>)<\/p>","protected":false},"excerpt":{"rendered":"<p>A gennaio 2017 l&#8217;indice destagionalizzato della produzione industriale diminuisce, rispetto a dicembre 2016, del 2,3%. Nella media del trimestre novembre-gennaio l&#8217;indice aumenta dello 0,5% rispetto al trimestre immediatamente precedente. Corretto per gli effetti di calendario, a gennaio l&#8217;indice diminuisce in termini tendenziali dello 0,5% (i giorni lavorativi sono stati 21 contro i 19 di gennaio &hellip;<\/p>","protected":false},"author":4,"featured_media":30226,"comment_status":"closed","ping_status":"closed","sticky":false,"template":"","format":"standard","meta":{"footnotes":""},"categories":[1],"tags":[42],"class_list":["post-30223","post","type-post","status-publish","format-standard","has-post-thumbnail","hentry","category-notizie","tag-istat"],"amp_enabled":true,"_links":{"self":[{"href":"https:\/\/www.fedaiisf.it\/en\/wp-json\/wp\/v2\/posts\/30223","targetHints":{"allow":["GET"]}}],"collection":[{"href":"https:\/\/www.fedaiisf.it\/en\/wp-json\/wp\/v2\/posts"}],"about":[{"href":"https:\/\/www.fedaiisf.it\/en\/wp-json\/wp\/v2\/types\/post"}],"author":[{"embeddable":true,"href":"https:\/\/www.fedaiisf.it\/en\/wp-json\/wp\/v2\/users\/4"}],"replies":[{"embeddable":true,"href":"https:\/\/www.fedaiisf.it\/en\/wp-json\/wp\/v2\/comments?post=30223"}],"version-history":[{"count":0,"href":"https:\/\/www.fedaiisf.it\/en\/wp-json\/wp\/v2\/posts\/30223\/revisions"}],"wp:featuredmedia":[{"embeddable":true,"href":"https:\/\/www.fedaiisf.it\/en\/wp-json\/wp\/v2\/media\/30226"}],"wp:attachment":[{"href":"https:\/\/www.fedaiisf.it\/en\/wp-json\/wp\/v2\/media?parent=30223"}],"wp:term":[{"taxonomy":"category","embeddable":true,"href":"https:\/\/www.fedaiisf.it\/en\/wp-json\/wp\/v2\/categories?post=30223"},{"taxonomy":"post_tag","embeddable":true,"href":"https:\/\/www.fedaiisf.it\/en\/wp-json\/wp\/v2\/tags?post=30223"}],"curies":[{"name":"wp","href":"https:\/\/api.w.org\/{rel}","templated":true}]}}