{"id":30783,"date":"2017-04-13T11:02:16","date_gmt":"2017-04-13T09:02:16","guid":{"rendered":"http:\/\/www.fedaiisf.it\/?p=30783"},"modified":"2017-04-28T18:30:51","modified_gmt":"2017-04-28T16:30:51","slug":"comunicato-rsu-therabel-assemblee","status":"publish","type":"post","link":"https:\/\/www.fedaiisf.it\/en\/comunicato-rsu-therabel-assemblee\/","title":{"rendered":"Press release RSU Therabel Assemblies"},"content":{"rendered":"<p>Nei giorni 10\/11\/12 Aprile 2017, a Milano, Roma e Catania si sono svolte le assemblee dei lavoratori THERABEL GIENNE PHARMA resesi necessarie a seguito della procedura di licenziamento collettivo avviata il 3 Aprile 2017.<\/p>\n<p>Alle assemblee hanno partecipato 79 lavoratori degli 82 coinvolti dal procedimento.<\/p>\n<p>Le assemblee hanno rimarcato che la cessazione delle attivit\u00e0 di Therabel GiEnne Pharma ha causato un gravissimo danno economico e sociale a tutti i lavoratori e che la metodica con cui detta cessazione di attivit\u00e0 \u00e8 stata attuata \u00e8 moralmente discutibile e deprecabile.<\/p>\n<p><img decoding=\"async\" class=\"alignright\" src=\"http:\/\/www.iodonna.it\/attualita\/foto\/2014\/03\/Comunicato%20sindacale%202602-kSXB--260x195@IoDonna.jpg\" alt=\"Risultati immagini per comunicato sindacale\" \/>Alcuni lavoratori valuteranno la possibilit\u00e0 di eventuali azioni legali in quanto considerano che la cessazione delle attivit\u00e0 sia viziata da difetti di forma.<\/p>\n<p>\u00c8 innegabile che sui lavoratori di Therabel GiEnne Pharma vengano scaricate tutte le conseguenze economiche di una operazione finanziaria che comporta sacrifici solo per i lavoratori stessi e senza che essi ne abbiano alcuna responsabilit\u00e0.<\/p>\n<p>Quindi, dopo aver preso atto delle proposte formulate dalla controparte aziendale lo scorso 7 aprile (descritte nel precedente Comunicato Sindacale), nelle tre assemblee, a larga maggioranza, i lavoratori si sono espressi sollecitando la RSU ad avanzare le seguenti controproposte durante il prossimo incontro del 2 Maggio p.v.:<\/p>\n<p>. Verificare un ampliamento della quantit\u00e0 dei territori disponibili per un eventuale ricollocamento occupazionale nel progetto #### (la cui importanza \u00e8 stata valutata positivamente).<\/p>\n<p>. Richiedere un particolare aiuto e sostegno economico per chi sceglie liberamente di avviare una attivit\u00e0 di agente di commercio.<\/p>\n<p>. Richiedere con decisione garanzie occupazionali anche per i lavoratori della sede.<\/p>\n<p>. Rimarcare la assoluta insufficienza dell&#8217;impegno economico prospettato per la integrazione e tutela del reddito. In particolare per i lavoratori che non avranno opportunit\u00e0 occupazionali.<\/p>\n<p>. Adeguato sostegno ai lavoratori vicini alla pensione.<\/p>\n<p>. Diritti come mesi di preavviso, tfr, ferie residue, ecc. non sono negoziabili.<\/p>\n<p>Sono emerse anche alcune problematiche di tipo individuale (riscatto anni di laurea, possibilit\u00e0 di utilizzo auto aziendale, ecc.) che, nei limiti del possibile, verranno sottoposte all&#8217;attenzione del tavolo negoziale.<\/p>\n<p>La RSU DI THERABEL GIENNE PHARMA<\/p>\n<p>Related news:\u00a0<a href=\"http:\/\/www.fedaiisf.it\/en\/therabel-comunica-licenziamento-65-informatori\/\" target=\"_blank\" rel=\"noopener noreferrer\"><span style=\"color: #0000ff;\">Therabel communicates the dismissal of 65 Whistleblowers<\/span><\/a><\/p>","protected":false},"excerpt":{"rendered":"<p>Nei giorni 10\/11\/12 Aprile 2017, a Milano, Roma e Catania si sono svolte le assemblee dei lavoratori THERABEL GIENNE PHARMA resesi necessarie a seguito della procedura di licenziamento collettivo avviata il 3 Aprile 2017. Alle assemblee hanno partecipato 79 lavoratori degli 82 coinvolti dal procedimento. Le assemblee hanno rimarcato che la cessazione delle attivit\u00e0 di &hellip;<\/p>","protected":false},"author":4,"featured_media":30784,"comment_status":"closed","ping_status":"closed","sticky":false,"template":"","format":"standard","meta":{"footnotes":""},"categories":[16],"tags":[21,27,44],"class_list":["post-30783","post","type-post","status-publish","format-standard","has-post-thumbnail","hentry","category-primo-piano","tag-informatori-scientifici","tag-licenziati","tag-sindacati"],"amp_enabled":true,"_links":{"self":[{"href":"https:\/\/www.fedaiisf.it\/en\/wp-json\/wp\/v2\/posts\/30783","targetHints":{"allow":["GET"]}}],"collection":[{"href":"https:\/\/www.fedaiisf.it\/en\/wp-json\/wp\/v2\/posts"}],"about":[{"href":"https:\/\/www.fedaiisf.it\/en\/wp-json\/wp\/v2\/types\/post"}],"author":[{"embeddable":true,"href":"https:\/\/www.fedaiisf.it\/en\/wp-json\/wp\/v2\/users\/4"}],"replies":[{"embeddable":true,"href":"https:\/\/www.fedaiisf.it\/en\/wp-json\/wp\/v2\/comments?post=30783"}],"version-history":[{"count":0,"href":"https:\/\/www.fedaiisf.it\/en\/wp-json\/wp\/v2\/posts\/30783\/revisions"}],"wp:featuredmedia":[{"embeddable":true,"href":"https:\/\/www.fedaiisf.it\/en\/wp-json\/wp\/v2\/media\/30784"}],"wp:attachment":[{"href":"https:\/\/www.fedaiisf.it\/en\/wp-json\/wp\/v2\/media?parent=30783"}],"wp:term":[{"taxonomy":"category","embeddable":true,"href":"https:\/\/www.fedaiisf.it\/en\/wp-json\/wp\/v2\/categories?post=30783"},{"taxonomy":"post_tag","embeddable":true,"href":"https:\/\/www.fedaiisf.it\/en\/wp-json\/wp\/v2\/tags?post=30783"}],"curies":[{"name":"wp","href":"https:\/\/api.w.org\/{rel}","templated":true}]}}