{"id":3092,"date":"2014-09-07T13:45:10","date_gmt":"2014-09-07T11:45:10","guid":{"rendered":"http:\/\/www.fedaiisf.it\/?p=3092"},"modified":"2014-09-07T13:45:10","modified_gmt":"2014-09-07T11:45:10","slug":"selezione-personale-isf-labor","status":"publish","type":"post","link":"https:\/\/www.fedaiisf.it\/en\/selezione-personale-isf-labor\/","title":{"rendered":"Selection of ISF Labor personnel"},"content":{"rendered":"<p><img loading=\"lazy\" decoding=\"async\" class=\"alignleft\" alt=\"\" src=\"http:\/\/www.isflabor.it\/images\/Logo%20Isflabor%20sito.png\" width=\"176\" height=\"102\" \/>Selezione del Personale<\/p>\n<p><span style=\"color: #0000ff;\"><a href=\"mailto:selezione.personale@isflabor.it\" target=\"_blank\"><span style=\"color: #0000ff;\">selezione.personale@isflabor.it<\/span><\/a><\/span><\/p>\n<p>Isflabor Srl \u00e8 una giovane e dinamica startup del settore farmaceutico in progressiva espansione. Cerchiamo personale in tutto il territorio nazionale per svolgere attivit\u00e0 di informazione medico-scientifica per la nostra linea di prodotti per uso topico. L\u2019attivit\u00e0 verr\u00e0 svolta presso Medici di Medicina Generale e Medici Specialisti Ospedalieri ed Ambulatoriali. E\u2019 prevista una possibile attivit\u00e0 anche nelle farmacie.<\/p>\n<p>Titolo preferenziale: Laurea in Informazione Scientifica, Farmacia, CTF, Biologia e\/o pregressa significativa esperienza nel ruolo. Saranno prese in considerazione anche curricula particolarmente interessanti di personale senza esperienza.<\/p>\n<p>Si offrono contratti personalizzati e forme di collaborazione compatibili con CIG e stato di mobilit\u00e0. Le previste provvigioni sono ai pi\u00f9 alti livelli di mercato. Chiediamo ai candidati, determinazione, seriet\u00e0 e voglia di fare.\u00a0 L\u2019azienda curer\u00e0 direttamente la selezione e la gestione del personale. Seguiranno informazioni dettagliate in fase di colloquio conoscitivo.<\/p>\n<p>Si prega inviare dettagliato CV con foto, specificando la regione\/provincia di residenza al seguente indirizzo mail: <span style=\"color: #0000ff;\"><a href=\"mailto:selezione.personale@isflabor.it\" target=\"_blank\"><span style=\"color: #0000ff;\">selezione.personale@isflabor.it<\/span><\/a><\/span>.<\/p>\n<p>Non verranno presi in considerazione CV privi di foto. Le ricerche sono rivolte a candidati dell&#8217;uno e dell&#8217;altro sesso ai sensi delle L.903\/77 e L.125\/91.<\/p>\n<p>&nbsp;<\/p>","protected":false},"excerpt":{"rendered":"<p>Selezione del Personale selezione.personale@isflabor.it Isflabor Srl \u00e8 una giovane e dinamica startup del settore farmaceutico in progressiva espansione. Cerchiamo personale in tutto il territorio nazionale per svolgere attivit\u00e0 di informazione medico-scientifica per la nostra linea di prodotti per uso topico. L\u2019attivit\u00e0 verr\u00e0 svolta presso Medici di Medicina Generale e Medici Specialisti Ospedalieri ed Ambulatoriali. E\u2019 &hellip;<\/p>","protected":false},"author":4,"featured_media":3096,"comment_status":"closed","ping_status":"closed","sticky":false,"template":"","format":"standard","meta":{"footnotes":""},"categories":[1,16],"tags":[23],"class_list":["post-3092","post","type-post","status-publish","format-standard","has-post-thumbnail","hentry","category-notizie","category-primo-piano","tag-informatore"],"amp_enabled":true,"_links":{"self":[{"href":"https:\/\/www.fedaiisf.it\/en\/wp-json\/wp\/v2\/posts\/3092","targetHints":{"allow":["GET"]}}],"collection":[{"href":"https:\/\/www.fedaiisf.it\/en\/wp-json\/wp\/v2\/posts"}],"about":[{"href":"https:\/\/www.fedaiisf.it\/en\/wp-json\/wp\/v2\/types\/post"}],"author":[{"embeddable":true,"href":"https:\/\/www.fedaiisf.it\/en\/wp-json\/wp\/v2\/users\/4"}],"replies":[{"embeddable":true,"href":"https:\/\/www.fedaiisf.it\/en\/wp-json\/wp\/v2\/comments?post=3092"}],"version-history":[{"count":0,"href":"https:\/\/www.fedaiisf.it\/en\/wp-json\/wp\/v2\/posts\/3092\/revisions"}],"wp:featuredmedia":[{"embeddable":true,"href":"https:\/\/www.fedaiisf.it\/en\/wp-json\/wp\/v2\/media\/3096"}],"wp:attachment":[{"href":"https:\/\/www.fedaiisf.it\/en\/wp-json\/wp\/v2\/media?parent=3092"}],"wp:term":[{"taxonomy":"category","embeddable":true,"href":"https:\/\/www.fedaiisf.it\/en\/wp-json\/wp\/v2\/categories?post=3092"},{"taxonomy":"post_tag","embeddable":true,"href":"https:\/\/www.fedaiisf.it\/en\/wp-json\/wp\/v2\/tags?post=3092"}],"curies":[{"name":"wp","href":"https:\/\/api.w.org\/{rel}","templated":true}]}}