{"id":31060,"date":"2017-05-04T12:11:53","date_gmt":"2017-05-04T10:11:53","guid":{"rendered":"http:\/\/www.fedaiisf.it\/?p=31060"},"modified":"2017-05-22T18:46:02","modified_gmt":"2017-05-22T16:46:02","slug":"bilancio-riflessioni-sul-convegno-perugia-sul-ruolo-dellinformatore-scientifico","status":"publish","type":"post","link":"https:\/\/www.fedaiisf.it\/en\/bilancio-riflessioni-sul-convegno-perugia-sul-ruolo-dellinformatore-scientifico\/","title":{"rendered":"Balance sheet and reflections on the Perugia conference on the role of the scientific informant"},"content":{"rendered":"<p><a href=\"http:\/\/www.fedaiisf.it\/wp-content\/uploads\/2017\/05\/Mazzarella.Perugia.png\"><img loading=\"lazy\" decoding=\"async\" class=\"size-medium wp-image-31062 alignright\" src=\"http:\/\/www.fedaiisf.it\/wp-content\/uploads\/2017\/05\/Mazzarella.Perugia-300x151.png\" alt=\"\" width=\"300\" height=\"151\" srcset=\"https:\/\/www.fedaiisf.it\/wp-content\/uploads\/2017\/05\/Mazzarella.Perugia-300x151.png 300w, https:\/\/www.fedaiisf.it\/wp-content\/uploads\/2017\/05\/Mazzarella.Perugia-768x386.png 768w, https:\/\/www.fedaiisf.it\/wp-content\/uploads\/2017\/05\/Mazzarella.Perugia.png 846w\" sizes=\"auto, (max-width: 300px) 100vw, 300px\" \/><\/a>L\u2019attivit\u00e0 incessante della Presidenza Fedaiisf, nella persona di Antonio Mazzarella, sta dando i suoi frutti. Le dichiarazioni dei massimi esponenti della Filctem capovolgono completamente l\u2019atteggiamento del sindacato nei confronti degli ISF.<\/p>\n<p>Emilio Miceli (Sgretario Generale Filctem) afferma: \u201cServe concezione non mercantile dell&#8217;informatore scientifico\u201d, e aggiunge: \u201c\u00c8 sbagliato pensare che un settore ad alto valore aggiunto come quello della farmaceutica possa inserire gli informatori scientifici del farmaco nei contratti Enasarco, al pari di venditori e piazzisti. Una brutta direzione quella che si sta profilando\u201d.<\/p>\n<p>Sergio Cardinali (Dipartimento chimico-farmaceutico nazionale Filctem): \u201c<em>Un ISF non pu\u00f2 essere usato come venditore, il suo operato non pu\u00f2 essere giudicato sulla base del fatturato dei prodotti, n\u00e9 tanto meno pu\u00f2 essere licenziato se il prodotto non produce un sufficiente fatturato<\/em>\u201d. E prosegue: \u201c<em>L\u2019attivit\u00e0 di informazione scientifica del farmaco \u00e8 normata per legge, proprio a garanzia del Servizio Sanitario Nazionale e dei cittadini; ma, con il diffondersi di delibere regionali, di singole USL e aziende ospedaliere si stanno di fatto inserendo criteri nuovi, alcuni dei quali al limite della illegalit\u00e0<\/em>\u201d.<\/p>\n<p>Cambiata la dirigenza, sembra ormai passato il tempo in cui il sindacato \u201cincoraggiava\u201d gli incentivi all\u2019esodo e metteva la propria firma nei licenziamenti collettivi o \u201ccessioni di ramo\u201d, anche illegali, vedi Marvecs. Probabilmente si stanno rendendo conto del tragico errore di aver favorito, nel contratto nazionale di categoria, l\u2019inserimento dell\u2019ISF nell\u2019area funzionale del marketing\/vendite, quando la legge impone che deve dipendere dal servizio scientifico dell\u2019azienda, fino all\u2019assurdo di permettere l\u2019assunzione, sia pure temporanea, degli ISF con un contratto da piazzisti. Contratti del genere portano inevitabilmente all&#8217;estinzione degli ISF e all&#8217;abbandono del sindacato da parte dei lavoratori<\/p>\n<p><a href=\"http:\/\/www.fedaiisf.it\/wp-content\/uploads\/2017\/04\/filctem.industria.etica_.4.0.png\"><img loading=\"lazy\" decoding=\"async\" class=\"wp-image-30885 alignleft\" src=\"http:\/\/www.fedaiisf.it\/wp-content\/uploads\/2017\/04\/filctem.industria.etica_.4.0-300x195.png\" alt=\"\" width=\"323\" height=\"210\" srcset=\"https:\/\/www.fedaiisf.it\/wp-content\/uploads\/2017\/04\/filctem.industria.etica_.4.0-300x195.png 300w, https:\/\/www.fedaiisf.it\/wp-content\/uploads\/2017\/04\/filctem.industria.etica_.4.0-179x116.png 179w, https:\/\/www.fedaiisf.it\/wp-content\/uploads\/2017\/04\/filctem.industria.etica_.4.0-367x237.png 367w, https:\/\/www.fedaiisf.it\/wp-content\/uploads\/2017\/04\/filctem.industria.etica_.4.0.png 650w\" sizes=\"auto, (max-width: 323px) 100vw, 323px\" \/><\/a>Ora l\u2019aria \u00e8 cambiata, anche se nel frattempo si sono persi 13.400 posti di lavoro da ISF, e vedremo se le belle dichiarazioni si traducono in una revisione del contratto nazionale.<\/p>\n<p>Il convegno di Perugia per\u00f2 ha ottenuto anche, da parte del sottosegretario, On. Davide Faraone, la dichiarazione di impegno a collaborare da parte del Ministero della Salute, dalla Conferenza delle Regioni, dal MiSE e da parte del mondo accademico presente.<\/p>\n<p>Al tavolo tecnico sulla farmaceutica si parler\u00e0 e decider\u00e0 del rispetto delle regole e della categoria degli ISF. Al tavolo parteciper\u00e0 anche il Presidente Fedaiisf. Il sottosegretario al ministero della salute, nella sua relazione, ha dichiarato di voler lavorare per l\u2019inserimento della categoria degli ISF nelle \u201cprofessioni sanitarie\u201d, e le professioni sanitarie devono avere un Albo.<\/p>\n<p>Grandi assenti al convegno di Perugia Farmindustria e AIFA. Un caso?<\/p>\n<p>Quello che ora serve \u00e8 la partecipazione massiccia degli ISF che devono superare il loro atavico scetticismo e la rassegnata indifferenza che ne consegue. Ora occorre essere consapevoli che non sempre abbiamo a che fare con qualcosa che riguarda l\u2019altro.<\/p>\n<p>I politici e i prepotenti vincono se hanno il silenzio di tanti ISF dallo loro parte. La nostra voce, con la partecipazione, l\u2019interesse ed il contributo, anche critico, di tutti noi, \u00e8 fondamentale per il bene comune di tutta la categoria.<\/p>\n<p><a href=\"https:\/\/www.youtube.com\/watch?v=8U5oGO55LiY\" target=\"_blank\" rel=\"noopener noreferrer\"><span style=\"color: #0000ff;\">INDUSTRIA ETICA 4.0 &#8211; Relazione di Antonio Mazzarella, Presidente Fedaiisf<\/span><\/a><\/p>\n<hr \/>\n<h2 style=\"text-align: center;\">Miceli (Filctem): serve concezione non mercantile dell&#8217;informatore scientifico<\/h2>\n<p><a href=\"http:\/\/www.fedaiisf.it\/wp-content\/uploads\/2017\/05\/Miceli.Filctem.Perugia.Etica_.4.0.jpg\"><img loading=\"lazy\" decoding=\"async\" class=\"wp-image-31063 alignright\" src=\"http:\/\/www.fedaiisf.it\/wp-content\/uploads\/2017\/05\/Miceli.Filctem.Perugia.Etica_.4.0-300x173.jpg\" alt=\"\" width=\"359\" height=\"207\" srcset=\"https:\/\/www.fedaiisf.it\/wp-content\/uploads\/2017\/05\/Miceli.Filctem.Perugia.Etica_.4.0-300x173.jpg 300w, https:\/\/www.fedaiisf.it\/wp-content\/uploads\/2017\/05\/Miceli.Filctem.Perugia.Etica_.4.0-1024x590.jpg 1024w, https:\/\/www.fedaiisf.it\/wp-content\/uploads\/2017\/05\/Miceli.Filctem.Perugia.Etica_.4.0-768x442.jpg 768w, https:\/\/www.fedaiisf.it\/wp-content\/uploads\/2017\/05\/Miceli.Filctem.Perugia.Etica_.4.0-1536x885.jpg 1536w, https:\/\/www.fedaiisf.it\/wp-content\/uploads\/2017\/05\/Miceli.Filctem.Perugia.Etica_.4.0.jpg 2038w\" sizes=\"auto, (max-width: 359px) 100vw, 359px\" \/><\/a>\u201cLa figura dell&#8217;informatore scientifico del farmaco \u00e8 al crocevia del delicato rapporto tra industria di produzione farmaceutica, funzione del servizio sanitario nazionale e utenti\u201d. \u00c8 quanto ha detto Emilio Miceli, segretario generale della Filctem Cgil, concludendo il convegno promosso dalla sua organizzazione oggi a Perugia proprio sul ruolo dell&#8217;informazione scientifica del farmaco, un volano per l&#8217;industria farmaceutica e per il servizio sanitario nazionale.<\/p>\n<p>\u201cE&#8217; sbagliato pensare &#8211;\u00a0 ha aggiunto Miceli &#8211;\u00a0 che un settore ad alto valore aggiunto come quello della farmaceutica possa inserire gli informatori scientifici del farmaco nei contratti Enasarco, al pari di venditori e piazzisti. Una brutta direzione quella che si sta profilando\u201d.<\/p>\n<p>\u201cLa buona sanit\u00e0 dunque \u2013 ha concluso il segretario \u2013 passa soprattutto da una concezione non mercantile dell&#8217;informatore. Da qui la nostra attenzione, poich\u00e9 \u00e8 il punto di partenza di una politica della salute che si deve sottrarre alla pura e semplice contrazione dei costi, per divenire buona prassi\u201d.<\/p>\n<p><span style=\"color: #0000ff;\">03 maggio 2017 &#8211; rassegna.it<\/span><\/p>\n<hr \/>\n<p>Related news: <span style=\"color: #0000ff;\"><a style=\"color: #0000ff;\" href=\"http:\/\/www.fedaiisf.it\/en\/cardinali-filctem-lisf-non-puo-usato-venditore-convegno-perugia-3-maggio\/\" target=\"_blank\" rel=\"noopener noreferrer\">Cardinals (Filctem): ISF cannot be used as a vendor. Conference in Perugia on 3 May<\/a><\/span><\/p>\n<p><span style=\"color: #0000ff;\"><a style=\"color: #0000ff;\" href=\"http:\/\/www.fedaiisf.it\/en\/la-sentenza-del-tribunale-la-spezia-cardinali-filctem-giustizia-fatta\/\" target=\"_blank\" rel=\"noopener noreferrer\">The sentence of the court of La Spezia. Cardinals (Filctem): Justice is done. Ed<\/a><\/span><\/p>\n<p><span style=\"color: #0000ff;\"><a style=\"color: #0000ff;\" href=\"http:\/\/www.fedaiisf.it\/en\/persi-13400-posti-di-lavoro-in-sette-anni-il-sindacato-tra-incudine-e-martello\/\" target=\"_blank\" rel=\"noopener noreferrer\">13,400 jobs lost in seven years. The union between a rock and a hard place<\/a><\/span><\/p>\n<p><a href=\"http:\/\/www.mnlf.it\/rassegnastampa\/Latruffadeidipendentidellecasefarmaceutichecompratievendti.pdf\" target=\"_blank\" rel=\"noopener noreferrer\"><span style=\"color: #0000ff;\">Marvecs.\u00a0La truffa dei dipendenti delle case farmaceutiche comprati e venduti<\/span><\/a><\/p>\n<p><span style=\"color: #0000ff;\"><a style=\"color: #0000ff;\" href=\"http:\/\/www.fedaiisf.it\/en\/non-agente-commercio-linformatore-scientifico\/\" target=\"_blank\" rel=\"noopener noreferrer\">Cassation. The scientific informant is not a commercial agent<\/a><\/span><\/p>\n<p><span style=\"color: #0000ff;\"><a style=\"color: #0000ff;\" href=\"http:\/\/www.fedaiisf.it\/wp-content\/uploads\/2014\/12\/AIFA.Chiarimenti-su-ISF.pdf\" target=\"_blank\" rel=\"noopener noreferrer\">AIFA. Clarifications on ISF<\/a><\/span><\/p>\n<p><span style=\"color: #ff0000;\"><strong>Note<\/strong><\/span>: <em>dal 2001 al 2013 la farmaceutica ha aumentato la produttivit\u00e0 del +55% rispetto al +1% della media nazionale; dal 2008 al 2013 le aziende hanno determinato il 34% dell\u2019aumento complessivo delle esportazioni manifatturiere in Italia; l\u2019Italia \u00e8 seconda solo alla Germania per valore della produzione farmaceutica in Ue con 28 miliardi, il 71% destinato all\u2019export; dal 2007 al 2013 sono stati licenziati 13.400 informatori scientifici del farmaco.<\/em><\/p>\n<hr \/>\n<p><span style=\"color: #0000ff;\"><a style=\"color: #0000ff;\" href=\"http:\/\/www.fedaiisf.it\/en\/pianificato-licenziamento-massa-degli-isf-nel-2006-le-colpe-del-sindacato\/\" target=\"_blank\" rel=\"noopener noreferrer\">How the mass dismissal of the ISF was planned in 2006. The faults of the union<\/a><\/span><\/p>\n<p><span style=\"color: #0000ff;\"><a style=\"color: #0000ff;\" href=\"http:\/\/www.fedaiisf.it\/en\/crisi-occupazionale-degli-isf\/\" target=\"_blank\" rel=\"noopener noreferrer\">Employment crisis of the ISF<\/a><\/span><\/p>","protected":false},"excerpt":{"rendered":"<p>L\u2019attivit\u00e0 incessante della Presidenza Fedaiisf, nella persona di Antonio Mazzarella, sta dando i suoi frutti. Le dichiarazioni dei massimi esponenti della Filctem capovolgono completamente l\u2019atteggiamento del sindacato nei confronti degli ISF. Emilio Miceli (Sgretario Generale Filctem) afferma: \u201cServe concezione non mercantile dell&#8217;informatore scientifico\u201d, e aggiunge: \u201c\u00c8 sbagliato pensare che un settore ad alto valore aggiunto &hellip;<\/p>","protected":false},"author":4,"featured_media":31065,"comment_status":"closed","ping_status":"closed","sticky":false,"template":"","format":"standard","meta":{"footnotes":""},"categories":[16],"tags":[],"class_list":["post-31060","post","type-post","status-publish","format-standard","has-post-thumbnail","hentry","category-primo-piano"],"amp_enabled":true,"_links":{"self":[{"href":"https:\/\/www.fedaiisf.it\/en\/wp-json\/wp\/v2\/posts\/31060","targetHints":{"allow":["GET"]}}],"collection":[{"href":"https:\/\/www.fedaiisf.it\/en\/wp-json\/wp\/v2\/posts"}],"about":[{"href":"https:\/\/www.fedaiisf.it\/en\/wp-json\/wp\/v2\/types\/post"}],"author":[{"embeddable":true,"href":"https:\/\/www.fedaiisf.it\/en\/wp-json\/wp\/v2\/users\/4"}],"replies":[{"embeddable":true,"href":"https:\/\/www.fedaiisf.it\/en\/wp-json\/wp\/v2\/comments?post=31060"}],"version-history":[{"count":0,"href":"https:\/\/www.fedaiisf.it\/en\/wp-json\/wp\/v2\/posts\/31060\/revisions"}],"wp:featuredmedia":[{"embeddable":true,"href":"https:\/\/www.fedaiisf.it\/en\/wp-json\/wp\/v2\/media\/31065"}],"wp:attachment":[{"href":"https:\/\/www.fedaiisf.it\/en\/wp-json\/wp\/v2\/media?parent=31060"}],"wp:term":[{"taxonomy":"category","embeddable":true,"href":"https:\/\/www.fedaiisf.it\/en\/wp-json\/wp\/v2\/categories?post=31060"},{"taxonomy":"post_tag","embeddable":true,"href":"https:\/\/www.fedaiisf.it\/en\/wp-json\/wp\/v2\/tags?post=31060"}],"curies":[{"name":"wp","href":"https:\/\/api.w.org\/{rel}","templated":true}]}}