{"id":31282,"date":"2017-05-16T11:27:16","date_gmt":"2017-05-16T09:27:16","guid":{"rendered":"http:\/\/www.fedaiisf.it\/?p=31282"},"modified":"2017-05-16T11:29:16","modified_gmt":"2017-05-16T09:29:16","slug":"lettera-aperta-cardinali-filctem-gli-isf-devono-riflettere-sui-concetti-condivisione-solidarieta-unita","status":"publish","type":"post","link":"https:\/\/www.fedaiisf.it\/en\/lettera-aperta-cardinali-filctem-gli-isf-devono-riflettere-sui-concetti-condivisione-solidarieta-unita\/","title":{"rendered":"Open letter to Cardinals (Filctem): the ISF must reflect on the concepts of sharing, solidarity and unity"},"content":{"rendered":"<p>So che pu\u00f2 sembrare una cosa scontata, ma che purtroppo nella realt\u00e0 scontata non \u00e8, le armi vincenti nel mondo del lavoro sono l&#8217;unit\u00e0, la condivisione delle p<span class=\"text_exposed_show\">roblematiche, la solidariet\u00e0&#8230;.<br \/>\nQuesto vale per tutti, il detto l&#8217;unione fa la forza \u00e9 una verit\u00e0 incontrovertibile&#8230;<br \/>\nPurtroppo questo, per svariate ragioni, spesso non accade e prevalgono l&#8217;egoismo personale, il menefreghismo, la scarsa attenzione per le problematiche soprattutto queste non ci riguardino o interessino da vicino.<br \/>\n<a href=\"http:\/\/www.fedaiisf.it\/wp-content\/uploads\/2017\/05\/per-chi-suona-campana.jpg\"><img loading=\"lazy\" decoding=\"async\" class=\"wp-image-31284 alignright\" src=\"http:\/\/www.fedaiisf.it\/wp-content\/uploads\/2017\/05\/per-chi-suona-campana-300x49.jpg\" alt=\"\" width=\"478\" height=\"78\" srcset=\"https:\/\/www.fedaiisf.it\/wp-content\/uploads\/2017\/05\/per-chi-suona-campana-300x49.jpg 300w, https:\/\/www.fedaiisf.it\/wp-content\/uploads\/2017\/05\/per-chi-suona-campana.jpg 500w\" sizes=\"auto, (max-width: 478px) 100vw, 478px\" \/><\/a>La categoria degli ISF \u00e8 ancora oggi una categoria disunita<br \/>\n<\/span><\/p>\n<p>&nbsp;<\/p>\n<p><span class=\"text_exposed_show\">Ci sono sicuramente alcune attenuanti ,facilmente catalogabili, e riassumibili con la tipologia del lavoro, dove prevale per vari motivi il personalismo , con la concezione, artatamente instillata nella nostra mente di considerare gli ISF delle altre aziende come concorrenti e non come colleghi, con la meritocrazia , basata sull&#8217;erogazione di premi, spesso iniqui e ingiustificati, basati sulla logica aziendale del dividi et impera&#8230;<br \/>\n<\/span><\/p>\n<p><span class=\"text_exposed_show\">Ma tutto ci\u00f2 non giustifica un comportamento che \u00e8 generalmente diffuso, soprattutto in considerazione dei tagli occupazionali che la categoria ha patito negli ultimi anni e del continuo stravolgimento subito dal nostro profilo professionale con un indirizzo sempre pi\u00f9 marcatamente commerciale, in barba alle leggi esistenti che disciplinano la nostra attivit\u00e0 di tipo scientifico..<br \/>\n<img decoding=\"async\" class=\"alignleft\" src=\"http:\/\/2.bp.blogspot.com\/_g4xOAqNV6y8\/TPI-GFbnXTI\/AAAAAAAAApo\/Q89fGAR3pJ4\/s400\/unionbripac.jpg\" alt=\"Immagine correlata\" \/><\/span><\/p>\n<p><span class=\"text_exposed_show\">Il consiglio che mi sento di dare a tutti \u00e9 quello di riflettere maggiormente sui concetti di condivisione, solidariet\u00e0 e unit\u00e0 che non devono essere considerati solo delle chimere ma degli obiettivi perseguibili per la costituzione di una vera CATEGORIA di lavoratori, e agli amici delegati di promuovere, presso i colleghi, questa cultura dell&#8217;appartenenza nell&#8217;ambito del proprio ruolo sindacale.<br \/>\n.<br \/>\nInoltre sarebbe opportuno riprendere il progetto del coordinamento delle RSU , prematuramente abortito, soprattutto visto il momento storico in cui ci troviamo, attraverso un disegno sinergico con i sindacati nazionali di categoria, agevolati anche dal fatto che grazie all&#8217;attivit\u00e0 di sindacalisti come <a class=\"profileLink\" href=\"https:\/\/www.facebook.com\/sergiocardinali.umbria\" target=\"_blank\" rel=\"noopener noreferrer\" data-hovercard=\"\/ajax\/hovercard\/user.php?id=100003465810856\" data-hovercard-prefer-more-content-show=\"1\">Sergio Cardinals<\/a>, si stanno sviluppando le condizioni per una maggiore attenzione da parte del sindacato stesso verso le nostre problematiche relative all&#8217;occupazione, alle tipologie di contrattazione e alla nostra mansione.<br \/>\nSarebbe opportuno che i colleghi delegati di sigle diverse dalla CGIL spingessero i propri referenti nazionali ad un maggior confronto su queste tematiche , secondo il modello intrapreso da Sergio, per recuperare anche a livello sindacale quello spirito unitario che aveva in passato contraddistinto il settore&#8230;.<\/span><\/p>\n<p>M. Ferrarini &#8211; 13 maggio 2017<\/p>","protected":false},"excerpt":{"rendered":"<p>So che pu\u00f2 sembrare una cosa scontata, ma che purtroppo nella realt\u00e0 scontata non \u00e8, le armi vincenti nel mondo del lavoro sono l&#8217;unit\u00e0, la condivisione delle problematiche, la solidariet\u00e0&#8230;. Questo vale per tutti, il detto l&#8217;unione fa la forza \u00e9 una verit\u00e0 incontrovertibile&#8230; Purtroppo questo, per svariate ragioni, spesso non accade e prevalgono l&#8217;egoismo &hellip;<\/p>","protected":false},"author":4,"featured_media":31285,"comment_status":"closed","ping_status":"closed","sticky":false,"template":"","format":"standard","meta":{"footnotes":""},"categories":[1],"tags":[21,44],"class_list":["post-31282","post","type-post","status-publish","format-standard","has-post-thumbnail","hentry","category-notizie","tag-informatori-scientifici","tag-sindacati"],"amp_enabled":true,"_links":{"self":[{"href":"https:\/\/www.fedaiisf.it\/en\/wp-json\/wp\/v2\/posts\/31282","targetHints":{"allow":["GET"]}}],"collection":[{"href":"https:\/\/www.fedaiisf.it\/en\/wp-json\/wp\/v2\/posts"}],"about":[{"href":"https:\/\/www.fedaiisf.it\/en\/wp-json\/wp\/v2\/types\/post"}],"author":[{"embeddable":true,"href":"https:\/\/www.fedaiisf.it\/en\/wp-json\/wp\/v2\/users\/4"}],"replies":[{"embeddable":true,"href":"https:\/\/www.fedaiisf.it\/en\/wp-json\/wp\/v2\/comments?post=31282"}],"version-history":[{"count":0,"href":"https:\/\/www.fedaiisf.it\/en\/wp-json\/wp\/v2\/posts\/31282\/revisions"}],"wp:featuredmedia":[{"embeddable":true,"href":"https:\/\/www.fedaiisf.it\/en\/wp-json\/wp\/v2\/media\/31285"}],"wp:attachment":[{"href":"https:\/\/www.fedaiisf.it\/en\/wp-json\/wp\/v2\/media?parent=31282"}],"wp:term":[{"taxonomy":"category","embeddable":true,"href":"https:\/\/www.fedaiisf.it\/en\/wp-json\/wp\/v2\/categories?post=31282"},{"taxonomy":"post_tag","embeddable":true,"href":"https:\/\/www.fedaiisf.it\/en\/wp-json\/wp\/v2\/tags?post=31282"}],"curies":[{"name":"wp","href":"https:\/\/api.w.org\/{rel}","templated":true}]}}