{"id":3129,"date":"2014-09-10T11:14:36","date_gmt":"2014-09-10T09:14:36","guid":{"rendered":"http:\/\/www.fedaiisf.it\/?p=3129"},"modified":"2014-09-10T18:49:36","modified_gmt":"2014-09-10T16:49:36","slug":"incontro-per-procedura-mobilita-abbott","status":"publish","type":"post","link":"https:\/\/www.fedaiisf.it\/en\/incontro-per-procedura-mobilita-abbott\/","title":{"rendered":"First meeting for the Abbott mobility procedure"},"content":{"rendered":"<p><i>La Societ\u00e0 Abbott ha formalmente aperto la mobilit\u00e0 il 1\u00b0 agosto per 71 esuberi (di cui 30 sul sito di Milano e i restanti 41 sul sito di Campoverde di Latina).<\/i><i><\/i><\/p>\n<p><span style=\"color: #0000ff;\"><i><a href=\"http:\/\/www.h24notizie.com\/news\/2014\/09\/09\/primo-incontro-per-la-procedura-di-mobilita-abbott\/\" target=\"_blank\" rel=\"noopener\"><span style=\"color: #0000ff;\">Comunicato Stampa | set 09, 2014 | h24notizie<\/span><\/a><\/i><\/span><\/p>\n<p><img loading=\"lazy\" decoding=\"async\" class=\"alignleft\" alt=\"\" src=\"http:\/\/www.buongiornolatina.it\/wp-content\/uploads\/2014\/07\/20140717-091817-33497468.jpg\" width=\"360\" height=\"210\" \/>Ieri ed oggi si sono svolti i primi incontri con all\u2019ordine del giorno la procedura di mobilit\u00e0 che la Societ\u00e0 Abbott ha formalmente aperto il 1\u00b0 agosto per 71 esuberi (di cui 30 sul sito di Milano e i restanti 41 sul sito di Campoverde di Latina).<\/p>\n<p>L\u2019obbiettivo dichiarato della due giorni di confronto era trovare una sintesi, sotto forma di un auspicabile Accordo condiviso, tra l\u2019esigenza aziendale di una ennesima nuova organizzazione che, attraverso semplificazioni, accorpamenti gestionali e terziarizzazioni di servizi, colga nuove opportunit\u00e0 di mercato e gli obbiettivi sindacali di tutela dei diritti e tenuta occupazionale.<\/p>\n<p>In soldoni, tale nuova struttura societaria, avr\u00e0 delle ricadute rilevanti sia dal punto di vista del tessuto industriale nostrano (in seguito all\u2019abbandono di Abbott della nostra Provincia) che produttivo (in quanto il passaggio di brevetti da Abbott a Mylan aprir\u00e0 scenari a tutt\u2019oggi ignoti, ma comunque, potenzialmente preoccupanti).<\/p>\n<p>\u201cCon la contestuale finalit\u00e0 di limitare quanto possibile l\u2019impatto sociale e calmierare ogni legittima fibrillazione tra i lavoratori direttamente coinvolti, si \u00e8 provveduto ad individuare alcuni punti fermi, che domani saranno oggetto di confronto in una assemblea unitariamente richiesta, costituenti l\u2019ossatura dell\u2019eventuale Accordo stesso\u201d, introduce Walter Cassoni neo segretario generale della Filctem-Cgil di Latina.<\/p>\n<p>\u201cMentre per quanto attiene il contenuto normativo (metodologia e criteri da adottare per la individuazione degli esuberi) l\u2019intesa \u00e8 totale, sulla parte economica, pur avendo raggiunto un dignitoso punto di incontro, permangono ancora distanze per noi niente affatto irrilevanti\u201d commenta Cassoni.<\/p>\n<p>\u201cPur riconoscendo l\u2019attenzione che Abbott (nella persona del Dott. Zangara) ha sempre palesato sui temi dell\u2019etica e del welfare sociale \u2013 continua Cassoni &#8211; chiediamo comunque di valutare con maggior attenzione l\u2019aspetto psicologico di chi, al di l\u00e0 degli interessi trans-nazionali delle multinazionali che seguono sempre logiche di una maggiore remunerazione per gli azionisti, aveva tarato la propria esistenza su logiche infinitamente pi\u00f9 concrete e condivisibili\u201d.<\/p>\n<p>\u201cLa scelta di Abbott, legittima ma unilaterale, di abbandonare definitivamente il nostro territorio (oltre che la produzione di farmaci a livello nazionale) dovr\u00e0 gioco forza rappresentare una ineludibile responsabilit\u00e0 per chi, comunque, si \u00e8 visto garantire negli anni innegabili privilegi economici \u2013 legislativi derivanti da una mera ubicazione geografica-territoriale\u201d, conclude Cassoni.<\/p>\n<p>Related news:\u00a0<a href=\"http:\/\/www.h24notizie.com\/news\/2014\/08\/01\/abbott-apre-la-mobilita-per-71-persone-41-allo-stabilimento-di-campoverde\/\" target=\"_blank\" rel=\"noopener\"><span style=\"color: #0000ff;\">Abbott apre la mobilit\u00e0 per 71 persone, 41 allo stabilimento di Campoverde<\/span><\/a><\/p>\n<p>&nbsp;<\/p>","protected":false},"excerpt":{"rendered":"<p>La Societ\u00e0 Abbott ha formalmente aperto la mobilit\u00e0 il 1\u00b0 agosto per 71 esuberi (di cui 30 sul sito di Milano e i restanti 41 sul sito di Campoverde di Latina). Comunicato Stampa | set 09, 2014 | h24notizie Ieri ed oggi si sono svolti i primi incontri con all\u2019ordine del giorno la procedura di &hellip;<\/p>","protected":false},"author":4,"featured_media":1345,"comment_status":"closed","ping_status":"closed","sticky":false,"template":"","format":"standard","meta":{"footnotes":""},"categories":[1],"tags":[27],"class_list":["post-3129","post","type-post","status-publish","format-standard","has-post-thumbnail","hentry","category-notizie","tag-licenziati"],"amp_enabled":true,"_links":{"self":[{"href":"https:\/\/www.fedaiisf.it\/en\/wp-json\/wp\/v2\/posts\/3129","targetHints":{"allow":["GET"]}}],"collection":[{"href":"https:\/\/www.fedaiisf.it\/en\/wp-json\/wp\/v2\/posts"}],"about":[{"href":"https:\/\/www.fedaiisf.it\/en\/wp-json\/wp\/v2\/types\/post"}],"author":[{"embeddable":true,"href":"https:\/\/www.fedaiisf.it\/en\/wp-json\/wp\/v2\/users\/4"}],"replies":[{"embeddable":true,"href":"https:\/\/www.fedaiisf.it\/en\/wp-json\/wp\/v2\/comments?post=3129"}],"version-history":[{"count":0,"href":"https:\/\/www.fedaiisf.it\/en\/wp-json\/wp\/v2\/posts\/3129\/revisions"}],"wp:featuredmedia":[{"embeddable":true,"href":"https:\/\/www.fedaiisf.it\/en\/wp-json\/wp\/v2\/media\/1345"}],"wp:attachment":[{"href":"https:\/\/www.fedaiisf.it\/en\/wp-json\/wp\/v2\/media?parent=3129"}],"wp:term":[{"taxonomy":"category","embeddable":true,"href":"https:\/\/www.fedaiisf.it\/en\/wp-json\/wp\/v2\/categories?post=3129"},{"taxonomy":"post_tag","embeddable":true,"href":"https:\/\/www.fedaiisf.it\/en\/wp-json\/wp\/v2\/tags?post=3129"}],"curies":[{"name":"wp","href":"https:\/\/api.w.org\/{rel}","templated":true}]}}