{"id":31369,"date":"2017-05-20T11:33:31","date_gmt":"2017-05-20T09:33:31","guid":{"rendered":"http:\/\/www.fedaiisf.it\/?p=31369"},"modified":"2017-05-20T17:13:59","modified_gmt":"2017-05-20T15:13:59","slug":"filctem-emilia-romagna-valore-dellinformazione-scientifica-tutela-della-salute-dei-cittadini","status":"publish","type":"post","link":"https:\/\/www.fedaiisf.it\/en\/filctem-emilia-romagna-valore-dellinformazione-scientifica-tutela-della-salute-dei-cittadini\/","title":{"rendered":"Filctem RSU Emilia-Romagna: &quot;The value of scientific information to protect citizens&#039; health&quot;"},"content":{"rendered":"<p style=\"text-align: center;\"><a href=\"http:\/\/www.fedaiisf.it\/wp-content\/uploads\/2017\/05\/filctem.intestazione.png\"><img loading=\"lazy\" decoding=\"async\" class=\"alignnone size-medium wp-image-31371\" src=\"http:\/\/www.fedaiisf.it\/wp-content\/uploads\/2017\/05\/filctem.intestazione-300x144.png\" alt=\"\" width=\"300\" height=\"144\" srcset=\"https:\/\/www.fedaiisf.it\/wp-content\/uploads\/2017\/05\/filctem.intestazione-300x144.png 300w, https:\/\/www.fedaiisf.it\/wp-content\/uploads\/2017\/05\/filctem.intestazione.png 525w\" sizes=\"auto, (max-width: 300px) 100vw, 300px\" \/><\/a><\/p>\n<p style=\"text-align: center;\"><strong>COMUNICATO STAMPA <\/strong><\/p>\n<h1 style=\"text-align: center;\"><span style=\"color: #ff0000;\">IL VALORE DELL&#8217;INFORMAZIONE SCIENTIFICA A TUTELA DELLA SALUTE DEI CITTADINI<\/span><\/h1>\n<p>La FILCTEM CGIL ritiene inaccettabile e irrispettosa dei lavoratori in oggetto, la campagna diffamatoria emersa nella stampa di questi giorni, in cui si associa il ruolo dell&#8217;Informatore Scientifico del Farmaco ai recenti fatti di corruzione e malasanit\u00e0. Da quanto \u00e8 emerso sino ad oggi, nella vicenda di Parma, sono coinvolte figure apicali delle aziende farmaceutiche, della sanit\u00e0 pubblica, sino a Dirigenti Ministeriali, e non \u00e8 sicuramente imputabile a dei lavoratori dipendenti delle aziende farmaceutiche la responsabilit\u00e0! La FILCTEM CGIL ritiene fondamentale la divulgazione dell&#8217;informazione scientifica perch\u00e9 \u00e8 attraverso essa che si rende fruibile per il Medico Curante e per il cittadino, il frutto della ricerca a tutela della salute. Condividiamo con la Regione Emilia Romagna la necessit\u00e0 di normare e rendere maggiormente trasparente e rigoroso il rapporto informatore scientifico-medico curantestrutture sanitarie, attraverso una programmazione ed un monitoraggio delle attivit\u00e0.<\/p>\n<p>\u201c .<em><strong>..una corretta informazione \u00e8 un elemento strategico per la scelta appropriata e razionale dei farmaci e la loro utilizzazione efficiente nella pratica clinica..<\/strong><\/em>..\u201d [dalla Direttiva Regione E. Romagna sull&#8217;informazione scientifica sul farmaco]\n<p>la FILCTEM pertanto Ritiene che il sistema dell&#8217;informazione scientifica vada salvaguardato e se serve migliorato, ma non distrutto, perch\u00e9 si passerebbe da un sistema regolato, universalistico come quello attuale, che, come prevede la Costituzione, garantisce le migliori cure a tutti i cittadini, al sistema del libero mercato dove il rischio del malaffare supera l&#8217;interesse generale. Anche per questa ragione gli Informatori Scientifici da anni contrastano il tentativo in atto da parte delle case farmaceutiche di cambiare la natura giuridica e contrattuale dell&#8217;Informatore fino a trasformarla in una figura puramente commerciale, un \u201cvenditore\u201d. La FILCTEM CGIL <strong>ritiene indispensabile un patto forte tra ricerca, divulgazione ed operatori della sanit\u00e0 a tutela della salute e per un uso corretto del farmaco.<\/strong> Le Istituzioni e la Regione devono operare nella direzione di garantire trasparenza e legalit\u00e0 coinvolgendo le tantissime figure professionali che operano ogni giorno con competenza a vantaggio dei cittadini e del Sistema Sanitario.<\/p>\n<p>Maritria Coi \u00a0 \u00a0 \u00a0 \u00a0 \u00a0 \u00a0 \u00a0 \u00a0 \u00a0 \u00a0 \u00a0 \u00a0 \u00a0 \u00a0 \u00a0 \u00a0 \u00a0 \u00a0 \u00a0 \u00a0 \u00a0 \u00a0 \u00a0 \u00a0 \u00a0 \u00a0 \u00a0 \u00a0 \u00a0 \u00a0 \u00a0 \u00a0 \u00a0 Pietro Gualandi<\/p>\n<p>Segreteria FILCTEM Emilia Romagna \u00a0 \u00a0 \u00a0 \u00a0 \u00a0 \u00a0 \u00a0 \u00a0 \u00a0 Coordinatore RSU Informatori Scientifici del Farmaco Emilia Romagna<\/p>\n<p>CELL. 3498630434<\/p>\n<p>Bologna, 19 maggio 2017<\/p>\n<p><a href=\"http:\/\/www.fedaiisf.it\/wp-content\/uploads\/2017\/05\/Comunicato.RSU_.Filctem.Emilia-Romagna.pdf\" target=\"_blank\" rel=\"noopener noreferrer\">Comunicato.RSU.Filctem.Emilia-Romagna<\/a><\/p>\n<hr \/>\n<p>Notizie Correlate: <span style=\"color: #0000ff;\"><a style=\"color: #0000ff;\" href=\"http:\/\/www.fedaiisf.it\/proposta-pd-aggiornamento-professioni-sanitarie-va-istituita-commissione-nazionale-professione-sanitaria-anche-gli-isf\/\" target=\"_blank\" rel=\"noopener noreferrer\">Proposta Pd: \u201cSu aggiornamento professioni sanitarie va istituita Commissione nazionale\u201d. Proposta Redazione: Professione sanitaria anche per gli ISF?<\/a><\/span><\/p>\n","protected":false},"excerpt":{"rendered":"<p>COMUNICATO STAMPA IL VALORE DELL&#8217;INFORMAZIONE SCIENTIFICA A TUTELA DELLA SALUTE DEI CITTADINI La FILCTEM CGIL ritiene inaccettabile e irrispettosa dei lavoratori in oggetto, la campagna diffamatoria emersa nella stampa di questi giorni, in cui si associa il ruolo dell&#8217;Informatore Scientifico del Farmaco ai recenti fatti di corruzione e malasanit\u00e0. Da quanto \u00e8 emerso sino ad &hellip;<\/p>","protected":false},"author":4,"featured_media":26470,"comment_status":"closed","ping_status":"closed","sticky":false,"template":"","format":"standard","meta":{"footnotes":""},"categories":[1],"tags":[21,44],"class_list":["post-31369","post","type-post","status-publish","format-standard","has-post-thumbnail","hentry","category-notizie","tag-informatori-scientifici","tag-sindacati"],"amp_enabled":true,"_links":{"self":[{"href":"https:\/\/www.fedaiisf.it\/en\/wp-json\/wp\/v2\/posts\/31369","targetHints":{"allow":["GET"]}}],"collection":[{"href":"https:\/\/www.fedaiisf.it\/en\/wp-json\/wp\/v2\/posts"}],"about":[{"href":"https:\/\/www.fedaiisf.it\/en\/wp-json\/wp\/v2\/types\/post"}],"author":[{"embeddable":true,"href":"https:\/\/www.fedaiisf.it\/en\/wp-json\/wp\/v2\/users\/4"}],"replies":[{"embeddable":true,"href":"https:\/\/www.fedaiisf.it\/en\/wp-json\/wp\/v2\/comments?post=31369"}],"version-history":[{"count":0,"href":"https:\/\/www.fedaiisf.it\/en\/wp-json\/wp\/v2\/posts\/31369\/revisions"}],"wp:featuredmedia":[{"embeddable":true,"href":"https:\/\/www.fedaiisf.it\/en\/wp-json\/wp\/v2\/media\/26470"}],"wp:attachment":[{"href":"https:\/\/www.fedaiisf.it\/en\/wp-json\/wp\/v2\/media?parent=31369"}],"wp:term":[{"taxonomy":"category","embeddable":true,"href":"https:\/\/www.fedaiisf.it\/en\/wp-json\/wp\/v2\/categories?post=31369"},{"taxonomy":"post_tag","embeddable":true,"href":"https:\/\/www.fedaiisf.it\/en\/wp-json\/wp\/v2\/tags?post=31369"}],"curies":[{"name":"wp","href":"https:\/\/api.w.org\/{rel}","templated":true}]}}