{"id":31470,"date":"2017-05-26T17:21:25","date_gmt":"2017-05-26T15:21:25","guid":{"rendered":"http:\/\/www.fedaiisf.it\/?p=31470"},"modified":"2017-06-15T19:43:23","modified_gmt":"2017-06-15T17:43:23","slug":"delibera-23092016-sugli-isf-la-regione-cambia-passo","status":"publish","type":"post","link":"https:\/\/www.fedaiisf.it\/en\/delibera-23092016-sugli-isf-la-regione-cambia-passo\/","title":{"rendered":"Resolution 2309\/2016 on the ISF: the Region changes pace"},"content":{"rendered":"<p>La Giunta Regionale dell\u2019Emilia Romagna, dopo aver deliberato le regole di accesso degli ISF negli ospedali, ha affisso un cartello che sembra contraddire se stessa.<\/p>\n<p>Il cartello, bello grosso, \u00e8 apparso sulla porta di ingresso dell&#8217;Unit\u00e1 di Diabetologia dell&#8217;Ospedale Infermi di Rimini . La delibera recita che gli incontri con gli ISF dovranno essere effettuati in <a href=\"http:\/\/www.fedaiisf.it\/wp-content\/uploads\/2017\/05\/Cartello.jpg\"><img loading=\"lazy\" decoding=\"async\" class=\"wp-image-31471 alignright\" src=\"http:\/\/www.fedaiisf.it\/wp-content\/uploads\/2017\/05\/Cartello-300x225.jpg\" alt=\"\" width=\"316\" height=\"237\" srcset=\"https:\/\/www.fedaiisf.it\/wp-content\/uploads\/2017\/05\/Cartello-300x225.jpg 300w, https:\/\/www.fedaiisf.it\/wp-content\/uploads\/2017\/05\/Cartello-1024x768.jpg 1024w, https:\/\/www.fedaiisf.it\/wp-content\/uploads\/2017\/05\/Cartello-768x576.jpg 768w, https:\/\/www.fedaiisf.it\/wp-content\/uploads\/2017\/05\/Cartello.jpg 1280w\" sizes=\"auto, (max-width: 316px) 100vw, 316px\" \/><\/a>locali idonei (ad esempio <strong>sala riunioni, biblioteca, sala medici<\/strong>); il cartello indica invece il ricevimento negli studi medici come \u00e8 sempre avvenuto.<\/p>\n<p>Inoltre, mentre la delibera recita che gli incontri dovranno essere<strong> prediletti in forma collegiale<\/strong>, invece delle visite individuali, il cartello recita che i medici riceveranno in una fascia oraria, secondo disponibilit\u00e0 medica che significa che non tutti saranno disponibili allo stesso orario per una visita collegiale, cos\u00ec da legittimare le visite individuali come \u00e8 sempre avvenuto. La delibera fa anche riferimento all&#8217;individuazione di apposite fasce orarie che non interferiscano con le ordinarie attivit\u00e0 dei sanitari.<\/p>\n<p>Gli orari indicati nel cartello (13:00-14:00) sono per\u00f2 nella solita fascia oraria di sempre. Dulcis in fondo, l\u2019incosciente autoironia con cui la Regione firma il cartello facendo riferimento proprio alle regole della delibera che non vengono rispettati. La Regione ha quindi prima firmato una delibera poliziesca e poi ha scoperto l\u2019articolo 1 della Costituzione grazie alla forte critica degli stessi medici, di FEDAIISF e di una parte del sindacato che hanno prodotto un vero boomerang con un primo caso di apparente marcia indietro della Regione<\/p>\n<p>Da Le News di Fedaiisf n. 12<\/p>\n<p><a href=\"http:\/\/www.fedaiisf.it\/wp-content\/uploads\/2017\/05\/Diabetologia.Rimini.jpg\"><img loading=\"lazy\" decoding=\"async\" class=\"alignnone wp-image-31626\" src=\"http:\/\/www.fedaiisf.it\/wp-content\/uploads\/2017\/05\/Diabetologia.Rimini-300x225.jpg\" alt=\"\" width=\"452\" height=\"339\" srcset=\"https:\/\/www.fedaiisf.it\/wp-content\/uploads\/2017\/05\/Diabetologia.Rimini-300x225.jpg 300w, https:\/\/www.fedaiisf.it\/wp-content\/uploads\/2017\/05\/Diabetologia.Rimini-1024x768.jpg 1024w, https:\/\/www.fedaiisf.it\/wp-content\/uploads\/2017\/05\/Diabetologia.Rimini-768x576.jpg 768w, https:\/\/www.fedaiisf.it\/wp-content\/uploads\/2017\/05\/Diabetologia.Rimini.jpg 1175w\" sizes=\"auto, (max-width: 452px) 100vw, 452px\" \/><\/a><\/p>","protected":false},"excerpt":{"rendered":"<p>La Giunta Regionale dell\u2019Emilia Romagna, dopo aver deliberato le regole di accesso degli ISF negli ospedali, ha affisso un cartello che sembra contraddire se stessa. Il cartello, bello grosso, \u00e8 apparso sulla porta di ingresso dell&#8217;Unit\u00e1 di Diabetologia dell&#8217;Ospedale Infermi di Rimini . La delibera recita che gli incontri con gli ISF dovranno essere effettuati &hellip;<\/p>","protected":false},"author":4,"featured_media":31473,"comment_status":"closed","ping_status":"closed","sticky":false,"template":"","format":"standard","meta":{"footnotes":""},"categories":[16],"tags":[21,41,81],"class_list":["post-31470","post","type-post","status-publish","format-standard","has-post-thumbnail","hentry","category-primo-piano","tag-informatori-scientifici","tag-leggisentenze","tag-notiziario-fedaiisf"],"amp_enabled":true,"_links":{"self":[{"href":"https:\/\/www.fedaiisf.it\/en\/wp-json\/wp\/v2\/posts\/31470","targetHints":{"allow":["GET"]}}],"collection":[{"href":"https:\/\/www.fedaiisf.it\/en\/wp-json\/wp\/v2\/posts"}],"about":[{"href":"https:\/\/www.fedaiisf.it\/en\/wp-json\/wp\/v2\/types\/post"}],"author":[{"embeddable":true,"href":"https:\/\/www.fedaiisf.it\/en\/wp-json\/wp\/v2\/users\/4"}],"replies":[{"embeddable":true,"href":"https:\/\/www.fedaiisf.it\/en\/wp-json\/wp\/v2\/comments?post=31470"}],"version-history":[{"count":0,"href":"https:\/\/www.fedaiisf.it\/en\/wp-json\/wp\/v2\/posts\/31470\/revisions"}],"wp:featuredmedia":[{"embeddable":true,"href":"https:\/\/www.fedaiisf.it\/en\/wp-json\/wp\/v2\/media\/31473"}],"wp:attachment":[{"href":"https:\/\/www.fedaiisf.it\/en\/wp-json\/wp\/v2\/media?parent=31470"}],"wp:term":[{"taxonomy":"category","embeddable":true,"href":"https:\/\/www.fedaiisf.it\/en\/wp-json\/wp\/v2\/categories?post=31470"},{"taxonomy":"post_tag","embeddable":true,"href":"https:\/\/www.fedaiisf.it\/en\/wp-json\/wp\/v2\/tags?post=31470"}],"curies":[{"name":"wp","href":"https:\/\/api.w.org\/{rel}","templated":true}]}}