{"id":31572,"date":"2017-06-05T11:44:49","date_gmt":"2017-06-05T09:44:49","guid":{"rendered":"http:\/\/www.fedaiisf.it\/?p=31572"},"modified":"2017-06-22T18:30:23","modified_gmt":"2017-06-22T16:30:23","slug":"gli-sprechi-degli-ospedali-costano-13-della-spesa-farmaci","status":"publish","type":"post","link":"https:\/\/www.fedaiisf.it\/en\/gli-sprechi-degli-ospedali-costano-13-della-spesa-farmaci\/","title":{"rendered":"\u00abThe waste of the hospitals? They cost 13% of the cost of medicines\u00bb"},"content":{"rendered":"<p>Scaduti, sprechi e inefficienze logistiche delle aziende pubbliche, sanitarie e ospedaliere, vanificano ogni anno il 13% circa della spesa farmaceutica. Risorse preziosissime che il Servizio sanitario nazionale getta al macero per colpa di una gestione di magazzino che in molte strutture, soprattutto dal centro Italia in gi\u00f9, risulta del tutto inadeguata: farmaci \u201cdimenticati\u201d e lasciati scadere, medicinali acquistati con modalit\u00e0 \u201cin transito\u201d in quantit\u00e0 eccessive anche se in magazzino sono disponibili prodotti omologhi, inventari carenti e via di seguito. L\u2019accusa arriva da Mauro Quattrone, esperto di logistica e consulente dell\u2019Agenas, l\u2019Agenzia nazionale per i servizi sanitari: premiato al ForumPa Challenge 2017, il Forum nazionale della Pubblica amministrazione, per il progetto con cui l\u2019Asl 1 abruzzese sta robotizzando il servizio di farmacia dell\u2019ospedale di San Salvatore all\u2019Aquila (in collaborazione con il direttore unico del servizio, Eugenio Ciacco), Quattrone predica da tempo l\u2019urgenza di un cambio di paradigma nel governo della spesa farmaceutica pubblica.<\/p>\n<p><strong><img loading=\"lazy\" decoding=\"async\" class=\"alignright\" src=\"http:\/\/www.agenas.it\/images\/agenas\/newsletter\/2-2017\/copertina_corso.jpg\" width=\"357\" height=\"224\" \/>Un paio di settimane fa, lei ha scritto in un <\/strong><a href=\"http:\/\/www.quotidianosanita.it\/studi-e-analisi\/articolo.php?articolo_id=51210\" target=\"_blank\" rel=\"noopener noreferrer\">item<\/a><strong> pubblicato su Quotidiano Sanit\u00e0 che il 13% della spesa per farmaci sostenuta da Asl e ospedali viene vanificata da scaduti e inutilizzati. E\u2019 una cifra considerevole\u2026<\/strong><br \/>\nPurtroppo \u00e8 il risultato di un governo del sistema che mostra pochissima sensibilit\u00e0 per la logistica. Basti dire che, finora, le manovre su farmaci o dispositivi hanno inciso soltanto sul prezzo al pubblico oppure sul prezzi di acquisto dal produttore. E\u2019 stata invece tralasciata del tutto la logistica, anche se farmaci e dispositivi, quando vengono acquistati dalle strutture pubbliche, sono poi stoccati e movimentati nei magazzini ospedalieri.<\/p>\n<p><strong>E qui che cosa succede?<\/strong><br \/>\nInnanzitutto una premessa: esistono eccellenze di grande rilevanza e il quadro risulta un po\u2019 migliore al Nord e progressivamente peggiore al Centrosud. Detto questo, succede di tutto: farmaci lasciati scadere perch\u00e9 mai utilizzati; quantit\u00e0 eccessive di medicinali acquistati \u201cin transito\u201d &#8211; cio\u00e8 fuori stock &#8211; dalle Unit\u00e0 operative nonostante in magazzino ci siano prodotti corrispondenti; assenza di inventari rotativi per allineare i dati informatici con il fisico presente; mancanza di feedback \u201cin running\u201d sui consumi di reparto cos\u00ec come di correlazioni tra richieste di beni e flussi di consumo.<\/p>\n<p><strong>Ma stiamo parlando di eccezioni o della normalit\u00e0?<\/strong><br \/>\nQueste non sono anomalie, \u00e8 la regola che contraddistingue molte strutture ospedaliere. Ne vuole un\u2019altra? Quando si effettuano ordinativi, l\u2019abitudine pi\u00f9 diffusa \u00e8 quella di basarsi sugli acquisti dell\u2019anno precedente, cio\u00e8 sullo storico. Non c\u2019\u00e8 alcuna \u201cforecast analysis\u201d della domanda interna.<\/p>\n<p><strong><img decoding=\"async\" class=\"alignleft\" src=\"https:\/\/i.ytimg.com\/vi\/DBSaE9O7Gs4\/hqdefault.jpg\" alt=\"Risultati immagini per logistica magazzino farmaci\" \/>Asl e ospedali rendicontano questi costi? Quando forniscono dati sui costi della distribuzione ospedaliera o della distribuzione diretta, tengono conto di questi sprechi?<\/strong><br \/>\nOvviamente no, neanche ne sono coscienti. Anche perch\u00e9 la sensibilit\u00e0 verso la logistica \u00e8 ridottissima. Poco tempo fa, il direttore di un\u2019importante ospedale del nord Italia ammise in un incontro di non avere mai visitato il suo magazzino.<\/p>\n<p><strong>Insomma, i dati sui costi di sistema della distribuzione diretta cos\u00ec come della spesa ospedaliera sono ben lontani dalla realt\u00e0\u2026<\/strong><br \/>\nNon pu\u00f2 essere altrimenti. Uno studio che effettuammo un paio di anni fa in tredici strutture ospedaliere rivel\u00f2 che nessun magazzino disponeva di certificazione di qualit\u00e0, la quasi totalit\u00e0 delle richieste provenienti dai reparti era inoltrata in formato cartaceo, non c\u2019erano indicatori di performance, mancavano sistemi indicativi alfabetici e non c\u2019era traccia di barcode o tags, eccezion fatta per i farmaci.<\/p>\n<p><strong>Le soluzioni?<\/strong><br \/>\nIl problema \u00e8 che nella grande maggioranza dei magazzini il personale \u00e8 costituito da lavoratori non qualificati, magari trasferiti da altre divisioni in seguito a riorganizzazioni: operai, impiegati eccetera. Servirebbero invece figure qualificate come quella del planner logistico, che gi\u00e0 \u00e8 presente da tempo nei magazzini dell\u2019industria farmaceutica.<\/p>\n<p><strong>Gi\u00e0, il privato. Com\u2019\u00e8 a confronto con il pubblico?<\/strong><br \/>\nC\u2019\u00e8 una distanza immane.<\/p>\n<p>(<a href=\"https:\/\/www.federfarma.it\/Edicola\/Ultime-notizie\/05-06-2017-09-15-58.aspx\" target=\"_blank\" rel=\"noopener noreferrer\"><span style=\"color: #0000ff;\">AS &#8211; 05\/06\/2017 &#8211; Federfarma<\/span><\/a>)<\/p>\n<p>Related news:\u00a0<a href=\"https:\/\/www.federfarma.it\/Edicola\/Ultime-notizie\/18-02-2017-00-49-28.aspx\" target=\"_blank\" rel=\"noopener noreferrer\">Waste, inefficiency, mismanagement: here&#039;s where to look for money for the NHS<\/a><\/p>\n<p class=\"Title\"><a href=\"https:\/\/www.federfarma.it\/Edicola\/Ultime-notizie\/27-01-2017-00-43-47.aspx\" target=\"_blank\" rel=\"noopener noreferrer\">Forniture \u201call\u2019ingrosso\u201d e farmaci sprecati<\/a><\/p>","protected":false},"excerpt":{"rendered":"<p>Scaduti, sprechi e inefficienze logistiche delle aziende pubbliche, sanitarie e ospedaliere, vanificano ogni anno il 13% circa della spesa farmaceutica. Risorse preziosissime che il Servizio sanitario nazionale getta al macero per colpa di una gestione di magazzino che in molte strutture, soprattutto dal centro Italia in gi\u00f9, risulta del tutto inadeguata: farmaci \u201cdimenticati\u201d e lasciati &hellip;<\/p>","protected":false},"author":4,"featured_media":20801,"comment_status":"closed","ping_status":"closed","sticky":false,"template":"","format":"standard","meta":{"footnotes":""},"categories":[1],"tags":[26,79],"class_list":["post-31572","post","type-post","status-publish","format-standard","has-post-thumbnail","hentry","category-notizie","tag-spesa-farmaceutica","tag-ssn"],"amp_enabled":true,"_links":{"self":[{"href":"https:\/\/www.fedaiisf.it\/en\/wp-json\/wp\/v2\/posts\/31572","targetHints":{"allow":["GET"]}}],"collection":[{"href":"https:\/\/www.fedaiisf.it\/en\/wp-json\/wp\/v2\/posts"}],"about":[{"href":"https:\/\/www.fedaiisf.it\/en\/wp-json\/wp\/v2\/types\/post"}],"author":[{"embeddable":true,"href":"https:\/\/www.fedaiisf.it\/en\/wp-json\/wp\/v2\/users\/4"}],"replies":[{"embeddable":true,"href":"https:\/\/www.fedaiisf.it\/en\/wp-json\/wp\/v2\/comments?post=31572"}],"version-history":[{"count":0,"href":"https:\/\/www.fedaiisf.it\/en\/wp-json\/wp\/v2\/posts\/31572\/revisions"}],"wp:featuredmedia":[{"embeddable":true,"href":"https:\/\/www.fedaiisf.it\/en\/wp-json\/wp\/v2\/media\/20801"}],"wp:attachment":[{"href":"https:\/\/www.fedaiisf.it\/en\/wp-json\/wp\/v2\/media?parent=31572"}],"wp:term":[{"taxonomy":"category","embeddable":true,"href":"https:\/\/www.fedaiisf.it\/en\/wp-json\/wp\/v2\/categories?post=31572"},{"taxonomy":"post_tag","embeddable":true,"href":"https:\/\/www.fedaiisf.it\/en\/wp-json\/wp\/v2\/tags?post=31572"}],"curies":[{"name":"wp","href":"https:\/\/api.w.org\/{rel}","templated":true}]}}