{"id":31803,"date":"2017-06-19T17:17:49","date_gmt":"2017-06-19T15:17:49","guid":{"rendered":"http:\/\/www.fedaiisf.it\/?p=31803"},"modified":"2017-06-19T17:17:49","modified_gmt":"2017-06-19T15:17:49","slug":"premio-belisario-camilla-borghese-khevenhuller-presidente-ibi-lorenzini","status":"publish","type":"post","link":"https:\/\/www.fedaiisf.it\/en\/premio-belisario-camilla-borghese-khevenhuller-presidente-ibi-lorenzini\/","title":{"rendered":"The Belisario Award to Camilla Borghese Khevenh\u00fcller, president of Ibi Lorenzini."},"content":{"rendered":"<h1 class=\"entry-title\">Farmaceutica, Mela d\u2019Oro a Camilla Borghese Khevenh\u00fcller della Ibi di Aprilia<\/h1>\n<p class=\"author-link\">by <a href=\"http:\/\/www.latina24ore.it\/author\/redazione\/\" target=\"_blank\" rel=\"author noopener noreferrer\">Editorial board<\/a>\u00a0Date:<a href=\"http:\/\/www.latina24ore.it\/latina\/137879\/farmaceutica-mela-doro-a-camilla-borghese-khevenhuller-della-ibi-di-aprilia\/\" target=\"_blank\" rel=\"noopener noreferrer\"><span style=\"color: #0000ff;\"><time class=\"entry-date updated\" datetime=\"2017-06-18T10:20:49+00:00\">18 giugno 2017 &#8211; Latina24ore.it<\/time><\/span><\/a><\/p>\n<p><img decoding=\"async\" class=\"alignright\" src=\"http:\/\/www.ilpontino.it\/files\/articoli\/m\/00008576.jpg\" alt=\"Risultati immagini per camilla borghese khevenh\u00fcller\" \/>Nel corso della XXIX edizione del <strong>Premio Marisa Bellisario<\/strong> \u2013 in onda il 21 giugno su Rai 2, dalle ore 23.15 \u2013 il presidente di Farmindustria <strong>Massimo Scaccabarozzi<\/strong>, consegna la Mela d\u2019Oro a Camilla Borghese Khevenh\u00fcller, presidente di Ibi Lorenzini.<\/p>\n<p>\u00abFare per dare \u00e8 il nostro motto \u2013 commenta <strong>Camilla Borghese Khevenh\u00fcller<\/strong> \u2013 dalle azioni e dalla responsabilit\u00e0 di ognuno nascono idee nuove per offrire sempre maggiore qualit\u00e0 e servizi a tutti, a cominciare dai pazienti\u00bb.<\/p>\n<p>L<img loading=\"lazy\" decoding=\"async\" class=\"alignleft\" src=\"https:\/\/palermofashionblog.files.wordpress.com\/2014\/06\/premio_mela_oro.jpg\" alt=\"Immagine correlata\" width=\"174\" height=\"232\" \/>to <strong>Mela d\u2019Oro<\/strong> \u00ab\u00e8 un riconoscimento alla storia della nostra azienda ormai centenaria. Una storia in rosa perch\u00e9 da 77 anni \u00e8 a conduzione femminile \u2013 sottolinea \u2013 con il 40% di collaboratrici donna. Grazie proprio al loro contributo, l\u2019Istituto Biochimico Italiano G. Lorenzini ha raggiunto importanti traguardi, anche all\u2019estero. Basti pensare che il 28% di consumo di penicilline in polvere negli ospedali americani \u00e8 prodotto proprio da<strong> Ibi ad Aprilia<\/strong>\u00bb.<\/p>\n<p>\u00abUna donna e un\u2019azienda italiana di successo, esempio della leadership femminile nel settore farmaceutico\u00bb, replica Massimo Scaccabarozzi, presidente di Farmindustria. \u00abPossiamo vantare infatti un\u2019alta presenza in rosa. Le donne \u2013 ricorda \u2013 rappresentano il 44% del totale degli addetti e una percentuale addirittura superiore al 50% nella R&amp;S. Camilla Borghese Khevenh\u00fcller dimostra come le donne ai vertici siano determinanti per rendere sempre pi\u00f9 competitive e innovative le imprese del farmaco in Italia\u00bb.<\/p>\n<p><em>Camilla Borghese dei Principi di Nettuno \u00e8 sposata dal 1956 con Johannes von Khevenh\u00fcller-Metsch, Principe\u00a0 de Khevenh\u00fcller-Metsch.\u00a0A partire dal 1940, alla morte del suo fondatore Giovanni Lorenzini, l\u2019azienda \u00e8\u00a0passata sotto la direzione della figlia Loredana Lorenzini nonna di Camilla\u00a0Borghese Khevenh\u00fcller, oggi presidente e amministratore delegato dell\u2019Istituto biochimico italiano (Ibi)\u00a0Giovanni Lorenzini.<\/em><\/p>\n<div class=\"author-link\">\n<p>\u00a0Related news:\u00a0<span style=\"color: #0000ff;\"><a style=\"color: #0000ff;\" href=\"http:\/\/www.fedaiisf.it\/en\/aprilia-ibi-lorenzini-farmaceutica-rosa-esplode-nellexport-dei-farmaci\/\" target=\"_blank\" rel=\"noopener noreferrer\">Aprilia. Ibi Lorenzini, the pharmaceutical (pink) that explodes in the export of drugs<\/a><\/span><\/p>\n<p><img decoding=\"async\" class=\"aligncenter\" src=\"http:\/\/www.ibi-lorenzini.it\/img\/home-content-img.jpg\" \/><\/p>\n<\/div>","protected":false},"excerpt":{"rendered":"<p>Farmaceutica, Mela d\u2019Oro a Camilla Borghese Khevenh\u00fcller della Ibi di Aprilia by Redazione\u00a0Data:18 giugno 2017 &#8211; Latina24ore.it Nel corso della XXIX edizione del Premio Marisa Bellisario \u2013 in onda il 21 giugno su Rai 2, dalle ore 23.15 \u2013 il presidente di Farmindustria Massimo Scaccabarozzi, consegna la Mela d\u2019Oro a Camilla Borghese Khevenh\u00fcller, presidente di &hellip;<\/p>","protected":false},"author":4,"featured_media":3384,"comment_status":"closed","ping_status":"closed","sticky":false,"template":"","format":"standard","meta":{"footnotes":""},"categories":[1],"tags":[],"class_list":["post-31803","post","type-post","status-publish","format-standard","has-post-thumbnail","hentry","category-notizie"],"amp_enabled":true,"_links":{"self":[{"href":"https:\/\/www.fedaiisf.it\/en\/wp-json\/wp\/v2\/posts\/31803","targetHints":{"allow":["GET"]}}],"collection":[{"href":"https:\/\/www.fedaiisf.it\/en\/wp-json\/wp\/v2\/posts"}],"about":[{"href":"https:\/\/www.fedaiisf.it\/en\/wp-json\/wp\/v2\/types\/post"}],"author":[{"embeddable":true,"href":"https:\/\/www.fedaiisf.it\/en\/wp-json\/wp\/v2\/users\/4"}],"replies":[{"embeddable":true,"href":"https:\/\/www.fedaiisf.it\/en\/wp-json\/wp\/v2\/comments?post=31803"}],"version-history":[{"count":0,"href":"https:\/\/www.fedaiisf.it\/en\/wp-json\/wp\/v2\/posts\/31803\/revisions"}],"wp:featuredmedia":[{"embeddable":true,"href":"https:\/\/www.fedaiisf.it\/en\/wp-json\/wp\/v2\/media\/3384"}],"wp:attachment":[{"href":"https:\/\/www.fedaiisf.it\/en\/wp-json\/wp\/v2\/media?parent=31803"}],"wp:term":[{"taxonomy":"category","embeddable":true,"href":"https:\/\/www.fedaiisf.it\/en\/wp-json\/wp\/v2\/categories?post=31803"},{"taxonomy":"post_tag","embeddable":true,"href":"https:\/\/www.fedaiisf.it\/en\/wp-json\/wp\/v2\/tags?post=31803"}],"curies":[{"name":"wp","href":"https:\/\/api.w.org\/{rel}","templated":true}]}}