{"id":31826,"date":"2017-06-20T13:19:11","date_gmt":"2017-06-20T11:19:11","guid":{"rendered":"http:\/\/www.fedaiisf.it\/?p=31826"},"modified":"2017-06-20T13:19:11","modified_gmt":"2017-06-20T11:19:11","slug":"farmaci-innovativi-vietata-la-prescrizione-ai-medici-medicina-generale","status":"publish","type":"post","link":"https:\/\/www.fedaiisf.it\/en\/farmaci-innovativi-vietata-la-prescrizione-ai-medici-medicina-generale\/","title":{"rendered":"Innovative drugs. Prohibited the prescription to general practitioners"},"content":{"rendered":"<h2>FIMMG, SIMG e Cittadinanzattiva: una vergogna non farli prescrivere a mmg<\/h2>\n<p><a href=\"http:\/\/www.fimmg.org\/index.php?action=pages&amp;m=view&amp;p=43&amp;art=2250\" target=\"_blank\" rel=\"noopener noreferrer\"><span style=\"color: #0000ff;\">Comunicato Stampa Fimmg &#8211;\u00a019\/06\/2017<\/span><\/a><\/p>\n<p>Sul tema della prescrizione dei farmaci innovativi l&#8217;onorevole Federico Gelli ha sollevato un problema che ormai provoca solo imbarazzo nel nostro SSN&#8221;. E&#8217; quanto dichiarano Claudio Cricelli, presidente di SIMG e Silvestro Scotti segretario nazionale di FIMMG<\/p>\n<p><img loading=\"lazy\" decoding=\"async\" class=\"alignright\" src=\"http:\/\/www.osa.coop\/immagini\/nws_tumori_italia_accesso_ritardo_farmaci_innovativi_392_1.jpg\" alt=\"Risultati immagini per farmaci innovativi\" width=\"467\" height=\"311\" \/>&#8220;Da molti anni per una decisione cervellotica e priva di alcun senso logico, clinico ed economico, la prescrizione dei farmaci innovativi \u00e8 stata inibita ai medici di medicina generale sulla base di considerazioni prive di sostanza clinica e sanitaria \u2013 proseguono Cricelli e Scotti -. Questa decisione perdura tuttora e ha portato danni incalcolabili alla salute dei cittadini, a cui \u00e8 stato di fatto impedito l\u2019accesso alle cure di patologie importanti come il diabete e le malattie cardiovascolari\u201d.<\/p>\n<p>Secondo Cricelli e Scotti \u201cha ragione Gelli quando afferma che questa situazione \u00e8 solo italiana. Aggiungiamo \u2013 proseguono &#8211; che a causa di questa assurdit\u00e0 i medici di medicina generale non hanno pi\u00f9 accesso all&#8217;informazione scientifica e alla conoscenza sui nuovi farmaci cosiddetti innovativi, molti dei quali sono stagionati e gi\u00e0 invecchiati. Addirittura si paventa oggi l\u2019inibizione a prescrivere classi di farmaci per le patologie respiratorie croniche rispetto alle quali la medicina generale \u00e8 l\u2019unico comparto medico in grado di reggere l\u2019impatto della cronicit\u00e0 crescente\u201d.<\/p>\n<p>\u201cProviamo imbarazzo e vergogna nel confrontarci con i nostri colleghi di tutto il mondo \u2013 sottolineano-. Siamo considerati i paria del SSN, ci viene richiesta la presa in carico di tutti i cittadini italiani, delegando per\u00f2 ai soli specialisti la prescrizione di farmaci per i quali siamo perfettamente in grado svolgere un adeguato percorso informativo e formativo, anche in collaborazione con altri professionisti coinvolti nel medesimo processo di cura. Una visione di povert\u00e0 culturale dei medici di famiglia e di sudditanza ad altre aree della professione medica sta alla base delle norme vessatorie che impediscono la prescrizione di farmaci cos\u00ec importanti per la salute dei cittadini. Bisogna cambiare strada, e non solo per il diabete \u2013 concludono -. La scarsa considerazione della medicina generale tuttavia non riguarda solo la prescrizione dei farmaci.<\/p>\n<p>\u00c8 la conseguenza di una visione ottusa e retriva della medicina generale che ancora ostinatamente persiste in alcuni settori e in alcune Regioni di questo Paese, che utilizzano il pretesto della appropriatezza per impedire l\u2019armonico e indispensabile sviluppo delle cure primarie, limitandone in ogni modo e con ogni mezzo le enormi capacit\u00e0 ancora inespresse per migliorare l\u2019assistenza e la cura dei cittadini sul territorio. Segnali incoraggianti ci vengono oggi inviati da Mario Melazzini, dg dell\u2019Aifa, al quale riconosciamo il merito di aver compreso l\u2019inutilit\u00e0 e la incongruenza di queste scelte regolatorie del passato, anacronistiche, oltre che dannose dannose nelle circostanze attuali\u201d.<\/p>\n<p><img loading=\"lazy\" decoding=\"async\" class=\"alignleft\" src=\"http:\/\/www.mainfatti.it\/Fimmg\/Diabete-Lorenzin-dia-ok-a-farmaci-innovativi-dicono-medici-di-famiglia_0222430033.jpg\" alt=\"Risultati immagini per farmaci innovativi\" width=\"473\" height=\"255\" \/>&#8220;Lo abbiamo denunciato chiaramente con il nostro ultimo Rapporto nazionale sulle politiche della cronicit\u00e0 &#8220;In cronica attesa&#8221;, spesso la burocrazia diventa il &#8220;tritadiritti&#8221; per i malati cronici \u2013 aggiunge Tonino Aceti, coordinatore nazionale del Tribunale per i diritti del malato di Cittadinanzattiva. In particolare tra le procedure che rendono pi\u00f9 difficile la vita di chi ha una malattia cronica, pi\u00f9 di una persona su tre, c&#8217;\u00e8 proprio il rilascio del piano terapeutico dei farmaci.<\/p>\n<p>Riportare quindi al medico di famiglia la prescrizione di questo farmaci \u00e8 una misura che ci trova favorevoli, e per molteplici motivi \u2013 prosegue Aceti-. Innanzitutto rappresenta una scelta chiara che decide di &#8220;riavvicinare&#8221; il Servizio Sanitario Nazionale ai cittadini e che soprattutto da pari opportunit\u00e0 nell&#8217;accesso alle innovazioni a chi vive nelle aree interne, periferiche o disagiate, dove la medicina di famiglia rimane uno dei pochi punti di riferimento\/presidi del SSN.<\/p>\n<p>E ancora, se ben attuata, favorisce l&#8217;appropriatezza e pu\u00f2 ridurre le\u00a0attese: le visite di controllo si fanno quando necessario e non per avere un rinnovo del piano, lasciando spazio a chi ne ha bisogno.<\/p>\n<p>Infine snellisce le procedure, assicura prossimit\u00e0 e continuit\u00e0 del percorso assistenziale e della presa in cura, accorcia le distanze di centri prescrittivi che arrivano ad essere molto lontani dal luogo di residenza, o difficilmente raggiungibili per via del Trasporto pubblico locale inefficiente e che impongono da parte del paziente e suo familiare la necessit\u00e0 di prendere permessi\/ giorni di ferie quindi, oltre che sostenere ingenti costi per gli spostamenti&#8221; &#8211; conclude Aceti.<\/p>","protected":false},"excerpt":{"rendered":"<p>FIMMG, SIMG e Cittadinanzattiva: una vergogna non farli prescrivere a mmg Comunicato Stampa Fimmg &#8211;\u00a019\/06\/2017 Sul tema della prescrizione dei farmaci innovativi l&#8217;onorevole Federico Gelli ha sollevato un problema che ormai provoca solo imbarazzo nel nostro SSN&#8221;. E&#8217; quanto dichiarano Claudio Cricelli, presidente di SIMG e Silvestro Scotti segretario nazionale di FIMMG &#8220;Da molti anni &hellip;<\/p>","protected":false},"author":4,"featured_media":9770,"comment_status":"closed","ping_status":"closed","sticky":false,"template":"","format":"standard","meta":{"footnotes":""},"categories":[1],"tags":[29,79],"class_list":["post-31826","post","type-post","status-publish","format-standard","has-post-thumbnail","hentry","category-notizie","tag-prezzo-farmaci","tag-ssn"],"amp_enabled":true,"_links":{"self":[{"href":"https:\/\/www.fedaiisf.it\/en\/wp-json\/wp\/v2\/posts\/31826","targetHints":{"allow":["GET"]}}],"collection":[{"href":"https:\/\/www.fedaiisf.it\/en\/wp-json\/wp\/v2\/posts"}],"about":[{"href":"https:\/\/www.fedaiisf.it\/en\/wp-json\/wp\/v2\/types\/post"}],"author":[{"embeddable":true,"href":"https:\/\/www.fedaiisf.it\/en\/wp-json\/wp\/v2\/users\/4"}],"replies":[{"embeddable":true,"href":"https:\/\/www.fedaiisf.it\/en\/wp-json\/wp\/v2\/comments?post=31826"}],"version-history":[{"count":0,"href":"https:\/\/www.fedaiisf.it\/en\/wp-json\/wp\/v2\/posts\/31826\/revisions"}],"wp:featuredmedia":[{"embeddable":true,"href":"https:\/\/www.fedaiisf.it\/en\/wp-json\/wp\/v2\/media\/9770"}],"wp:attachment":[{"href":"https:\/\/www.fedaiisf.it\/en\/wp-json\/wp\/v2\/media?parent=31826"}],"wp:term":[{"taxonomy":"category","embeddable":true,"href":"https:\/\/www.fedaiisf.it\/en\/wp-json\/wp\/v2\/categories?post=31826"},{"taxonomy":"post_tag","embeddable":true,"href":"https:\/\/www.fedaiisf.it\/en\/wp-json\/wp\/v2\/tags?post=31826"}],"curies":[{"name":"wp","href":"https:\/\/api.w.org\/{rel}","templated":true}]}}