{"id":31835,"date":"2017-06-20T17:56:51","date_gmt":"2017-06-20T15:56:51","guid":{"rendered":"http:\/\/www.fedaiisf.it\/?p=31835"},"modified":"2017-06-20T17:56:51","modified_gmt":"2017-06-20T15:56:51","slug":"svizzera-la-forbice-salariale-cresciuta-ancora","status":"publish","type":"post","link":"https:\/\/www.fedaiisf.it\/en\/svizzera-la-forbice-salariale-cresciuta-ancora\/","title":{"rendered":"Swiss. The &quot;wage gap&quot; has grown further"},"content":{"rendered":"<h3>La disparit\u00e0 tra lo stipendio pi\u00f9 alto e quello pi\u00f9 basso in Svizzera si \u00e8 ulteriormente incrementata<\/h3>\n<p><a href=\"http:\/\/www.tio.ch\/News\/Svizzera\/Attualita\/1151308\/La-forbice-salariale-e-cresciuta-ancora\" target=\"_blank\" rel=\"noopener noreferrer\"><span style=\"color: #0000ff;\">20\/06\/2017 &#8211; tio.ch<\/span><\/a><\/p>\n<p class=\"MarginTop0\"><img loading=\"lazy\" decoding=\"async\" class=\"alignright\" src=\"https:\/\/www.tvsvizzera.it\/image\/43273846\/3x2\/640\/426\/c5035f318fbc55c4157b0d0d42932e0\/fJ\/image-20170620phf9176.jpg\" alt=\"Risultati immagini per forbice salariale\" width=\"415\" height=\"276\" \/>BERNA &#8211; In Svizzera il divario tra le retribuzioni dei manager e gli stipendi dei dipendenti \u00e8 cresciuto ulteriormente. I salari dei CEO di 40 grandi societ\u00e0 elvetiche sono cresciuti in media del 7% nel 2016. Quelli dei sottoposti appena dello 0,7%.<\/p>\n<p>Lo scorso anno la forbice salariale tra il minore e il maggiore stipendio versato si \u00e8 attestata in media ad un rapporto di 1 a 165, afferma uno studio pubblicato oggi dal sindacato Unia. L&#8217;anno precedente il divario ammontava a 1:150.<\/p>\n<p>Nel 2016, in 26 delle 40 societ\u00e0 svizzere analizzate i salari dei manager sono aumentati. La somma delle retribuzioni versate ai CEO \u00e8 cresciuta di quasi 10 milioni di franchi a 188 milioni.<\/p>\n<p>( ,,, )<\/p>\n<p>Nell&#8217;industria chimica e farmaceutica il divario medio ammonta a 1:217. Con 1:266, Roche guida non solo la classifica della branca ma anche quella generale di tutte le aziende analizzate. Nel 2016, il presidente della direzione Severin Schwan ha percepito un salario di 11,64 milioni di franchi [N.d.R.: <em>al cambio odierno 10,72 milioni di \u20ac<\/em>].<\/p>\n<p>(Articolo completo\u00a0<span style=\"color: #0000ff;\"><a style=\"color: #0000ff;\" href=\"http:\/\/www.tio.ch\/News\/Svizzera\/Attualita\/1151308\/La-forbice-salariale-e-cresciuta-ancora\" target=\"_blank\" rel=\"noopener noreferrer\">20\/06\/2017 &#8211; tio.ch<\/a>)<\/span><\/p>\n","protected":false},"excerpt":{"rendered":"<p>La disparit\u00e0 tra lo stipendio pi\u00f9 alto e quello pi\u00f9 basso in Svizzera si \u00e8 ulteriormente incrementata 20\/06\/2017 &#8211; tio.ch BERNA &#8211; In Svizzera il divario tra le retribuzioni dei manager e gli stipendi dei dipendenti \u00e8 cresciuto ulteriormente. I salari dei CEO di 40 grandi societ\u00e0 elvetiche sono cresciuti in media del 7% nel &hellip;<\/p>","protected":false},"author":4,"featured_media":31836,"comment_status":"closed","ping_status":"closed","sticky":false,"template":"","format":"standard","meta":{"footnotes":""},"categories":[1],"tags":[51],"class_list":["post-31835","post","type-post","status-publish","format-standard","has-post-thumbnail","hentry","category-notizie","tag-compenso-top-manager"],"amp_enabled":true,"_links":{"self":[{"href":"https:\/\/www.fedaiisf.it\/en\/wp-json\/wp\/v2\/posts\/31835","targetHints":{"allow":["GET"]}}],"collection":[{"href":"https:\/\/www.fedaiisf.it\/en\/wp-json\/wp\/v2\/posts"}],"about":[{"href":"https:\/\/www.fedaiisf.it\/en\/wp-json\/wp\/v2\/types\/post"}],"author":[{"embeddable":true,"href":"https:\/\/www.fedaiisf.it\/en\/wp-json\/wp\/v2\/users\/4"}],"replies":[{"embeddable":true,"href":"https:\/\/www.fedaiisf.it\/en\/wp-json\/wp\/v2\/comments?post=31835"}],"version-history":[{"count":0,"href":"https:\/\/www.fedaiisf.it\/en\/wp-json\/wp\/v2\/posts\/31835\/revisions"}],"wp:featuredmedia":[{"embeddable":true,"href":"https:\/\/www.fedaiisf.it\/en\/wp-json\/wp\/v2\/media\/31836"}],"wp:attachment":[{"href":"https:\/\/www.fedaiisf.it\/en\/wp-json\/wp\/v2\/media?parent=31835"}],"wp:term":[{"taxonomy":"category","embeddable":true,"href":"https:\/\/www.fedaiisf.it\/en\/wp-json\/wp\/v2\/categories?post=31835"},{"taxonomy":"post_tag","embeddable":true,"href":"https:\/\/www.fedaiisf.it\/en\/wp-json\/wp\/v2\/tags?post=31835"}],"curies":[{"name":"wp","href":"https:\/\/api.w.org\/{rel}","templated":true}]}}