{"id":31895,"date":"2017-06-24T20:04:14","date_gmt":"2017-06-24T18:04:14","guid":{"rendered":"http:\/\/www.fedaiisf.it\/?p=31895"},"modified":"2017-07-03T20:05:04","modified_gmt":"2017-07-03T18:05:04","slug":"affollatissima-lassemblea-defli-informatori-scientifici-bologna-regolamento-regionale-degli-isf-al-centro-del-dibattito","status":"publish","type":"post","link":"https:\/\/www.fedaiisf.it\/en\/affollatissima-lassemblea-defli-informatori-scientifici-bologna-regolamento-regionale-degli-isf-al-centro-del-dibattito\/","title":{"rendered":"The Assembly of Scientific Representatives in Bologna was very crowded. The Regional Regulation of the ISF at the center of the debate"},"content":{"rendered":"<p>Grandissima partecipazione di Informatori Scientifici del Farmaco all&#8217;Assemblea organizzata dalla Filctem Emilia-Romagna. La partecipazione \u00e8 stata talmente elevata che la sala approntata \u00e8 risultata insufficiente a contenere tutti i partecipanti.<\/p>\n<p><a href=\"http:\/\/www.fedaiisf.it\/wp-content\/uploads\/2017\/06\/Assemblea-Filctem-BO-pubblico.jpg\"><img loading=\"lazy\" decoding=\"async\" class=\"wp-image-31899 alignright\" src=\"http:\/\/www.fedaiisf.it\/wp-content\/uploads\/2017\/06\/Assemblea-Filctem-BO-pubblico-300x225.jpg\" alt=\"\" width=\"379\" height=\"284\" srcset=\"https:\/\/www.fedaiisf.it\/wp-content\/uploads\/2017\/06\/Assemblea-Filctem-BO-pubblico-300x225.jpg 300w, https:\/\/www.fedaiisf.it\/wp-content\/uploads\/2017\/06\/Assemblea-Filctem-BO-pubblico-1024x768.jpg 1024w, https:\/\/www.fedaiisf.it\/wp-content\/uploads\/2017\/06\/Assemblea-Filctem-BO-pubblico-768x576.jpg 768w, https:\/\/www.fedaiisf.it\/wp-content\/uploads\/2017\/06\/Assemblea-Filctem-BO-pubblico.jpg 1280w\" sizes=\"auto, (max-width: 379px) 100vw, 379px\" \/><\/a>There <a href=\"https:\/\/www.youtube.com\/watch?v=i1Hs40S4xJ4\" target=\"_blank\" rel=\"noopener noreferrer\">Segretaria Regionale Filctem, <strong>Coi<\/strong>, ha introdotto i lavori<\/a> ricordando i pi\u00f9 di 13.000 ISF licenziati da aziende che continuavano a fare utili. Ha ricordato che era nato col Ministero un progetto per la riassunzione dei licenziati. Ma chi \u00e8 stato riassunto lo \u00e8 stato come agente di commercio e l&#8217;ISF non \u00e8 un operatore commerciale. Anzi, per le sue caratteristiche dovrebbe essere inserito a pieno titolo nel settore sanitario pubblico. Il pericolo attuale \u00e8 che l&#8217;attivit\u00e0 degli ISF possa essere sostituita da call center.<\/p>\n<p><a href=\"https:\/\/www.youtube.com\/watch?v=fgjrcDEgb0s\" target=\"_blank\" rel=\"noopener noreferrer\"><strong>Pietro Gualandi<\/strong><\/a>, responsabile Filctem regionale per gli Informatori Scientifici, ha esordito\u00a0con un omaggio a Rodot\u00e0, morto ieri, citando una sua frase \u00ab<em>Chiunque metta nelle condizioni una persona, non solo un lavoratore, di non essere libero ma di essere impaurito, attenta alla democrazia, e noi in questo momento questa democrazia ce la dobbiamo sentire stretta<\/em>\u00bb. Nel suo intervento, ha rilevato che la dignit\u00e0 della categoria degli ISF non manca e una cos\u00ec grande partecipazione lo testimonia. Ha evidenziato l&#8217;andamento anticiclico del settore farmaceutico enumerando i numeri di questo successo in termini di fatturato ed esportazioni, quando in Italia tutti gli altri settori industriali stagnavano o peggio arretravano. Dei quasi 30.000 ISF del 2006 oggi sono rimasti circa 8.000. Fra questi c&#8217;\u00e8 il rischio di confondere gli ISF che seguono le leggi e gli ISF &#8220;commerciali&#8221;. La crisi occupazionale della categoria ha poi prodotto in Italia la chiusura di quasi tutti i corsi di laurea in informazione scientifica, facendo mancare un supporto culturale qualificante. L&#8217;ISF, ha concluso Gualandi, deve essere riconosciuto come un operatore sanitario, non \u00e8 un capro espiatorio su cui scaricare colpe che non ha.<\/p>\n<p><a href=\"https:\/\/www.youtube.com\/watch?v=oun0a5r_3TE\" target=\"_blank\" rel=\"noopener noreferrer\">E&#8217; intervenuta poi la Dr.ssa <strong>Kyriakoula Petropulacos<\/strong><\/a>, Direttrice Generale Salute e Welfare Regione Emilia Romagna. Ha esordito ammettendo che nel DGR ci possono essere elementi migliorabili, ma in sostanza ha ribadito la bont\u00e0 del provvedimento di regolamentazione dell&#8217;Informazione Scientifica. L&#8217;introduzione della registrazione degli ISF in regione ed il relativo tesserino identificativo che ogni ISF deve mostrare \u00e8 qualificante. Nel regolamento regionale si dice poi che sono preferibili gli incontri collettivi medici\/ISF piuttosto che incontri individuali. La Regione, ha continuato la Dr.ssa Petropulacos, vuole che ci si uniformi al principio di trasparenza e che vengano alla luce interessi commerciali e conflitti d&#8217;interesse. Con questo DGR si \u00e8 colmato una carenza che risale al 2006 e che, tutto sommato, non \u00e8 molto diverso dai regolamenti delle altre regioni. Ha comunque precisato che nonostante abbia firmato il DGR non lo ha compilato lei n\u00e9 lo ha letto completamente. Non posso certo leggere tutto quello che mi passano! ha concluso (al min. 17,50 del video)<\/p>\n<p><img loading=\"lazy\" decoding=\"async\" class=\"alignleft\" src=\"https:\/\/scontent-mxp1-1.xx.fbcdn.net\/v\/t31.0-8\/19390956_1391463507603899_2508735408622381283_o.jpg?oh=e8e53258b759123c0fb3265127f91c7d&amp;oe=59D4FF2F\" alt=\"L'immagine pu\u00f2 contenere: 5 persone, persone sedute e spazio al chiuso\" width=\"510\" height=\"287\" \/>AND&#039; <a href=\"https:\/\/www.youtube.com\/watch?v=faE0HI9Hpak\" target=\"_blank\" rel=\"noopener noreferrer\">intervento poi il Presidente Nazionale Fedaiisf, <strong>Antonio Mazzarella<\/strong><\/a>. Ha esordito ringraziando la Dr.ssa Petropulacos per la sua presenza, non facile, in questa assemblea. Ha rilevato poi che il DGR trae ispirazione dal Codice ANAC (anticorruzione) e se l&#8217;ANAC identifica gli ISF come possibile corruttore non c&#8217;\u00e8 da stupirsi che l&#8217;Italia sia uno dei paesi pi\u00f9 corrotti d&#8217;Europa. Ha ribattuto, a proposito dei Regolamenti regionali, che se tutti fanno cose non corrette non giustifica conformarsi all&#8217;errore. Se lo scopo del DGR \u00e8 ostacolare la corruzione \u00e8 evidente che non centra l&#8217;obiettivo, ma identifica un capro espiatorio. Chi fa queste direttive evidentemente non conosce la legge che effettivamente regolamenta l&#8217;attivit\u00e0 degli ISF e, ancora pi\u00f9 grave, non solo non conosce le leggi ma non conosce nemmeno le dinamiche del settore che vuole regolamentare. Le istituzioni dovrebbero vederci come un servizio pubblico. Quando poi si fanno regole di questo tipo si danno spazio ad interpretazioni locali come quella fatta all&#8217;ospedale di Parma. Esempio lampante il modulo di richiesta d&#8217;incontro che \u00e8 stato approntato in cui devono essere inseriti i dati anagrafici dell&#8217;ISF, del farmaco di cui si vuole parlare, la forma farmaceutica, la classificazione ATC ( n.d.r: <em>classificazione anatomico, terapeutico e chimico<\/em>), e se si ha intenzione di lasciare campioni. Mazzarella ha mostrato il modulo alla Dr.ssa Petropulacos\u00a0che ha detto che dalla sua postazione non lo vedeva bene (n.d.r.:<em> evidentemente non conosce la situazione<\/em>). Dopo la presentazione della richiesta il farmacista dell&#8217;ospedale risponder\u00e0 all&#8217;ISF entro 10 giorni che ha ricevuto il modulo. Il modulo verr\u00e0 esaminato dallo stesso farmacista per una prima valutazione e se lo giudicher\u00e0 congruo lo inoltrer\u00e0 al direttore di dipartimento che lo inoltrer\u00e0 a sua volta al Direttore o primario della struttura che a sua volta lo inoltrer\u00e0 al medico che si chiede di vedere. Se il medico dar\u00e0 il suo consenso lo riferir\u00e0 al suo primario che lo riferir\u00e0 al Direttore di Dipartimento che lo comunicher\u00e0 al Farmacista che, se dar\u00e0 il suo consenso decisivo e definitivo dar\u00e0 la disponibilit\u00e0 di vedere il medico richiesto in un orario fra le 15 e le 18, quando il medico \u00e8 gi\u00e0 &#8220;smontato&#8221; o perch\u00e9 fa orario continuato o tempo parziale. Sar\u00e0 vietato chiedere informazioni sullo stato di \u201cprocessazione\u201d, tradotto: a che punto \u00e8 l\u2019iter della \u201cpratica\u201d.\u00a0Ma ammesso che finalmente l&#8217;ISF incontri il medico richiesto, se questo gli chiede informazioni su un&#8217;altra forma farmaceutica o di un farmaco non inserito nella lista del modulo, che succede? Ci saranno punizioni corporali? Comunque non \u00e8 finita qui, se per caso si incontra il medico richiesto bisogna compilare il verbale dell&#8217;incontro da consegnare entro 10 giorni al &#8220;grande fratello&#8221; farmacista! Se l&#8217;Ospedale di Parma ha problemi di legalit\u00e0 interna \u00e8 bene che se le risolva all&#8217;interno e non distrarre l&#8217;opinione pubblica su un inesistente problema ISF.<\/p>\n<p>Fra gli oratori \u00e8 intervenuta anche <a href=\"https:\/\/www.youtube.com\/watch?v=_OGaHzZHO-U\" target=\"_blank\" rel=\"noopener noreferrer\">Marina Balestrier<\/a>the.<\/p>\n<p>Sono seguiti poi vari interventi che hanno messo in risalto tutte le incongruit\u00e0, le contraddizioni e soprattutto il clima che si \u00e8 creato nelle strutture ospedaliere tanto che la collega <span style=\"color: #0000ff;\"><a style=\"color: #0000ff;\" href=\"https:\/\/www.youtube.com\/watch?v=PG2TITb2sjM\" target=\"_blank\" rel=\"noopener noreferrer\">Luisa ha raccontato<\/a><\/span> che ha potuto vedere un medico senza borsa da ISF, il medico senza camice e di nascosto in uno sgabuzzino. Ma per chi ci hanno preso? Un altro collega ha precisato che le norme sul conflitto d&#8217;interesse esistono da tempo e sono pubblici e le aziende pubblicano on line tutte le &#8220;elargizioni&#8221; che fanno.<\/p>\n<p>Sono seguiti gli interventi di <a href=\"https:\/\/www.youtube.com\/watch?v=fca2Uktauro\" target=\"_blank\" rel=\"noopener noreferrer\">Rita Turani<\/a>, <a href=\"https:\/\/www.youtube.com\/watch?v=yIhH9h6YjC0\" target=\"_blank\" rel=\"noopener noreferrer\">Henry Dolphins<\/a>, <a href=\"https:\/\/www.youtube.com\/watch?v=Zmbpsqz8wI8\" target=\"_blank\" rel=\"noopener noreferrer\">Alberto Bonomo<\/a>, <a href=\"https:\/\/www.youtube.com\/watch?v=XKBDG9tQCAI\" target=\"_blank\" rel=\"noopener noreferrer\">Simonetta Ferrari<\/a>, <a href=\"https:\/\/www.youtube.com\/watch?v=qrdFplYE9ug\" target=\"_blank\" rel=\"noopener noreferrer\">Emanuela Berselli<\/a>, <a href=\"https:\/\/www.youtube.com\/watch?v=CCIT4VK40gM\" target=\"_blank\" rel=\"noopener noreferrer\">Massimo Pirini<\/a>, <a href=\"https:\/\/www.youtube.com\/watch?v=ozxvCRgdxB4\" target=\"_blank\" rel=\"noopener noreferrer\">Gianluca Iori<\/a>, <a href=\"https:\/\/www.youtube.com\/watch?v=-K64Ub5gUcA\" target=\"_blank\" rel=\"noopener noreferrer\">Angelo Adamo<\/a><\/p>\n<p>Has <a href=\"https:\/\/www.youtube.com\/watch?v=HvrJXgkR5OI\" target=\"_blank\" rel=\"noopener noreferrer\">replicato la <strong>Dr.ssa\u00a0Petropulacos<\/strong><\/a> che ha ribadito la bont\u00e0 del provvedimento ed ha avvertito che \u00e8 ora che gli ISF si accorgano che il mondo cambia! (N.d.R.: <em>E&#8217; una minaccia?<\/em>)<\/p>\n<p>Has <a href=\"https:\/\/www.youtube.com\/watch?v=6HknyathjhE\" target=\"_blank\" rel=\"noopener noreferrer\">concluso i lavori <strong>Sergio Cardinals<\/strong><\/a>, Responsabile Nazionale Filctem per gli Informatori Scientifici. Ha detto che la grande partecipazione a questa assemblea rappresenta uno spartiacque sulla questione ISF. Il problema, ha detto, nasce a monte su leggi non osservate, controllori che non controllano, datori di lavoro che fanno quel che vogliono. Ha posto la questione al tavolo della Farmaceutica. Bisogna lavorare affinch\u00e9 l&#8217;ISF riassuma il ruolo che gli assegna la legge e se ci sono ambiguit\u00e0 nella legge vanno chiarite. &#8220;Finalmente, ha dichiarato poi Cardinali, \u00a0un confronto democratico tra l&#8217;informazione scientifica e le istituzioni, la grande partecipazione dei lavoratori \u00e8 il primo risultato. Gli ISF non sono i corruttori del sistema&#8221;<\/p>\n<p>Intervento di chiusura del segretario generale regionale FILTCEM <a href=\"https:\/\/www.youtube.com\/watch?v=0LW-whCeYbQ&amp;t=3s\" target=\"_blank\" rel=\"noopener noreferrer\">Giordano Giovannini<\/a><\/p>\n<p>Editor&#039;s note: <em>tutti gli interventi all&#8217;Assemblea sono stati filmati e registrati<\/em><\/p>\n<p>Related news: <span style=\"color: #0000ff;\"><a style=\"color: #0000ff;\" href=\"http:\/\/www.fedaiisf.it\/en\/parma-lallucinante-modulo-dincontro-fra-isf-medici-allospedale\/\" target=\"_blank\" rel=\"noopener noreferrer\">Parma. The hallucinating request form for a meeting between ISF and Doctors at the hospital. Ed<\/a><\/span><\/p>\n<p><span style=\"color: #0000ff;\"><a style=\"color: #0000ff;\" href=\"http:\/\/www.fedaiisf.it\/wp-content\/uploads\/2017\/05\/Indicazioni_applicative_ISF.pdf\" target=\"_blank\" rel=\"noopener noreferrer\">Indications_applications_ISF<\/a>\u00a0\u2013\u00a0<a style=\"color: #0000ff;\" href=\"http:\/\/www.fedaiisf.it\/wp-content\/uploads\/2017\/05\/Reg.-E.R.Allegato-1-.pdf\" target=\"_blank\" rel=\"noopener noreferrer\">Reg. ER Annex 1<\/a><\/span><\/p>\n<p><span style=\"color: #0000ff;\"><a style=\"color: #0000ff;\" href=\"http:\/\/www.fedaiisf.it\/wp-content\/uploads\/2014\/05\/Emilia-Romagna.dgr-2309-2016.pdf\" target=\"_blank\" rel=\"noopener noreferrer\">Emilia-Romagna.dgr-2309-2016<\/a><\/span><\/p>\n<p><img loading=\"lazy\" decoding=\"async\" class=\"aligncenter\" src=\"https:\/\/scontent-mxp1-1.xx.fbcdn.net\/v\/t31.0-8\/19243171_1391463547603895_2721758636311738566_o.jpg?oh=c80315f2a87dc122c02547408125a8dc&amp;oe=59C90B37\" alt=\"L'immagine pu\u00f2 contenere: una o pi\u00f9 persone, folla e spazio al chiuso\" width=\"1068\" height=\"601\" \/><\/p>\n<p><img loading=\"lazy\" decoding=\"async\" class=\"aligncenter\" src=\"https:\/\/scontent-mxp1-1.xx.fbcdn.net\/v\/t31.0-8\/19400623_1391463590937224_6729780695242547578_o.jpg?oh=2f5f15f54ecc28596da4c819b87c15fe&amp;oe=59C35992\" alt=\"L'immagine pu\u00f2 contenere: 9 persone, persone sedute, folla e spazio al chiuso\" width=\"1071\" height=\"603\" \/><\/p>","protected":false},"excerpt":{"rendered":"<p>Grandissima partecipazione di Informatori Scientifici del Farmaco all&#8217;Assemblea organizzata dalla Filctem Emilia-Romagna. La partecipazione \u00e8 stata talmente elevata che la sala approntata \u00e8 risultata insufficiente a contenere tutti i partecipanti. La Segretaria Regionale Filctem, Coi, ha introdotto i lavori ricordando i pi\u00f9 di 13.000 ISF licenziati da aziende che continuavano a fare utili. Ha ricordato &hellip;<\/p>","protected":false},"author":4,"featured_media":31898,"comment_status":"closed","ping_status":"closed","sticky":false,"template":"","format":"standard","meta":{"footnotes":""},"categories":[16],"tags":[21,41,44],"class_list":["post-31895","post","type-post","status-publish","format-standard","has-post-thumbnail","hentry","category-primo-piano","tag-informatori-scientifici","tag-leggisentenze","tag-sindacati"],"amp_enabled":true,"_links":{"self":[{"href":"https:\/\/www.fedaiisf.it\/en\/wp-json\/wp\/v2\/posts\/31895","targetHints":{"allow":["GET"]}}],"collection":[{"href":"https:\/\/www.fedaiisf.it\/en\/wp-json\/wp\/v2\/posts"}],"about":[{"href":"https:\/\/www.fedaiisf.it\/en\/wp-json\/wp\/v2\/types\/post"}],"author":[{"embeddable":true,"href":"https:\/\/www.fedaiisf.it\/en\/wp-json\/wp\/v2\/users\/4"}],"replies":[{"embeddable":true,"href":"https:\/\/www.fedaiisf.it\/en\/wp-json\/wp\/v2\/comments?post=31895"}],"version-history":[{"count":0,"href":"https:\/\/www.fedaiisf.it\/en\/wp-json\/wp\/v2\/posts\/31895\/revisions"}],"wp:featuredmedia":[{"embeddable":true,"href":"https:\/\/www.fedaiisf.it\/en\/wp-json\/wp\/v2\/media\/31898"}],"wp:attachment":[{"href":"https:\/\/www.fedaiisf.it\/en\/wp-json\/wp\/v2\/media?parent=31895"}],"wp:term":[{"taxonomy":"category","embeddable":true,"href":"https:\/\/www.fedaiisf.it\/en\/wp-json\/wp\/v2\/categories?post=31895"},{"taxonomy":"post_tag","embeddable":true,"href":"https:\/\/www.fedaiisf.it\/en\/wp-json\/wp\/v2\/tags?post=31895"}],"curies":[{"name":"wp","href":"https:\/\/api.w.org\/{rel}","templated":true}]}}