{"id":32115,"date":"2017-07-06T19:33:06","date_gmt":"2017-07-06T17:33:06","guid":{"rendered":"http:\/\/www.fedaiisf.it\/?p=32115"},"modified":"2017-07-24T10:19:26","modified_gmt":"2017-07-24T08:19:26","slug":"si-muove-anche-femca-cisl-richiesta-incontro-regione-emilia-romagna-regolamento-provoca-ingiustificata-penalizzazione-dellautonomia-professionalita-degli-isf","status":"publish","type":"post","link":"https:\/\/www.fedaiisf.it\/en\/si-muove-anche-femca-cisl-richiesta-incontro-regione-emilia-romagna-regolamento-provoca-ingiustificata-penalizzazione-dellautonomia-professionalita-degli-isf\/","title":{"rendered":"Femca CISL is also moving. Request a meeting with the Emilia-Romagna Region. The Regulation causes an unjustified penalization of the autonomy and professionalism of the ISFs"},"content":{"rendered":"<p>Le recente delibera regionale approvata il 22 dicembre scorso impone nuove regole per l&#8217;informazione scientifica del farmaco nella Regione Emilia Romagna.<\/p>\n<p>Pur condividendo la necessit\u00e0 da parte della Regione di adeguarsi alle richieste della conferenza Stato Regioni datata 2006 a proposito della regolamentazione dell&#8217;attivit\u00e0 dell&#8217;informazione scientifica del farmaco, dobbiamo rilevare come le nuove regole apportate, in particolar modo dai regolamenti interni degli ospedali Maggiore di Parma e del Policlinico Sant&#8217;Orsola di Bologna restringono ancora di pi\u00f9 le modalit\u00e0 di una approfondita, consapevole e scientifica informazione sui farmaci.<\/p>\n<p>L&#8217;incentivazione di incontri collegiali all&#8217;interno della fascia oraria del tardo pomeriggio sono da noi interpretate come una ingiustificata penalizzazione dell&#8217;autonomia e professionalit\u00e0 degli informatori scientifici del farmaco, senza che ci sia una maggiore garanzia attraverso questo sistema con pi\u00f9 trasparenza nei rapporti tra medici, informatori scientifici e aziende farmaceutiche.<\/p>\n<p>Siamo oltremodo preoccupati che l&#8217;unico risultato di tali disposizioni sia quello di avere ulteriori ricadute sui livelli occupazionali in una categoria di lavoratori che ha gi\u00e0 pagato un prezzo altissimo in termini di riduzione occupazionale dovuta ai forti processi riorganizzativi attuati dalle aziende.<\/p>\n<p>Riteniamo che la delibera regionale n. 2309\/2016 vada meglio specificata nelle sue articolazioni gestionali per permettere una attivit\u00e0 dell&#8217;informazione scientifica, che \u00e8 stabilit\u00e0 e garantita dalle leggi italiane, che sia trasparente ed etica nell&#8217;interesse del personale medico, dei cittadini e dei pazienti.<\/p>\n<p>Con la presente siamo a chiedere un incontro per meglio specificare le problematiche degli Informatori Scientifici del Farmaco che la nostra categoria rappresenta nell&#8217;ambito del settore farmaceutico.<\/p>\n<p>La ringraziamo anticipatamente per la sua disponibilit\u00e0.<\/p>\n<p>Best regards.<\/p>\n<p style=\"text-align: right;\">La Segreteria. Nazionale Femca Cisl<\/p>\n<p style=\"text-align: center;\"><span style=\"font-size: 11px;\">Viale Somalia, 1 00199 Roma tel. 06.8622001\/02 fax 06.86220032 femca.nazionale@cisl.it www.femcacisl.it<\/span><\/p>\n<hr \/>\n<p><span style=\"color: #0000ff;\"><a style=\"color: #0000ff;\" href=\"http:\/\/www.fedaiisf.it\/wp-content\/uploads\/2017\/07\/Lettera-Femca.-a-Ass.-Venturi-su-Regolamento-ISF.pdf\" target=\"_blank\" rel=\"noopener noreferrer\">Lettera Femca. a Ass. Venturi su Regolamento ISF<\/a><\/span><\/p>\n<p>Related news:\u00a0<span style=\"color: #0000ff;\"><a style=\"color: #0000ff;\" href=\"http:\/\/www.fedaiisf.it\/wp-content\/uploads\/2017\/06\/Bologna-S.Orsola-\u201cDisposizioni-in-materia-di-informazione-tecnico-scientifica\u201d.pdf\" target=\"_blank\" rel=\"noopener noreferrer\">Bologna S.Orsola-&quot;Provisions on technical-scientific information&quot;<\/a><\/span><\/p>\n<p><span style=\"color: #0000ff;\"><a style=\"color: #0000ff;\" href=\"http:\/\/www.fedaiisf.it\/wp-content\/uploads\/2014\/05\/Emilia-Romagna.dgr-2309-2016.pdf\" target=\"_blank\" rel=\"noopener noreferrer\">Emilia-Romagna.dgr-2309-2016<\/a><\/span><\/p>\n<p><span style=\"color: #0000ff;\"><a style=\"color: #0000ff;\" href=\"http:\/\/www.fedaiisf.it\/en\/parma-lallucinante-modulo-dincontro-fra-isf-medici-allospedale\/\" target=\"_blank\" rel=\"noopener noreferrer\">Parma. The hallucinating request form for a meeting between ISF and Doctors at the hospital. Ed<\/a><\/span><\/p>","protected":false},"excerpt":{"rendered":"<p>Le recente delibera regionale approvata il 22 dicembre scorso impone nuove regole per l&#8217;informazione scientifica del farmaco nella Regione Emilia Romagna. Pur condividendo la necessit\u00e0 da parte della Regione di adeguarsi alle richieste della conferenza Stato Regioni datata 2006 a proposito della regolamentazione dell&#8217;attivit\u00e0 dell&#8217;informazione scientifica del farmaco, dobbiamo rilevare come le nuove regole apportate, &hellip;<\/p>","protected":false},"author":4,"featured_media":32116,"comment_status":"closed","ping_status":"closed","sticky":false,"template":"","format":"standard","meta":{"footnotes":""},"categories":[1],"tags":[],"class_list":["post-32115","post","type-post","status-publish","format-standard","has-post-thumbnail","hentry","category-notizie"],"amp_enabled":true,"_links":{"self":[{"href":"https:\/\/www.fedaiisf.it\/en\/wp-json\/wp\/v2\/posts\/32115","targetHints":{"allow":["GET"]}}],"collection":[{"href":"https:\/\/www.fedaiisf.it\/en\/wp-json\/wp\/v2\/posts"}],"about":[{"href":"https:\/\/www.fedaiisf.it\/en\/wp-json\/wp\/v2\/types\/post"}],"author":[{"embeddable":true,"href":"https:\/\/www.fedaiisf.it\/en\/wp-json\/wp\/v2\/users\/4"}],"replies":[{"embeddable":true,"href":"https:\/\/www.fedaiisf.it\/en\/wp-json\/wp\/v2\/comments?post=32115"}],"version-history":[{"count":0,"href":"https:\/\/www.fedaiisf.it\/en\/wp-json\/wp\/v2\/posts\/32115\/revisions"}],"wp:featuredmedia":[{"embeddable":true,"href":"https:\/\/www.fedaiisf.it\/en\/wp-json\/wp\/v2\/media\/32116"}],"wp:attachment":[{"href":"https:\/\/www.fedaiisf.it\/en\/wp-json\/wp\/v2\/media?parent=32115"}],"wp:term":[{"taxonomy":"category","embeddable":true,"href":"https:\/\/www.fedaiisf.it\/en\/wp-json\/wp\/v2\/categories?post=32115"},{"taxonomy":"post_tag","embeddable":true,"href":"https:\/\/www.fedaiisf.it\/en\/wp-json\/wp\/v2\/tags?post=32115"}],"curies":[{"name":"wp","href":"https:\/\/api.w.org\/{rel}","templated":true}]}}