{"id":32127,"date":"2017-07-07T18:11:52","date_gmt":"2017-07-07T16:11:52","guid":{"rendered":"http:\/\/www.fedaiisf.it\/?p=32127"},"modified":"2017-08-05T11:13:44","modified_gmt":"2017-08-05T09:13:44","slug":"martedi-scorso-incontroscontro-farmindustria-ospedale-parma-sul-regolamento-daccesso-degli-isf","status":"publish","type":"post","link":"https:\/\/www.fedaiisf.it\/en\/martedi-scorso-incontroscontro-farmindustria-ospedale-parma-sul-regolamento-daccesso-degli-isf\/","title":{"rendered":"Marted\u00ec scorso incontro\/scontro Farmindustria Ospedale di Parma sul regolamento d&#8217;accesso degli ISF"},"content":{"rendered":"<p>Marted\u00ec mattina si \u00e8 tenuto all&#8217;Ospedale un incontro fra rappresentanti di Farmindustria e la dirigente servizio Farmacia e governo clinico del farmaco dell&#8217;Ospedale, Alessandra Zanardi.<\/p>\n<p>Un confronto a tratti con toni duri, durante il quale si \u00e8 cercato di chiarire gli aspetti pi\u00f9 controversi, tenendo conto che nella partita c&#8217;\u00e8 un terzo interlocutore, la Regione.<\/p>\n<p><a href=\"http:\/\/www.fedaiisf.it\/wp-content\/uploads\/2017\/05\/Osp.Magg_.Parma_.jpg\"><img loading=\"lazy\" decoding=\"async\" class=\"wp-image-31389 alignright\" src=\"http:\/\/www.fedaiisf.it\/wp-content\/uploads\/2017\/05\/Osp.Magg_.Parma_-300x186.jpg\" alt=\"\" width=\"419\" height=\"260\" srcset=\"https:\/\/www.fedaiisf.it\/wp-content\/uploads\/2017\/05\/Osp.Magg_.Parma_-300x186.jpg 300w, https:\/\/www.fedaiisf.it\/wp-content\/uploads\/2017\/05\/Osp.Magg_.Parma_-1024x637.jpg 1024w, https:\/\/www.fedaiisf.it\/wp-content\/uploads\/2017\/05\/Osp.Magg_.Parma_-768x477.jpg 768w, https:\/\/www.fedaiisf.it\/wp-content\/uploads\/2017\/05\/Osp.Magg_.Parma_.jpg 1311w\" sizes=\"auto, (max-width: 419px) 100vw, 419px\" \/><\/a>\u00abSiamo disponibili ad approfondire e dettagliare i contenuti del regolamento adottato dall&#8217;Azienda ospedaliero-universitaria di Parma in attuazione della delibera regionale 2309 e a valutare ogni eventuale criticit\u00e0 venisse manifestata dai professionisti e dagli operatori del settore\u00bb, \u00e8 il commento del direttore generale dell&#8217;ospedale Maggiore, Massimo Fabi.<\/p>\n<p>Anche per i medici le nuove regole sarebbero troppo restrittive:\u00a0\u00abL&#8217;organizzazione e i tempi delle visite non funzionano, tenendo conto che al Maggiore [n.d.r: 1.137\u00a0posti letto ,\u00a03.779\u00a0dipendenti e\u00a0199\u00a0universitari in convenzione]. arrivano quotidianamente una cinquantina di informatori, che di solito riceviamo all&#8217;ora di pranzo &#8211; dice un medico che preferisce restare anonimo &#8211; Giusta la trasparenza e anche limitare le visite, ma salvaguardando l&#8217;importante rapporto con le aziende farmaceutiche. Ed \u00e8 vessatorio chiedere ai medici una relazione su ogni incontro. Come se non ci fosse gi\u00e0 abbastanza burocrazia\u00bb.<\/p>\n<p>Cos\u00ec abbiamo estratto da un articolo di oggi, 7 luglio, a pagina 18 sulla <a href=\"http:\/\/www.fedaiisf.it\/wp-content\/uploads\/2017\/07\/Gazzetta-di-Parma-Art.-ISF-Ospedale.pdf\" target=\"_blank\" rel=\"noopener noreferrer\"><span style=\"color: #0000ff;\">Gazzetta di Parma dal titolo &#8220;Nuove regole dopo Pasimafi, informatori medici in subbuglio&#8221;.<\/span><\/a><\/p>\n<p>L&#8217;articolo descrive brevemente la procedura da attuare per vedere un medico senza scendere nei particolari per cui risulta oscuro e non comprensibile il perch\u00e9 della protesta. Per precisione lo riportiamo:<\/p>\n<p><em>L\u2018informatore scientifico deve presentare richiesta con apposito <a href=\"http:\/\/www.ao.pr.it\/wp-content\/uploads\/2012\/03\/P061-ALL.-N.-5-editabile_c.pdf\" target=\"_blank\" rel=\"noopener noreferrer\"><span style=\"color: #0000ff;\">modulo<\/span><\/a> al servizio Farmacia e Governo Clinico del Farmaco. La richiesta, debitamente compilata e firmata, va inviata alla segreteria del Servizio Farmacia. Il Servizio Farmacia effettua, entro 10 giorni lavorativi, una prima valutazione di congruit\u00e0 della richiesta e invier\u00e0 l\u2019autorizzazione unicamente al Direttore di Dipartimento.<\/em><\/p>\n<p><em>La richiesta da parte dell\u2019informatore scientifico dovr\u00e0, oltre i dati anagrafici, indicare il nome e le specifiche del farmaco o del dispositivo medico che si vuole far conoscere; l\u2019elenco delle Strutture proposte per l\u2019attivit\u00e0 di informazione, eventuali campioni gratuiti che verranno consegnati.<\/em><\/p>\n<p><em><a href=\"http:\/\/www.fedaiisf.it\/wp-content\/uploads\/2017\/06\/ospedale.parma_.pediatria.jpg\"><img loading=\"lazy\" decoding=\"async\" class=\" wp-image-31738 alignleft\" src=\"http:\/\/www.fedaiisf.it\/wp-content\/uploads\/2017\/06\/ospedale.parma_.pediatria-300x202.jpg\" alt=\"\" width=\"410\" height=\"276\" srcset=\"https:\/\/www.fedaiisf.it\/wp-content\/uploads\/2017\/06\/ospedale.parma_.pediatria-300x202.jpg 300w, https:\/\/www.fedaiisf.it\/wp-content\/uploads\/2017\/06\/ospedale.parma_.pediatria-274x183.jpg 274w, https:\/\/www.fedaiisf.it\/wp-content\/uploads\/2017\/06\/ospedale.parma_.pediatria-364x245.jpg 364w, https:\/\/www.fedaiisf.it\/wp-content\/uploads\/2017\/06\/ospedale.parma_.pediatria-80x54.jpg 80w, https:\/\/www.fedaiisf.it\/wp-content\/uploads\/2017\/06\/ospedale.parma_.pediatria-130x87.jpg 130w, https:\/\/www.fedaiisf.it\/wp-content\/uploads\/2017\/06\/ospedale.parma_.pediatria-85x57.jpg 85w, https:\/\/www.fedaiisf.it\/wp-content\/uploads\/2017\/06\/ospedale.parma_.pediatria-266x179.jpg 266w, https:\/\/www.fedaiisf.it\/wp-content\/uploads\/2017\/06\/ospedale.parma_.pediatria-347x233.jpg 347w, https:\/\/www.fedaiisf.it\/wp-content\/uploads\/2017\/06\/ospedale.parma_.pediatria-112x75.jpg 112w, https:\/\/www.fedaiisf.it\/wp-content\/uploads\/2017\/06\/ospedale.parma_.pediatria-179x120.jpg 179w, https:\/\/www.fedaiisf.it\/wp-content\/uploads\/2017\/06\/ospedale.parma_.pediatria-170x113.jpg 170w, https:\/\/www.fedaiisf.it\/wp-content\/uploads\/2017\/06\/ospedale.parma_.pediatria-81x55.jpg 81w, https:\/\/www.fedaiisf.it\/wp-content\/uploads\/2017\/06\/ospedale.parma_.pediatria.jpg 620w\" sizes=\"auto, (max-width: 410px) 100vw, 410px\" \/><\/a>Il Servizio invier\u00e0 entro 10 giorni all\u2019Informatore Scientifico la comunicazione di ricevuta mail di richiesta ed eventuale risposta negativa. Il Personale del Servizio non pu\u00f2 rilasciare informazioni in merito allo stato delle autorizzazioni in fase di processazione.<\/em><\/p>\n<p><em>Il Direttore di Dipartimento, una volta ricevuto il modulo di richiesta, se d\u2019accordo, lo invier\u00e0 al Direttore della struttura di riferimento che, se d\u2019accordo, lo passer\u00e0 al medico che si vuole visitare. Se il medico dar\u00e0 il suo consenso, lo passer\u00e0 al Direttore della struttura, il quale lo ripasser\u00e0 al Direttore del dipartimento che lo ridar\u00e0 al servizio farmacia. Che se dar\u00e0 il suo consenso definitivo conceder\u00e0 all&#8217;informatore\u00a0di visitare il medico fra le 15 e le 18 (quando il medico non c\u2019\u00e8 pi\u00f9) di un determinato giorno in un apposito locale. L\u2019incontro dovr\u00e0 essere verbalizzato ed il verbale dovr\u00e0 essere vagliato dal servizio farmacia.<\/em><\/p>\n<p><strong><em>L\u2019obiettivo, dice esplicitamente una nota dell\u2019Ospedale, \u00e8 di limitare il contatto diretto tra informatori e singoli medici per la presentazione di farmaci o dispositivi.<\/em><\/strong><\/p>\n<p>La norma cos\u00ec esposta, non \u00e8 una gag di Crozza, \u00e8 estrapolata dal sito dell&#8217;Ospedale di Parma.\u00a0\u00c8 evidente, non avendo a che fare con Crozza, l&#8217;intento esplicito di impedire o boicottare un&#8217;attivit\u00e0 professionale riconosciuta e regolamentata da leggi dello Stato (D.Lgs. 219\/06).<\/p>\n<p>Il riferimento poi allo scandalo &#8220;Pasimafi&#8221; che la Gazzetta di Parma fa, non centra nulla. Primo perch\u00e9 la delibera della giunta regionale 2309\/16 \u00e8 antecedente lo scandalo, secondo perch\u00e9 nello scandalo &#8220;Pasimafi&#8221; non \u00e8 implicato alcun informatore, terzo perch\u00e9 la Regione con la sua Delibera non dice certo di procedere nel modo aberrante escogitato dai dirigenti l&#8217;Ospedale di Parma.<\/p>\n<p>Le aziende farmaceutiche avranno anche una cattivissima fama, ma non per questo va penalizzato tutto ci\u00f2 che le riguarda. Si consideri anche altri aspetti.<\/p>\n<p>Le industrie farmaceutiche infatti non finanziano, secondo la legge, soltanto l\u2019organizzazione e la partecipazione a congressi propri, ma anche congressi delle societ\u00e0 scientifiche nazionali e internazionali, e non forniscono ai medici soltanto materiale propagandistico di propria produzione, ma anche materiale scientifico (testi, trattati, rassegne, articoli, CD-Rom) di origine non sospetta e mettono a disposizione borse di studio per specializzandi meritevoli individuati dal direttore della scuola di specialit\u00e0.<\/p>\n<p>Senza contare il meccanismo del pay back con il quale le aziende farmaceutiche contribuiscano al 50% a rifinanziare lo sfondamento del tetto previsto della spesa farmaceutica ospedaliera. Tetto destinato ad essere sistematicamente sforato dato che viene fissato a livelli troppo bassi e proprio le aziende ospedaliere poi si sostituiscono alle farmacie del territorio per distribuire farmaci con lo sconto ospedaliero, aumentando cos\u00ec la spesa farmaceutica.<\/p>\n<p>Coerenza vuole che per trasparenza ed eticit\u00e0 tutto questo cessasse.<\/p>\n<p><span style=\"color: #0000ff;\"><a style=\"color: #0000ff;\" href=\"http:\/\/www.fedaiisf.it\/wp-content\/uploads\/2014\/05\/Emilia-Romagna.dgr-2309-2016.pdf\" target=\"_blank\" rel=\"noopener noreferrer\">Emilia-Romagna.dgr-2309-2016<\/a><\/span><\/p>\n<p class=\"news\"><a href=\"http:\/\/www.ao.pr.it\/incontri-tra-medici-e-informatori-farmaceutici-lospedale-maggiore-di-parma-fissa-nuove-regole\/\" target=\"_blank\" rel=\"noopener noreferrer\"><span style=\"color: #0000ff;\">Incontri tra medici e informatori farmaceutici: l\u2019Ospedale Maggiore di Parma fissa nuove regole<\/span><\/a><\/p>\n<p class=\"news\"><span style=\"color: #0000ff;\"><a style=\"color: #0000ff;\" href=\"http:\/\/www.fedaiisf.it\/wp-content\/uploads\/2017\/07\/Gazzetta-di-Parma-Art.-ISF-Ospedale.pdf\" target=\"_blank\" rel=\"noopener noreferrer\">Gazzetta di Parma Art. ISF-Ospedale<\/a><\/span><\/p>\n","protected":false},"excerpt":{"rendered":"<p>Marted\u00ec mattina si \u00e8 tenuto all&#8217;Ospedale un incontro fra rappresentanti di Farmindustria e la dirigente servizio Farmacia e governo clinico del farmaco dell&#8217;Ospedale, Alessandra Zanardi. Un confronto a tratti con toni duri, durante il quale si \u00e8 cercato di chiarire gli aspetti pi\u00f9 controversi, tenendo conto che nella partita c&#8217;\u00e8 un terzo interlocutore, la Regione. &hellip;<\/p>","protected":false},"author":4,"featured_media":32136,"comment_status":"closed","ping_status":"closed","sticky":false,"template":"","format":"standard","meta":{"footnotes":""},"categories":[1],"tags":[50,21,41],"class_list":["post-32127","post","type-post","status-publish","format-standard","has-post-thumbnail","hentry","category-notizie","tag-farmindustria","tag-informatori-scientifici","tag-leggisentenze"],"amp_enabled":true,"_links":{"self":[{"href":"https:\/\/www.fedaiisf.it\/en\/wp-json\/wp\/v2\/posts\/32127","targetHints":{"allow":["GET"]}}],"collection":[{"href":"https:\/\/www.fedaiisf.it\/en\/wp-json\/wp\/v2\/posts"}],"about":[{"href":"https:\/\/www.fedaiisf.it\/en\/wp-json\/wp\/v2\/types\/post"}],"author":[{"embeddable":true,"href":"https:\/\/www.fedaiisf.it\/en\/wp-json\/wp\/v2\/users\/4"}],"replies":[{"embeddable":true,"href":"https:\/\/www.fedaiisf.it\/en\/wp-json\/wp\/v2\/comments?post=32127"}],"version-history":[{"count":0,"href":"https:\/\/www.fedaiisf.it\/en\/wp-json\/wp\/v2\/posts\/32127\/revisions"}],"wp:featuredmedia":[{"embeddable":true,"href":"https:\/\/www.fedaiisf.it\/en\/wp-json\/wp\/v2\/media\/32136"}],"wp:attachment":[{"href":"https:\/\/www.fedaiisf.it\/en\/wp-json\/wp\/v2\/media?parent=32127"}],"wp:term":[{"taxonomy":"category","embeddable":true,"href":"https:\/\/www.fedaiisf.it\/en\/wp-json\/wp\/v2\/categories?post=32127"},{"taxonomy":"post_tag","embeddable":true,"href":"https:\/\/www.fedaiisf.it\/en\/wp-json\/wp\/v2\/tags?post=32127"}],"curies":[{"name":"wp","href":"https:\/\/api.w.org\/{rel}","templated":true}]}}