{"id":32159,"date":"2017-07-09T12:53:43","date_gmt":"2017-07-09T10:53:43","guid":{"rendered":"http:\/\/www.fedaiisf.it\/?p=32159"},"modified":"2017-07-09T12:53:43","modified_gmt":"2017-07-09T10:53:43","slug":"catalogna-spagna-infermieri-potranno-prescrivere-farmaci-presentato-decreto","status":"publish","type":"post","link":"https:\/\/www.fedaiisf.it\/en\/catalogna-spagna-infermieri-potranno-prescrivere-farmaci-presentato-decreto\/","title":{"rendered":"Catalonia (Spain). Nurses will be able to prescribe medications. Decree presented"},"content":{"rendered":"<p><strong>Gli infermieri potranno prescrivere i farmaci. Succede in Catalogna<\/strong>. (da La Vanguardia)<\/p>\n<p>E\u2019 stata presentata oggi dal Ministro della Salute,\u00a0<strong>Antoni<\/strong>\u00a0<strong>Comin, la bozza del decreto,\u00a0<\/strong>che regoler\u00e0 la prescrizione dei farmaci di competenza medica, da parte dei professionisti sanitari<strong>.<\/strong><\/p>\n<p><strong>THE<img loading=\"lazy\" decoding=\"async\" class=\"alignright\" src=\"http:\/\/www.inpharmamag.it\/wp-content\/uploads\/2015\/04\/Fotolia_79166907_Subscription_Monthly_M.jpg\" alt=\"Risultati immagini per infermiere farmaci\" width=\"190\" height=\"284\" \/>l decreto,\u00a0<\/strong>che mira a rendere legale quello che gi\u00e0 avviene nei centri di salute in Catalogna, permetter\u00e0 a gli infermieri con formazione specifica, di prescrivere farmaci, non solo quelli non soggetti a prescrizione medica,\u00a0<strong>ma anche alcuni soggetti a prescrizione medica, come l\u2019insulina, dopo la diagnosi medica.<\/strong><\/p>\n<p>Infatti, gli infermieri potranno prescrivere i farmaci solo dopo diagnosi medica, ed avranno una formazione adeguata a seguire la diagnosi in merito ed il protocollo.<\/p>\n<p>Lavoreranno quindi in stretta collaborazione con il medico.<\/p>\n<p>Il Governo Catalano sembra si sia schierato contro il decreto del Ministero della Salute e Il Consiglio di Associazioni dei Medici della Catalogna (CCMC) ha annunciato che dar\u00e0 battaglia alla bozza di decreto predisposto dal Dipartimento della Salute, perch\u00e9, fermamente convinti che non tutti gli infermieri sono istruiti e addestrati a prescrivere farmaci. In una dichiarazione, il CCMC, ricordando che la legge sulle professioni sanitarie (LOPS) afferma che la proposta di diagnosi ed il trattamento sono responsabilit\u00e0 del medico.<\/p>\n<p><a href=\"http:\/\/www.infermieristicamente.it\/articolo\/7844\/infermieri-potranno-prescrivere-i-farmaci-presentato-decreto-in-catalogna\/\" target=\"_blank\" rel=\"noopener noreferrer\">infermieristicamente &#8211; 08\/07\/2017<\/a><\/p>\n<p>Related news:\u00a0<a href=\"https:\/\/www.boe.es\/diario_boe\/txt.php?id=BOE-A-2015-14028\" target=\"_blank\" rel=\"noopener noreferrer\"><span style=\"color: #0000ff;\">Real Decreto 954\/2015, de 23 de octubre, por el que se regula la indicaci\u00f3n, uso y autorizaci\u00f3n de dispensaci\u00f3n de medicamentos y productos sanitarios de uso humano por parte de los enfermeros.<\/span><\/a><\/p>","protected":false},"excerpt":{"rendered":"<p>Gli infermieri potranno prescrivere i farmaci. Succede in Catalogna. (da La Vanguardia) E\u2019 stata presentata oggi dal Ministro della Salute,\u00a0Antoni\u00a0Comin, la bozza del decreto,\u00a0che regoler\u00e0 la prescrizione dei farmaci di competenza medica, da parte dei professionisti sanitari. Il decreto,\u00a0che mira a rendere legale quello che gi\u00e0 avviene nei centri di salute in Catalogna, permetter\u00e0 a &hellip;<\/p>","protected":false},"author":4,"featured_media":32162,"comment_status":"closed","ping_status":"closed","sticky":false,"template":"","format":"standard","meta":{"footnotes":""},"categories":[1],"tags":[],"class_list":["post-32159","post","type-post","status-publish","format-standard","has-post-thumbnail","hentry","category-notizie"],"amp_enabled":true,"_links":{"self":[{"href":"https:\/\/www.fedaiisf.it\/en\/wp-json\/wp\/v2\/posts\/32159","targetHints":{"allow":["GET"]}}],"collection":[{"href":"https:\/\/www.fedaiisf.it\/en\/wp-json\/wp\/v2\/posts"}],"about":[{"href":"https:\/\/www.fedaiisf.it\/en\/wp-json\/wp\/v2\/types\/post"}],"author":[{"embeddable":true,"href":"https:\/\/www.fedaiisf.it\/en\/wp-json\/wp\/v2\/users\/4"}],"replies":[{"embeddable":true,"href":"https:\/\/www.fedaiisf.it\/en\/wp-json\/wp\/v2\/comments?post=32159"}],"version-history":[{"count":0,"href":"https:\/\/www.fedaiisf.it\/en\/wp-json\/wp\/v2\/posts\/32159\/revisions"}],"wp:featuredmedia":[{"embeddable":true,"href":"https:\/\/www.fedaiisf.it\/en\/wp-json\/wp\/v2\/media\/32162"}],"wp:attachment":[{"href":"https:\/\/www.fedaiisf.it\/en\/wp-json\/wp\/v2\/media?parent=32159"}],"wp:term":[{"taxonomy":"category","embeddable":true,"href":"https:\/\/www.fedaiisf.it\/en\/wp-json\/wp\/v2\/categories?post=32159"},{"taxonomy":"post_tag","embeddable":true,"href":"https:\/\/www.fedaiisf.it\/en\/wp-json\/wp\/v2\/tags?post=32159"}],"curies":[{"name":"wp","href":"https:\/\/api.w.org\/{rel}","templated":true}]}}