{"id":32306,"date":"2017-07-18T12:08:23","date_gmt":"2017-07-18T10:08:23","guid":{"rendered":"http:\/\/www.fedaiisf.it\/?p=32306"},"modified":"2017-07-18T12:09:28","modified_gmt":"2017-07-18T10:09:28","slug":"le-visite-mediche-non-vanno-tempo-duro-intervento-della-fnomceo-ai-limiti-regionali","status":"publish","type":"post","link":"https:\/\/www.fedaiisf.it\/en\/le-visite-mediche-non-vanno-tempo-duro-intervento-della-fnomceo-ai-limiti-regionali\/","title":{"rendered":"Doctor visits don&#039;t go in time. Harsh intervention by the FNOMCeO at the regional limits"},"content":{"rendered":"<h1>The treatment relationship does not go in time: harsh intervention by the FNOMCeO<\/h1>\n<p><a href=\"http:\/\/www.fedaiisf.it\/wp-content\/uploads\/2017\/05\/incompetente.jpg\"><img loading=\"lazy\" decoding=\"async\" class=\"size-medium wp-image-31303 alignright\" src=\"http:\/\/www.fedaiisf.it\/wp-content\/uploads\/2017\/05\/incompetente-300x200.jpg\" alt=\"\" width=\"300\" height=\"200\" srcset=\"https:\/\/www.fedaiisf.it\/wp-content\/uploads\/2017\/05\/incompetente-300x200.jpg 300w, https:\/\/www.fedaiisf.it\/wp-content\/uploads\/2017\/05\/incompetente-274x183.jpg 274w, https:\/\/www.fedaiisf.it\/wp-content\/uploads\/2017\/05\/incompetente-80x54.jpg 80w, https:\/\/www.fedaiisf.it\/wp-content\/uploads\/2017\/05\/incompetente-130x87.jpg 130w, https:\/\/www.fedaiisf.it\/wp-content\/uploads\/2017\/05\/incompetente-359x240.jpg 359w, https:\/\/www.fedaiisf.it\/wp-content\/uploads\/2017\/05\/incompetente-85x57.jpg 85w, https:\/\/www.fedaiisf.it\/wp-content\/uploads\/2017\/05\/incompetente-546x365.jpg 546w, https:\/\/www.fedaiisf.it\/wp-content\/uploads\/2017\/05\/incompetente-165x109.jpg 165w, https:\/\/www.fedaiisf.it\/wp-content\/uploads\/2017\/05\/incompetente-347x233.jpg 347w, https:\/\/www.fedaiisf.it\/wp-content\/uploads\/2017\/05\/incompetente-112x75.jpg 112w, https:\/\/www.fedaiisf.it\/wp-content\/uploads\/2017\/05\/incompetente-179x120.jpg 179w, https:\/\/www.fedaiisf.it\/wp-content\/uploads\/2017\/05\/incompetente-170x113.jpg 170w, https:\/\/www.fedaiisf.it\/wp-content\/uploads\/2017\/05\/incompetente-81x55.jpg 81w, https:\/\/www.fedaiisf.it\/wp-content\/uploads\/2017\/05\/incompetente-765x510.jpg 765w, https:\/\/www.fedaiisf.it\/wp-content\/uploads\/2017\/05\/incompetente.jpg 420w\" sizes=\"auto, (max-width: 300px) 100vw, 300px\" \/><\/a>An oncological visit? It can&#039;t last more than 20 minutes. An obstetric or gynecological ultrasound? Likewise. Half an hour, on the other hand, is allowed for a gastroscopy, 35 minutes if a &quot;biopsy of one or more sites of the esophagus, stomach or duodenum&quot; also needs to be done.<\/p>\n<p>These are just a few examples taken from one of the Tempari of specialist outpatient services that some Regions have imposed by decree, without consulting the doctors&#039; representatives.<\/p>\n<p>The reaction of Fnomceo lasts, which in the National Council yesterday unanimously approved a Motion in Siena to reiterate &quot;that the ratio of number of services \/ unit of time, typical of the manufacturing industry, is not applicable to Medicine&quot;, to denounce the danger to the health of patients and the debasement of the treatment relationship and to request &quot;the withdrawal of the provisions on time schedules in the Regions in which they have been approved without consulting the Profession&quot;.<\/p>\n<p><strong>\u201cI don&#039;t even want to think that I can&#039;t prolong a morphological ultrasound until I have full certainty that the fetus is healthy, or that I can&#039;t take all the time necessary to communicate an ominous diagnosis, just to stay within my experience as a radiologist - said the President of Fnomceo, Roberta Chersevani<\/strong>\u00a0-. Our Code of Conduct clearly reiterates that communication time is also time for care. Do we want an outlawed Code? A care relationship or by the hour or clandestine? Do we want to skimp on the amount of care provided to our patients, measuring it with a stopwatch? Fnomceo cannot accept it\u201d.<\/p>\n<p><a href=\"https:\/\/portale.fnomceo.it\/fnomceo\/showArticolo.2puntOT?id=157923\" target=\"_blank\" rel=\"noopener noreferrer\"><span style=\"color: #0000ff;\">FNOMCeO Press Office \u2013 18\/07\/2017<\/span><\/a><\/p>\n<p><a href=\"https:\/\/portale.fnomceo.it\/fnomceo\/downloadFile.dwn?id=157922&amp;version=5\" target=\"_blank\" rel=\"noopener noreferrer\"><span style=\"color: #0000ff;\">Tempari motion<\/span><\/a><\/p>","protected":false},"excerpt":{"rendered":"<p>La relazione di cura non va a tempo: duro intervento della FNOMCeO Una visita oncologica? Non pu\u00f2 durare pi\u00f9 di 20 minuti. Un&#8217;ecografia ostetrica o ginecologica? Altrettanto. Mezz&#8217;ora, invece, \u00e8 concessa per una gastroscopia, 35 minuti se occorre fare anche la &#8220;biopsia di una o pi\u00f9 sedi di esofago, stomaco o duodeno&#8221;. Sono solo alcuni &hellip;<\/p>","protected":false},"author":4,"featured_media":32309,"comment_status":"closed","ping_status":"closed","sticky":false,"template":"","format":"standard","meta":{"footnotes":""},"categories":[1],"tags":[79],"class_list":["post-32306","post","type-post","status-publish","format-standard","has-post-thumbnail","hentry","category-notizie","tag-ssn"],"amp_enabled":true,"_links":{"self":[{"href":"https:\/\/www.fedaiisf.it\/en\/wp-json\/wp\/v2\/posts\/32306","targetHints":{"allow":["GET"]}}],"collection":[{"href":"https:\/\/www.fedaiisf.it\/en\/wp-json\/wp\/v2\/posts"}],"about":[{"href":"https:\/\/www.fedaiisf.it\/en\/wp-json\/wp\/v2\/types\/post"}],"author":[{"embeddable":true,"href":"https:\/\/www.fedaiisf.it\/en\/wp-json\/wp\/v2\/users\/4"}],"replies":[{"embeddable":true,"href":"https:\/\/www.fedaiisf.it\/en\/wp-json\/wp\/v2\/comments?post=32306"}],"version-history":[{"count":0,"href":"https:\/\/www.fedaiisf.it\/en\/wp-json\/wp\/v2\/posts\/32306\/revisions"}],"wp:featuredmedia":[{"embeddable":true,"href":"https:\/\/www.fedaiisf.it\/en\/wp-json\/wp\/v2\/media\/32309"}],"wp:attachment":[{"href":"https:\/\/www.fedaiisf.it\/en\/wp-json\/wp\/v2\/media?parent=32306"}],"wp:term":[{"taxonomy":"category","embeddable":true,"href":"https:\/\/www.fedaiisf.it\/en\/wp-json\/wp\/v2\/categories?post=32306"},{"taxonomy":"post_tag","embeddable":true,"href":"https:\/\/www.fedaiisf.it\/en\/wp-json\/wp\/v2\/tags?post=32306"}],"curies":[{"name":"wp","href":"https:\/\/api.w.org\/{rel}","templated":true}]}}