{"id":32357,"date":"2017-07-20T10:34:24","date_gmt":"2017-07-20T08:34:24","guid":{"rendered":"http:\/\/www.fedaiisf.it\/?p=32357"},"modified":"2017-07-28T17:55:04","modified_gmt":"2017-07-28T15:55:04","slug":"fedaiisf-incontrera-lon-lenzi","status":"publish","type":"post","link":"https:\/\/www.fedaiisf.it\/en\/fedaiisf-incontrera-lon-lenzi\/","title":{"rendered":"Fedaiisf will meet Hon. Lenzi"},"content":{"rendered":"<p>Ci \u00e8 gradito comunicare che la on.le LENZI, capo gruppo PD Commissione affari sociali\/sanit\u00e0 della Camera Deputati, ha risposto positivamente alla nostra richiesta di incontro. L&#8217;incontro \u00e8 fissato, salvo imprevisti, per mercoled\u00ec 2 agosto.<\/p>\n<p>Noi riteniamo ci siano le condizioni per identificare l&#8217;Informazione scientifica del farmaco come Professione Sanitaria.<\/p>\n<p>Trasferiremo,\u00a0 inoltre, alla on.le Lenzi, il fastidio morale e sostanziale che gli ISF debbano essere considerati possibili corruttori.<\/p>\n<p>Infine chiederemo l&#8217;intervento dell&#8217;onorevole Lenzi per fare modificare i regolamenti pesantemente restrittivi di accesso agli ospedali, (per gli ISF) tali da rendere impossibile il nostro lavoro.<\/p>\n<p>Riteniamo, e con noi l&#8217;intera struttura dei sindacati nazionali, che queste regole mortificanti ed assolutamente inutili possano mettere a rischio la continuit\u00e0 del nostro lavoro.<\/p>\n<h3 style=\"text-align: center;\">Nota: causa impegni istituzionali della On. Lenzi, l&#8217;incontro \u00e8 stato rimandato a data da destinarsi<\/h3>","protected":false},"excerpt":{"rendered":"<p>Ci \u00e8 gradito comunicare che la on.le LENZI, capo gruppo PD Commissione affari sociali\/sanit\u00e0 della Camera Deputati, ha risposto positivamente alla nostra richiesta di incontro. L&#8217;incontro \u00e8 fissato, salvo imprevisti, per mercoled\u00ec 2 agosto. Noi riteniamo ci siano le condizioni per identificare l&#8217;Informazione scientifica del farmaco come Professione Sanitaria. Trasferiremo,\u00a0 inoltre, alla on.le Lenzi, il &hellip;<\/p>","protected":false},"author":4,"featured_media":32359,"comment_status":"closed","ping_status":"closed","sticky":false,"template":"","format":"standard","meta":{"footnotes":""},"categories":[1],"tags":[45],"class_list":["post-32357","post","type-post","status-publish","format-standard","has-post-thumbnail","hentry","category-notizie","tag-fedaiisf"],"amp_enabled":true,"_links":{"self":[{"href":"https:\/\/www.fedaiisf.it\/en\/wp-json\/wp\/v2\/posts\/32357","targetHints":{"allow":["GET"]}}],"collection":[{"href":"https:\/\/www.fedaiisf.it\/en\/wp-json\/wp\/v2\/posts"}],"about":[{"href":"https:\/\/www.fedaiisf.it\/en\/wp-json\/wp\/v2\/types\/post"}],"author":[{"embeddable":true,"href":"https:\/\/www.fedaiisf.it\/en\/wp-json\/wp\/v2\/users\/4"}],"replies":[{"embeddable":true,"href":"https:\/\/www.fedaiisf.it\/en\/wp-json\/wp\/v2\/comments?post=32357"}],"version-history":[{"count":0,"href":"https:\/\/www.fedaiisf.it\/en\/wp-json\/wp\/v2\/posts\/32357\/revisions"}],"wp:featuredmedia":[{"embeddable":true,"href":"https:\/\/www.fedaiisf.it\/en\/wp-json\/wp\/v2\/media\/32359"}],"wp:attachment":[{"href":"https:\/\/www.fedaiisf.it\/en\/wp-json\/wp\/v2\/media?parent=32357"}],"wp:term":[{"taxonomy":"category","embeddable":true,"href":"https:\/\/www.fedaiisf.it\/en\/wp-json\/wp\/v2\/categories?post=32357"},{"taxonomy":"post_tag","embeddable":true,"href":"https:\/\/www.fedaiisf.it\/en\/wp-json\/wp\/v2\/tags?post=32357"}],"curies":[{"name":"wp","href":"https:\/\/api.w.org\/{rel}","templated":true}]}}