{"id":32474,"date":"2017-07-27T18:33:36","date_gmt":"2017-07-27T16:33:36","guid":{"rendered":"http:\/\/www.fedaiisf.it\/?p=32474"},"modified":"2017-09-15T17:26:25","modified_gmt":"2017-09-15T15:26:25","slug":"incontro-aiisf-la-direttrice-ausl-bologna-sui-regolamenti-isf","status":"publish","type":"post","link":"https:\/\/www.fedaiisf.it\/en\/incontro-aiisf-la-direttrice-ausl-bologna-sui-regolamenti-isf\/","title":{"rendered":"AIISF meeting with the Director of AUSL Bologna on the regulations for ISF"},"content":{"rendered":"<p style=\"text-align: right;\">S.M.Maddalena , 27 Luglio 2017<\/p>\n<p>Oggetto:\u00a0 Incontro con la Dr.ssa C.Gibertoni<\/p>\n<p>Il giorno 21 Luglio ho incontrato la Dr.ssa Chiara Gibertoni, Direttore Generale della Azienda USL di Bologna alla quale ho manifestato la nostra preoccupazione sulle restrizioni indicate dall\u2019Ospedale S.Orsola applicate alle visite degli informatori ,limitando gli\u00a0 accessi ai vari reparti. Ho fatto notare che la fascia oraria indicata per ricevere gli Isf rappresenta un vero e proprio impedimento a svolgere la propria attivit\u00e0 lavorativa.<\/p>\n<p><a href=\"http:\/\/www.fedaiisf.it\/wp-content\/uploads\/2017\/07\/Gibertoni.AUSL_.BO_.jpg\"><img loading=\"lazy\" decoding=\"async\" class=\"wp-image-32476 alignright\" src=\"http:\/\/www.fedaiisf.it\/wp-content\/uploads\/2017\/07\/Gibertoni.AUSL_.BO_-300x201.jpg\" alt=\"\" width=\"363\" height=\"243\" srcset=\"https:\/\/www.fedaiisf.it\/wp-content\/uploads\/2017\/07\/Gibertoni.AUSL_.BO_-300x201.jpg 300w, https:\/\/www.fedaiisf.it\/wp-content\/uploads\/2017\/07\/Gibertoni.AUSL_.BO_-274x183.jpg 274w, https:\/\/www.fedaiisf.it\/wp-content\/uploads\/2017\/07\/Gibertoni.AUSL_.BO_-364x245.jpg 364w, https:\/\/www.fedaiisf.it\/wp-content\/uploads\/2017\/07\/Gibertoni.AUSL_.BO_-80x54.jpg 80w, https:\/\/www.fedaiisf.it\/wp-content\/uploads\/2017\/07\/Gibertoni.AUSL_.BO_-130x87.jpg 130w, https:\/\/www.fedaiisf.it\/wp-content\/uploads\/2017\/07\/Gibertoni.AUSL_.BO_-359x240.jpg 359w, https:\/\/www.fedaiisf.it\/wp-content\/uploads\/2017\/07\/Gibertoni.AUSL_.BO_-85x57.jpg 85w, https:\/\/www.fedaiisf.it\/wp-content\/uploads\/2017\/07\/Gibertoni.AUSL_.BO_-546x365.jpg 546w, https:\/\/www.fedaiisf.it\/wp-content\/uploads\/2017\/07\/Gibertoni.AUSL_.BO_-266x179.jpg 266w, https:\/\/www.fedaiisf.it\/wp-content\/uploads\/2017\/07\/Gibertoni.AUSL_.BO_-165x109.jpg 165w, https:\/\/www.fedaiisf.it\/wp-content\/uploads\/2017\/07\/Gibertoni.AUSL_.BO_-347x233.jpg 347w, https:\/\/www.fedaiisf.it\/wp-content\/uploads\/2017\/07\/Gibertoni.AUSL_.BO_-112x75.jpg 112w, https:\/\/www.fedaiisf.it\/wp-content\/uploads\/2017\/07\/Gibertoni.AUSL_.BO_-179x120.jpg 179w, https:\/\/www.fedaiisf.it\/wp-content\/uploads\/2017\/07\/Gibertoni.AUSL_.BO_-170x113.jpg 170w, https:\/\/www.fedaiisf.it\/wp-content\/uploads\/2017\/07\/Gibertoni.AUSL_.BO_-81x55.jpg 81w, https:\/\/www.fedaiisf.it\/wp-content\/uploads\/2017\/07\/Gibertoni.AUSL_.BO_-765x510.jpg 765w, https:\/\/www.fedaiisf.it\/wp-content\/uploads\/2017\/07\/Gibertoni.AUSL_.BO_.jpg 400w\" sizes=\"auto, (max-width: 363px) 100vw, 363px\" \/><\/a>La fascia oraria proposta rappresenta una vera chiusura a qualunque contatto tra Informatori e medici impedendo un\u2019attivit\u00e0 ampliamente normata da leggi dello stato. Queste restrizioni possono rappresentare la perdita di posti di lavoro in quanto le aziende non potranno permettere e accettare un\u2019attivit\u00e0 a singhiozzo e ridotta da parte dei suoi dipendenti. Ho sottolineato che riteniamo offensive e lesive delle nostra dignit\u00e0 le affermazioni esternate dall\u2019ANAC e che non ci riteniamo dei delinquenti da controllare e contrastare con ogni mezzo.<\/p>\n<p>La Dr.ssa Gibertoni ritiene che siano emerse\u00a0 sufficienti indicazioni per una ulteriore valutazione circa \u00a0quanto esposto poich\u00e8 gli stessi medici e i Responsabili dei vari reparti si sono sentiti parte lesa, quanto gli informatori, \u00a0che il monitoraggio non si concluder\u00e0 al 31 Luglio bens\u00ec si protrarr\u00e0 fino alla fine dell\u2019anno ed \u00e8\u00a0 consapevole\u00a0 che gli informatori potrebbero subire un danno irreparabile.<\/p>\n<p>La Direttrice pur ribadendo che la Regione potr\u00e0 imporre che le visite degli informatori non potranno essere\u00a0 libere e che ogni Isf dovr\u00e0 essere identificabile tuttavia lascia aperta la porta del colloquio e si attiver\u00e0 nei prossimi mesi per consultare i propri collaboratori per porre in essere gli adeguati strumenti valutativi per comprendere quali possano essere le migliori modalit\u00e0 di accesso alle strutture ospedaliere. Ho dato la mia disponibilit\u00e0 a partecipare a un tavolo di consultazioni per non essere esclusi dalle decisioni che ci riguardano.<\/p>\n<p>Best regards.<\/p>\n<p style=\"text-align: center;\">Il Presidente Nazionale AIISF<\/p>\n<p style=\"text-align: center;\">\u00a0 Angelo Baruchello<\/p>\n<p style=\"text-align: left;\">N.B.: AIISF \u00e8 Federata Fedaiisf<\/p>\n<hr \/>\n<p style=\"text-align: left;\"><em>Incontro Filctem<\/em><\/p>\n<p style=\"text-align: left;\"><em>Dalla Filctem Parma ci informano che domani, 28 luglio, ci sar\u00e0 un incontro fra Segreteria Provinciale Filctem CGIL di Parma e la Direzione Generale dell&#8217;AUSL di Parma<\/em><\/p>","protected":false},"excerpt":{"rendered":"<p>S.M.Maddalena , 27 Luglio 2017 Oggetto:\u00a0 Incontro con la Dr.ssa C.Gibertoni Il giorno 21 Luglio ho incontrato la Dr.ssa Chiara Gibertoni, Direttore Generale della Azienda USL di Bologna alla quale ho manifestato la nostra preoccupazione sulle restrizioni indicate dall\u2019Ospedale S.Orsola applicate alle visite degli informatori ,limitando gli\u00a0 accessi ai vari reparti. Ho fatto notare che &hellip;<\/p>","protected":false},"author":4,"featured_media":32478,"comment_status":"closed","ping_status":"closed","sticky":false,"template":"","format":"standard","meta":{"footnotes":""},"categories":[16],"tags":[21,41],"class_list":["post-32474","post","type-post","status-publish","format-standard","has-post-thumbnail","hentry","category-primo-piano","tag-informatori-scientifici","tag-leggisentenze"],"amp_enabled":true,"_links":{"self":[{"href":"https:\/\/www.fedaiisf.it\/en\/wp-json\/wp\/v2\/posts\/32474","targetHints":{"allow":["GET"]}}],"collection":[{"href":"https:\/\/www.fedaiisf.it\/en\/wp-json\/wp\/v2\/posts"}],"about":[{"href":"https:\/\/www.fedaiisf.it\/en\/wp-json\/wp\/v2\/types\/post"}],"author":[{"embeddable":true,"href":"https:\/\/www.fedaiisf.it\/en\/wp-json\/wp\/v2\/users\/4"}],"replies":[{"embeddable":true,"href":"https:\/\/www.fedaiisf.it\/en\/wp-json\/wp\/v2\/comments?post=32474"}],"version-history":[{"count":0,"href":"https:\/\/www.fedaiisf.it\/en\/wp-json\/wp\/v2\/posts\/32474\/revisions"}],"wp:featuredmedia":[{"embeddable":true,"href":"https:\/\/www.fedaiisf.it\/en\/wp-json\/wp\/v2\/media\/32478"}],"wp:attachment":[{"href":"https:\/\/www.fedaiisf.it\/en\/wp-json\/wp\/v2\/media?parent=32474"}],"wp:term":[{"taxonomy":"category","embeddable":true,"href":"https:\/\/www.fedaiisf.it\/en\/wp-json\/wp\/v2\/categories?post=32474"},{"taxonomy":"post_tag","embeddable":true,"href":"https:\/\/www.fedaiisf.it\/en\/wp-json\/wp\/v2\/tags?post=32474"}],"curies":[{"name":"wp","href":"https:\/\/api.w.org\/{rel}","templated":true}]}}