{"id":32496,"date":"2017-07-28T18:35:02","date_gmt":"2017-07-28T16:35:02","guid":{"rendered":"http:\/\/www.fedaiisf.it\/?p=32496"},"modified":"2017-09-20T18:37:33","modified_gmt":"2017-09-20T16:37:33","slug":"incontro-filctem-direttore-sanitario-ospedale-parma-direttore-generale-ausl-parma-sui-regolamenti-isf","status":"publish","type":"post","link":"https:\/\/www.fedaiisf.it\/en\/incontro-filctem-direttore-sanitario-ospedale-parma-direttore-generale-ausl-parma-sui-regolamenti-isf\/","title":{"rendered":"Unions meeting with the Health Director of the Parma Hospital and the Director General of AUSL Parma on the ISF regulations"},"content":{"rendered":"<p>Dall&#8217;incontro di stamattina tra il Direttore generale ASL di Parma, il Direttore sanitario dell&#8217;Ospedale Maggiore di Parma, e le Organizzazioni Sindacali, da me presenziato \u00e8 emerso quanto segue:<\/p>\n<p>Il D. Sanitario ha sostenuto il suo regolamento, ma alla fine ha dichiarato che si pu\u00f2 vedere di alleggerire qualche passaggio.<br \/>\n<img decoding=\"async\" class=\"alignright\" src=\"http:\/\/www.aciparma.it\/wp-content\/uploads\/2016\/10\/partner-ausl-1.png\" alt=\"Risultati immagini per ausl parma\" \/>Il D.G. ASL si \u00e8 detto disposto a tenere presente le necessit\u00e0 degli ISF ma addirittura a farsi parte attiva affinch\u00e9 a cominciare da Parma la delibera\u00a0<span class=\"text_exposed_show\">regionale venga interpretata in maniera da consentire regolarmente l&#8217; attivit\u00e0 degli ISF.<br \/>\n<\/span><\/p>\n<p><span class=\"text_exposed_show\">Dunque mi rivolgo ai colleghi che lavorano sull&#8217;Ospedale di Parma: ci occorre fare un elenco dettagliato delle criticit\u00e0 su tutto il percorso di accesso all&#8217;informazione scientifica all&#8217;ospedale di Parma. <\/span><\/p>\n<p><span class=\"text_exposed_show\">Il Direttore generale \u00e8 disposto a rivedere il regolamento interno&#8230;sottostando per\u00f2 alla Delibera regionale.<br \/>\n<\/span><\/p>\n<p><span class=\"text_exposed_show\">I primi di settembre vorremmo arrivare ad un accordo su un nuovo regolamento.<br \/>\n<\/span><\/p>\n<p><span class=\"text_exposed_show\">Mi riuscite a fare questo elenco di punti critici prima del 05\/08\/2017? La mia mail \u00e8 <a href=\"mailto:pietro.gualandi69@gmail.com\" target=\"_blank\" rel=\"noopener noreferrer\"><span style=\"color: #0000ff;\">pietro.gualandi69@gmail.com<\/span><\/a><\/span><\/p>\n<p>Related news: <span style=\"color: #0000ff;\"><a style=\"color: #0000ff;\" href=\"http:\/\/www.fedaiisf.it\/en\/parma-lallucinante-modulo-dincontro-fra-isf-medici-allospedale\/\" target=\"_blank\" rel=\"noopener noreferrer\">Parma. The hallucinating request form for a meeting between ISF and Doctors at the hospital. Ed<\/a><\/span><\/p>\n<p><span style=\"color: #0000ff;\"><a style=\"color: #0000ff;\" href=\"http:\/\/www.fedaiisf.it\/wp-content\/uploads\/2014\/05\/Emilia-Romagna.dgr-2309-2016.pdf\" target=\"_blank\" rel=\"noopener noreferrer\">Emilia-Romagna.dgr-2309-2016<\/a><\/span><\/p>","protected":false},"excerpt":{"rendered":"<p>Dall&#8217;incontro di stamattina tra il Direttore generale ASL di Parma, il Direttore sanitario dell&#8217;Ospedale Maggiore di Parma, e le Organizzazioni Sindacali, da me presenziato \u00e8 emerso quanto segue: Il D. Sanitario ha sostenuto il suo regolamento, ma alla fine ha dichiarato che si pu\u00f2 vedere di alleggerire qualche passaggio. Il D.G. ASL si \u00e8 detto &hellip;<\/p>","protected":false},"author":4,"featured_media":32498,"comment_status":"closed","ping_status":"closed","sticky":false,"template":"","format":"standard","meta":{"footnotes":""},"categories":[16],"tags":[21,41],"class_list":["post-32496","post","type-post","status-publish","format-standard","has-post-thumbnail","hentry","category-primo-piano","tag-informatori-scientifici","tag-leggisentenze"],"amp_enabled":true,"_links":{"self":[{"href":"https:\/\/www.fedaiisf.it\/en\/wp-json\/wp\/v2\/posts\/32496","targetHints":{"allow":["GET"]}}],"collection":[{"href":"https:\/\/www.fedaiisf.it\/en\/wp-json\/wp\/v2\/posts"}],"about":[{"href":"https:\/\/www.fedaiisf.it\/en\/wp-json\/wp\/v2\/types\/post"}],"author":[{"embeddable":true,"href":"https:\/\/www.fedaiisf.it\/en\/wp-json\/wp\/v2\/users\/4"}],"replies":[{"embeddable":true,"href":"https:\/\/www.fedaiisf.it\/en\/wp-json\/wp\/v2\/comments?post=32496"}],"version-history":[{"count":0,"href":"https:\/\/www.fedaiisf.it\/en\/wp-json\/wp\/v2\/posts\/32496\/revisions"}],"wp:featuredmedia":[{"embeddable":true,"href":"https:\/\/www.fedaiisf.it\/en\/wp-json\/wp\/v2\/media\/32498"}],"wp:attachment":[{"href":"https:\/\/www.fedaiisf.it\/en\/wp-json\/wp\/v2\/media?parent=32496"}],"wp:term":[{"taxonomy":"category","embeddable":true,"href":"https:\/\/www.fedaiisf.it\/en\/wp-json\/wp\/v2\/categories?post=32496"},{"taxonomy":"post_tag","embeddable":true,"href":"https:\/\/www.fedaiisf.it\/en\/wp-json\/wp\/v2\/tags?post=32496"}],"curies":[{"name":"wp","href":"https:\/\/api.w.org\/{rel}","templated":true}]}}