{"id":32528,"date":"2017-08-01T11:28:45","date_gmt":"2017-08-01T09:28:45","guid":{"rendered":"http:\/\/www.fedaiisf.it\/?p=32528"},"modified":"2017-08-01T11:29:58","modified_gmt":"2017-08-01T09:29:58","slug":"col-jobs-act-geolocalizzati-medici-liguri","status":"publish","type":"post","link":"https:\/\/www.fedaiisf.it\/en\/col-jobs-act-geolocalizzati-medici-liguri\/","title":{"rendered":"Col Jobs Act geolocalizzati i medici liguri"},"content":{"rendered":"<h1>L\u2019assurda storia dei microchip nei camici dei dottori in Liguria<\/h1>\n<p><a href=\"http:\/\/www.giornalettismo.com\/archives\/2625043\/microchip-liguria-camice\" target=\"_blank\" rel=\"noopener noreferrer\"><span style=\"color: #0000ff;\">Giornalettismo &#8211;\u00a0<span class=\"post-date\">29.07.2017<\/span><\/span><\/a>\u00a0|\u00a0<a href=\"http:\/\/www.giornalettismo.com\/archives\/author\/redazione\" target=\"_blank\" rel=\"noopener noreferrer\"><span class=\"post-author\">di Redazione<\/span><\/a><\/p>\n<p>Ventiduemila dipendenti della sanit\u00e0 ligure sono monitorati e geolocalizzati grazie a un microchip sulla loro divisa. E la cosa pi\u00f9 assurda \u00e8 che nessuno li ha avvertititi. Tantomeno i sindacati. Del curioso caso, che sta scatenando una rivolta, ne parla oggi\u00a0<a href=\"http:\/\/www.repubblica.it\/index.html?refresh_ce\" target=\"_blank\" rel=\"noopener noreferrer\">Giuseppe Filetto su Repubblica<\/a>:<\/p>\n<p><em><img decoding=\"async\" class=\"alignright\" src=\"http:\/\/www.repstatic.it\/content\/localirep\/img\/rep-genova\/2017\/07\/29\/072149996-a881693c-5ccb-4938-bcab-43f9ea59b882.jpg\" alt=\"Sanit\u00e0, microchip negli indumenti: controllo nascosto ai camici bianchi\" \/>Medici, infermieri, tecnici, operatori sanitari, barellanti, uscieri, operai, perfino gli specializzandi e gli allievi infermieri, tutti coloro che lavorano in divisa, \u201cmonitorati\u201d dal localizzatore Gps. Esclusi solo gli amministrativi. In ogni momento e durante le ore di servizio, quel micro trasmettitore inserito in ciascun camice emana un segnale elettronico, permette di sapere dove si trova una certa \u201cdivisa\u201d. E chi la indossa. \u00abIl camice e il microchip identificano la persona, sono associati a quel dipendente \u2014 spiega in buonafede Luigi Bottaro, direttore della Asl Tre Genovese \u2014 in modo che i capi, dopo essere stati lavati, tornino alla base di partenza, cio\u00e8 ai proprietari. Per evitare, cos\u00ec, che possano finire ad altri\u00bb.<\/em><\/p>\n<p>I dipendenti non sono decisamente d\u2019accordo. Pensano che questa sia una grave violazione della privacy.<\/p>\n<p><em>Si sentono spiati. Inoltre, il sindacalista Tullio Rossi dell\u2019ospedale Galliera \u2014 di cui \u00e8 presidente il cardinale Angelo Bagnasco, a capo della Conferenza Episcopale Europea \u2014 per aver scoperto il bottoncino nascosto dentro la cucitura della camicia della sua divisa da portiere, ed averla tagliata per capire cos\u2019era, \u00e8 stato sottoposto a procedimento disciplinare. I rappresentanti dei lavoratori hanno scritto una dura lettera alle amministrazioni, sostenendo che \u201cil personale dipendente \u00e8 turbato per avere appreso casualmente della presenza di questo insolito oggetto identificativo\u2026\u201d.<\/em><br \/>\n<em>Peraltro, sono preoccupati che \u201cla presenza di pi\u00f9 microchip a contatto con varie parti del corpo costituisca un rischio per la salute\u2026\u201d. Qualcuno, infatti, potr\u00e0 averne addosso anche tre contemporaneamente: uno nella camicia, uno nei pantaloni, l\u2019altro nella giacca. Tullio Rossi \u00e8 stato invitato a presentare una memoria difensiva: \u00abL\u2019ho staccato per farlo controllare da un tecnico, affinch\u00e9 venisse analizzato e stabilire l\u2019eventuale incompatibilit\u00e0 con gli organi del corpo\u00bb.<\/em><\/p>\n<p>Related news:\u00a0<a href=\"http:\/\/genova.repubblica.it\/cronaca\/2017\/07\/29\/news\/microchip-171869437\/\" target=\"_blank\" rel=\"noopener noreferrer\"><span style=\"color: #0000ff;\">Sanit\u00e0, microchip negli indumenti: controllo nascosto ai camici bianchi<\/span><\/a><\/p>\n<p><span style=\"color: #0000ff;\"><a style=\"color: #0000ff;\" href=\"http:\/\/www.fedaiisf.it\/en\/jobs-act-e-controlli-tecnologici-pubblicato-il-decreto-sulla-gazzetta-ufficiale\/\" target=\"_blank\" rel=\"noopener noreferrer\">Jobs Act and technological controls, what really changes?<\/a><\/span><\/p>\n<p><span style=\"color: #0000ff;\"><a style=\"color: #0000ff;\" href=\"http:\/\/www.fedaiisf.it\/en\/controllo-a-distanza-pubblicato-il-decreto\/\" target=\"_blank\" rel=\"noopener noreferrer\">Remote control. Decree published<\/a><\/span><\/p>\n<hr \/>\n<h3>Employment relationship provisions<\/h3>\n<p>ART. 23<\/p>\n<p>(Modifiche all\u2019articolo 4 della legge 20 maggio 1970, n. 300 e all\u2019articolo 171 del decreto legislativo 30 giugno 2003, n. 196)<\/p>\n<ol>\n<li>L\u2019articolo 4 della legge 20 maggio 1970, n. 300 \u00e8 sostituito dal seguente:<\/li>\n<\/ol>\n<p>\u201cART. 4. Impianti audiovisivi e altri strumenti di controllo.<\/p>\n<p><img loading=\"lazy\" decoding=\"async\" class=\"alignright disappear appear\" src=\"http:\/\/www.dagospia.com\/img\/foto\/10-2014\/sacconi-poletti-jobs-act-in-senato-598057.jpg\" alt=\"\" width=\"392\" height=\"256\" \/>1. Gli impianti audiovisivi e gli altri strumenti dai quali derivi anche la possibilit\u00e0 di controllo a distanza dell\u2019attivit\u00e0 dei lavoratori possono essere impiegati esclusivamente per esigenze organizzative e produttive, per la sicurezza del lavoro e per la tutela del patrimonio aziendale e possono essere installati previo accordo collettivo stipulato dalla rappresentanza sindacale unitaria o dalle rappresentanze sindacali aziendali. In alternativa, nel caso di imprese con unit\u00e0 produttive ubicate in diverse province della stessa regione ovvero in pi\u00f9 regioni, tale accordo pu\u00f2 essere stipulato dalle associazioni sindacali comparativamente pi\u00f9 rappresentative sul piano nazionale. In mancanza di accordo gli impianti e gli strumenti di cui al periodo precedente possono essere installati previa autorizzazione della Direzione territoriale del lavoro o, in alternativa, nel caso di imprese con unit\u00e0 produttive dislocate negli ambiti di competenza di pi\u00f9 Direzioni territoriali del lavoro, del Ministero del lavoro e delle politiche sociali.<\/p>\n<p>2.<strong>\u00a0La disposizione di cui al comma 1 non si applica agli strumenti utilizzati dal lavoratore per rendere la prestazione lavorativa<\/strong>\u00a0e agli strumenti di registrazione degli accessi e delle presenze.\u00a0<strong>Le informazioni raccolte ai sensi dei commi 1 e 2 sono utilizzabili a tutti i fini connessi al rapporto di lavoro a condizione che sia data al lavoratore adeguata informazione delle modalit\u00e0 d\u2019uso degli strumenti e di effettuazione dei controlli\u00a0<\/strong>e nel rispetto di quanto disposto dal decreto legislativo 30 giugno 2003, n. 196.\u201d<\/p>\n<p>L\u2019articolo 171 del decreto legislativo 30 giugno 2003, n. 196, \u00e8 sostituito dal seguente:<\/p>\n<p>\u201cART. 171. Altre fattispecie.<\/p>\n<p>La violazione delle disposizioni di cui all\u2019articolo 113 e all\u2019articolo 4, primo e secondo comma, della legge 20 maggio 1970, n. 300, \u00e8 punita con le sanzioni di cui all\u2019articolo 38 della legge n. 300 del 1970.\u201d.<\/p>","protected":false},"excerpt":{"rendered":"<p>L\u2019assurda storia dei microchip nei camici dei dottori in Liguria Giornalettismo &#8211;\u00a029.07.2017\u00a0|\u00a0di Redazione Ventiduemila dipendenti della sanit\u00e0 ligure sono monitorati e geolocalizzati grazie a un microchip sulla loro divisa. E la cosa pi\u00f9 assurda \u00e8 che nessuno li ha avvertititi. Tantomeno i sindacati. Del curioso caso, che sta scatenando una rivolta, ne parla oggi\u00a0Giuseppe Filetto &hellip;<\/p>","protected":false},"author":4,"featured_media":19701,"comment_status":"closed","ping_status":"closed","sticky":false,"template":"","format":"standard","meta":{"footnotes":""},"categories":[1],"tags":[],"class_list":["post-32528","post","type-post","status-publish","format-standard","has-post-thumbnail","hentry","category-notizie"],"amp_enabled":true,"_links":{"self":[{"href":"https:\/\/www.fedaiisf.it\/en\/wp-json\/wp\/v2\/posts\/32528","targetHints":{"allow":["GET"]}}],"collection":[{"href":"https:\/\/www.fedaiisf.it\/en\/wp-json\/wp\/v2\/posts"}],"about":[{"href":"https:\/\/www.fedaiisf.it\/en\/wp-json\/wp\/v2\/types\/post"}],"author":[{"embeddable":true,"href":"https:\/\/www.fedaiisf.it\/en\/wp-json\/wp\/v2\/users\/4"}],"replies":[{"embeddable":true,"href":"https:\/\/www.fedaiisf.it\/en\/wp-json\/wp\/v2\/comments?post=32528"}],"version-history":[{"count":0,"href":"https:\/\/www.fedaiisf.it\/en\/wp-json\/wp\/v2\/posts\/32528\/revisions"}],"wp:featuredmedia":[{"embeddable":true,"href":"https:\/\/www.fedaiisf.it\/en\/wp-json\/wp\/v2\/media\/19701"}],"wp:attachment":[{"href":"https:\/\/www.fedaiisf.it\/en\/wp-json\/wp\/v2\/media?parent=32528"}],"wp:term":[{"taxonomy":"category","embeddable":true,"href":"https:\/\/www.fedaiisf.it\/en\/wp-json\/wp\/v2\/categories?post=32528"},{"taxonomy":"post_tag","embeddable":true,"href":"https:\/\/www.fedaiisf.it\/en\/wp-json\/wp\/v2\/tags?post=32528"}],"curies":[{"name":"wp","href":"https:\/\/api.w.org\/{rel}","templated":true}]}}