{"id":32535,"date":"2017-08-02T19:08:26","date_gmt":"2017-08-02T17:08:26","guid":{"rendered":"http:\/\/www.fedaiisf.it\/?p=32535"},"modified":"2017-08-02T19:08:26","modified_gmt":"2017-08-02T17:08:26","slug":"ddl-concorrenza-approvato-federfarma-cambiamento-epocale-parafarmacie-tutela-dei-privilegi-gli-interessi-dei-consumatori","status":"publish","type":"post","link":"https:\/\/www.fedaiisf.it\/en\/ddl-concorrenza-approvato-federfarma-cambiamento-epocale-parafarmacie-tutela-dei-privilegi-gli-interessi-dei-consumatori\/","title":{"rendered":"DDL competition approved. Federfarma: epochal change. Parapharmacies: to protect privileges, against the interests of consumers"},"content":{"rendered":"<p>Dopo oltre due anni e mezzo dal varo del governo e dopo numerose battute d\u2019arresto, il ddl\u00a0concorrenza ha superato il traguardo e diventa legge con il voto di fiducia in Senato e con soli 146 s\u00ec e ben 113 no. Un lungo iter su cui hanno certamente influito le pressioni delle lobby ma anche i momenti pi\u00f9 delicati nella stessa maggioranza.<\/p>\n<h2 class=\"Title\">Federfarma: ora al lavoro per gestire un cambiamento epocale<\/h2>\n<p><img loading=\"lazy\" decoding=\"async\" class=\"alignright\" src=\"http:\/\/tuttoggi.info\/wp-content\/uploads\/2017\/04\/federfarma.jpg\" alt=\"Risultati immagini per federfarma\" width=\"337\" height=\"219\" \/>Le conseguenze di un siffatto provvedimento erano state sottovalutate, nonostante i gridi di allarme di varie associazioni provinciali. Noi abbiamo subito motivato la nostra contrariet\u00e0 al provvedimento cosi come era strutturato, senza vincoli, con una nota inviata ai parlamentari, ma ormai era tardi in quanto la discussione concernente le farmacie si era gi\u00e0 conclusa e i giochi erano fatti.\u00a0 Oggi il provvedimento \u00e8 legge \u2013 osserva il presidente di Federfarma, Marco Cossolo \u2013\u00e8 inutile piangere sul latte versato e siamo gi\u00e0 al lavoro per gestire questo cambiamento che sar\u00e0 epocale per la farmacia italiana.\u201d<\/p>\n<p>\u201cOccorre anche dire che la farmacia \u00e8 stata trattata peggio di altre professioni per le quali sono stati inseriti alcuni vincoli mentre, ad esempio, nella compagine sociale della propriet\u00e0 della farmacia non \u00e8 stata prevista la presenza obbligatoria del farmacista, neppure in quota di minoranza.\u00a0\u00a0 Di fatto questo provvedimento si configura come un nuovo provvedimento contro la farmacia e contro i suoi utenti, sulla scia dei molti che si sono succeduti in questi anni.\u201d<\/p>\n<p>\u201cPer gestire il cambiamento e affrontare l\u2019ingresso dei capitali \u00e8 prioritario consolidare le aggregazioni gi\u00e0 esistenti tra farmacie e le sinergie con le societ\u00e0 di distribuzione del farmaco di propriet\u00e0 dei farmacisti.<\/p>\n<p>Al Governo chiediamo di controllare che a seguito del provvedimento, che di concorrenziale ha solo il nome e favorisce la concorrenza solo a parole, non si creino situazioni di oligopolio, visto che la legge permetterebbe a sole 5 grandi societ\u00e0 di impossessarsi\u00a0 di tutto il servizio farmaceutico e di guidarlo sulla base dei propri interessi economici piu\u2019 che delle necessit\u00e0 di salute della collettivit\u00e0.<\/p>\n<p><a href=\"https:\/\/www.federfarma.it\/Edicola\/Comunicati-stampa\/02-08-2017-18-08-59.aspx\" target=\"_blank\" rel=\"noopener noreferrer\"><span style=\"color: #0000ff;\">Federfarma 02\/08\/2017<\/span><\/a><\/p>\n<h2>Liberi Farmacisti: Ddl concorrenza: legge a tutela dei privilegi, contro gli interessi dei consumatori<\/h2>\n<p>&#8220;Una legge sbagliata ove si \u00e8 fatto scempio delle indicazioni dell&#8217;Antitrust, Autorit\u00e0 strumentalizzata da una politica fortemente legata a lobby e corporazioni&#8221;, cos\u00ec Vincenzo Devito presidente del MNLF commenta l&#8217;approvazione del Ddl concorrenza.<\/p>\n<p>&#8220;<img loading=\"lazy\" decoding=\"async\" class=\"alignleft\" src=\"http:\/\/www.scrivimi.net\/azienda_allegati_galleria_fotografica\/188842-5371.jpg\" alt=\"Risultati immagini per mnlf liberi farmacisti\" width=\"408\" height=\"306\" \/>I risultati sono sotto gli occhi di tutti&#8221;, continua Devito, &#8220;la montagna non ha partorito il classico topolino, ma un mostro tentacolare che i cittadini impareranno presto a conoscere.&#8221;<\/p>\n<p>Un tributo altissimo a carico dei consumatori che la maggioranza ha offerto agli interessi delle corporazioni e del grande capitale.<\/p>\n<p>In tutta questa storia le responsabilit\u00e0 sono del Partito Democratico e di Mattei Renzi incapaci di avviare una vera stagione realmente riformatrice, ma pronta a cogliere i suggerimenti dei poteri forti. pi\u00f9 che rottamatore l&#8217;ex presidente del consiglio appare come il &#8220;restauratore&#8221; di privilegi.<br \/>\nFabio Romiti, Vice Presidente MNLF, spiega, &#8220;c&#8217;era sin dall&#8217;approvazione in Consiglio dei Ministri, due anni fa, un patto tra Angelino Alfano e Matteo Renzi per non liberalizzare il settore, favorendo al contempo l&#8217;entrata in campo di alcune note multinazionali&#8221;. &#8220;Pi\u00f9 che allargare il settore a nuovi attori si \u00e8 trattato di una operazione per estendere il monopolio esistente a nuovi soggetti trasformandolo in un oligopolio&#8221;.<\/p>\n<p>Per l&#8217;ennesima volta si \u00e8 persa una occasione, rinunciando alla liberalizzazione dei farmaci di fascia C, per creare nuovi posti di lavoro (5000), nuove aziende (3000\/3500), investimenti (700Mln euro) e soprattutto risparmi per i cittadini (in media 500 Mln\/anno). Tutto a costo zero per lo Stato. Per l&#8217;ennesima volta gli interessi particolari hanno prevalso su quelli generali.<\/p>\n<p>Questi sono i risultati di una politica volutamente superficiale, ove un ministro della Salute, Lorenzin, parla di rischi per la salute pubblica con le liberalizzazione, come se non sapesse che nelle parafarmacie ci sono le stesse garanzie tecniche, normative e di controllo delle farmacie, come se non sapesse che nelle parafarmacie opera un farmacista laureato ed abilitato come nelle farmacie. Una politica che non esita a fare false promesse, sia da destra che da sinistra, consapevole di compiacere solo per meri calcoli elettorali.<br \/>\nFake news elettorali appaiono i tentativi di alcuni esponenti Pd e Forza Italia di promettere velleitarie sanatorie alle parafarmacie.<\/p>\n<p>Oltre due anni per varare una legge fondamentalmente corporativa, il Governo Gentiloni ora e quello Renzi prima, hanno poco da festeggiare e molto, moltissimo da riflettere.<br \/>\nTuttavia, la battaglia per liberalizzare il settore continua.<\/p>\n<p><a href=\"http:\/\/www.mnlf.it\/news.php?id=420\" target=\"_blank\" rel=\"noopener noreferrer\"><span style=\"color: #0000ff;\">MNLF &#8211; 02\/08\/2017<\/span><\/a><\/p>\n<h2>La Cgil denuncia i riflessi negativi sugli utenti. Cervellini (SI) parla di vittoria delle lobby, e degli oligopoli. Insomma, una schifezza<\/h2>\n<p><strong><img loading=\"lazy\" decoding=\"async\" class=\"alignright\" src=\"http:\/\/www.conadivrea.it\/wp-content\/uploads\/2015\/01\/parafarmacia.jpg\" alt=\"Risultati immagini per parafarmacia conad\" width=\"224\" height=\"260\" \/>Francesco Pugliese, amministratore delegato Conad: \u201clegge che mostra una classe dirigente incapace di mettere in discussione le prerogative delle lobby\u201d<\/strong><\/p>\n<p>\u201cUna legge che di\u00a0concorrenza\u00a0ne ha ben poca, e che mostra tutta la debolezza di una classe dirigente ancora incapace di mettere in discussione le prerogative di lobby e corporazioni\u201d. Cos\u00ec Francesco Pugliese, amministratore delegato di Conad, ha commentato l\u2019approvazione del Ddl\u00a0concorrenza, oggi divenuto legge con il voto di fiducia del Senato. Il riferimento, spiega una nota, \u00e8 al capitolo sulla distribuzione dei farmaci, che consente l\u2019ingresso delle societ\u00e0 di capitali nelle propriet\u00e0 delle farmacie aprendo il mercato ai grandi gruppi della distribuzione del farmaco.\u00a0\u201cSi \u00e8 preferito \u2013 ha proseguito Pugliese \u2013 consegnare il mercato della vendita dei medicinali alle multinazionali, piuttosto che estendere la vendita dei farmaci a carico di cittadini alle parafarmacie, dove operano farmacisti abilitati e dove oggi i cittadini riescono a risparmiare fino al 40% sui farmaci da banco. Una netta marcia indietro rispetto alla strada indicata dal decreto Bersani del 2006, e che comporta per giunta il rischio di affossare i vantaggi gi\u00e0 ottenuti con la precedente liberalizzazione\u201d, ha proseguito il numero uno di\u00a0Conad.<\/p>\n<p><a href=\"http:\/\/www.jobsnews.it\/2017\/08\/il-decreto-concorrenza-e-legge-grazie-alla-fiducia-risicata-votata-da-appena-146-senatori-la-cgil-denuncia-i-riflessi-negativi-sugli-utenti-cervellini-si-parla-di-vittoria-delle-lobby-e-degli-oli\/\" target=\"_blank\" rel=\"noopener noreferrer\"><span style=\"color: #0000ff;\">Jobdnews &#8211; 02\/08\/2017<\/span><\/a><\/p>","protected":false},"excerpt":{"rendered":"<p>Dopo oltre due anni e mezzo dal varo del governo e dopo numerose battute d\u2019arresto, il ddl\u00a0concorrenza ha superato il traguardo e diventa legge con il voto di fiducia in Senato e con soli 146 s\u00ec e ben 113 no. Un lungo iter su cui hanno certamente influito le pressioni delle lobby ma anche i &hellip;<\/p>","protected":false},"author":4,"featured_media":527,"comment_status":"closed","ping_status":"closed","sticky":false,"template":"","format":"standard","meta":{"footnotes":""},"categories":[1],"tags":[41,29],"class_list":["post-32535","post","type-post","status-publish","format-standard","has-post-thumbnail","hentry","category-notizie","tag-leggisentenze","tag-prezzo-farmaci"],"amp_enabled":true,"_links":{"self":[{"href":"https:\/\/www.fedaiisf.it\/en\/wp-json\/wp\/v2\/posts\/32535","targetHints":{"allow":["GET"]}}],"collection":[{"href":"https:\/\/www.fedaiisf.it\/en\/wp-json\/wp\/v2\/posts"}],"about":[{"href":"https:\/\/www.fedaiisf.it\/en\/wp-json\/wp\/v2\/types\/post"}],"author":[{"embeddable":true,"href":"https:\/\/www.fedaiisf.it\/en\/wp-json\/wp\/v2\/users\/4"}],"replies":[{"embeddable":true,"href":"https:\/\/www.fedaiisf.it\/en\/wp-json\/wp\/v2\/comments?post=32535"}],"version-history":[{"count":0,"href":"https:\/\/www.fedaiisf.it\/en\/wp-json\/wp\/v2\/posts\/32535\/revisions"}],"wp:featuredmedia":[{"embeddable":true,"href":"https:\/\/www.fedaiisf.it\/en\/wp-json\/wp\/v2\/media\/527"}],"wp:attachment":[{"href":"https:\/\/www.fedaiisf.it\/en\/wp-json\/wp\/v2\/media?parent=32535"}],"wp:term":[{"taxonomy":"category","embeddable":true,"href":"https:\/\/www.fedaiisf.it\/en\/wp-json\/wp\/v2\/categories?post=32535"},{"taxonomy":"post_tag","embeddable":true,"href":"https:\/\/www.fedaiisf.it\/en\/wp-json\/wp\/v2\/tags?post=32535"}],"curies":[{"name":"wp","href":"https:\/\/api.w.org\/{rel}","templated":true}]}}