{"id":32553,"date":"2017-08-07T12:12:19","date_gmt":"2017-08-07T10:12:19","guid":{"rendered":"http:\/\/www.fedaiisf.it\/?p=32553"},"modified":"2017-08-07T12:14:17","modified_gmt":"2017-08-07T10:14:17","slug":"dal-1-agosto-2017-la-sigma-tau-diventata-alfasigma-spa","status":"publish","type":"post","link":"https:\/\/www.fedaiisf.it\/en\/dal-1-agosto-2017-la-sigma-tau-diventata-alfasigma-spa\/","title":{"rendered":"From 1 August 2017 Sigma-Tau became Alfasigma SpA"},"content":{"rendered":"<div class=\"itemIntroText\">\n<p>ROMA &#8211; Da pochi giorni uno degli stabilimenti pi\u00f9 importanti a livello nazionale ha iniziato una nuova vita. Infatti la blasonata Sigma-Tau nata nel 1957 dall&#8217;iniziativa imprenditoriale di\u00a0<strong>Claudio <img loading=\"lazy\" decoding=\"async\" class=\"alignright\" src=\"https:\/\/www.dazebaonews.it\/media\/k2\/items\/cache\/81a9695c38ea68babed5a49b98f7e463_L.jpg\" alt=\"Farmaceutica: la Sigma-Tau \u00e8 diventata Alfasigma SpA\" width=\"363\" height=\"272\" \/>Cavazza<\/strong>\u00a0e diventata presto fiore all\u2019occhiello della farmaceutica italiana si chiamer\u00e0 Alfasigma.<\/p>\n<p>Come comunica la nuova societ\u00e0 \u201cdal 1 agosto 2017 \u00e8 avvenuta la fusione per incorporazione di Alfa Wassermann S.p.A., Biofutura Pharma S.p.A. e Sigma-Tau Industrie Farmaceutiche Riunite S.p.A. (collettivamente, le \u201cSociet\u00e0 Incorporate\u201d) in Alfasigma S.p.A. (\u201cAlfasigma\u201d).<\/p>\n<\/div>\n<div class=\"itemFullText\">\n<p>\u201cAlfasigma subentrer\u00e0 per effetto di legge senza soluzione di continuit\u00e0 in tutti i rapporti attivi e passivi facenti capo alle Societ\u00e0 Incorporate. Il presente sito istituzionale sar\u00e0 mantenuto attivo fino al completamento di tutte le attivit\u00e0 legate al processo di trasferimento ad Alfasigma della titolarit\u00e0 delle AIC e delle concessioni di vendita delle specialit\u00e0 medicinali precedentemente intestate a Sigma-Tau Industrie Farmaceutiche Riunite S.p.A. e degli altri prodotti gi\u00e0 distribuiti da Sigma-Tau Industrie Farmaceutiche Riunite S.p.A.\u201d<\/p>\n<p><a href=\"https:\/\/www.dazebaonews.it\/economia\/48015-farmaceutica-la-sigma-tau-e-diventata-alfasigma-spa.html\" target=\"_blank\" rel=\"noopener noreferrer\"><span style=\"color: #0000ff;\">DazebaoNews &#8211;\u00a0<span class=\"itemDateCreated\">06 Agosto \u00a02017 &#8211; Redazione<\/span><\/span><\/a><\/p>\n<\/div>","protected":false},"excerpt":{"rendered":"<p>ROMA &#8211; Da pochi giorni uno degli stabilimenti pi\u00f9 importanti a livello nazionale ha iniziato una nuova vita. Infatti la blasonata Sigma-Tau nata nel 1957 dall&#8217;iniziativa imprenditoriale di\u00a0Claudio Cavazza\u00a0e diventata presto fiore all\u2019occhiello della farmaceutica italiana si chiamer\u00e0 Alfasigma. Come comunica la nuova societ\u00e0 \u201cdal 1 agosto 2017 \u00e8 avvenuta la fusione per incorporazione di &hellip;<\/p>","protected":false},"author":4,"featured_media":19191,"comment_status":"closed","ping_status":"closed","sticky":false,"template":"","format":"standard","meta":{"footnotes":""},"categories":[1],"tags":[53,27],"class_list":["post-32553","post","type-post","status-publish","format-standard","has-post-thumbnail","hentry","category-notizie","tag-fusioniacquisizioni","tag-licenziati"],"amp_enabled":true,"_links":{"self":[{"href":"https:\/\/www.fedaiisf.it\/en\/wp-json\/wp\/v2\/posts\/32553","targetHints":{"allow":["GET"]}}],"collection":[{"href":"https:\/\/www.fedaiisf.it\/en\/wp-json\/wp\/v2\/posts"}],"about":[{"href":"https:\/\/www.fedaiisf.it\/en\/wp-json\/wp\/v2\/types\/post"}],"author":[{"embeddable":true,"href":"https:\/\/www.fedaiisf.it\/en\/wp-json\/wp\/v2\/users\/4"}],"replies":[{"embeddable":true,"href":"https:\/\/www.fedaiisf.it\/en\/wp-json\/wp\/v2\/comments?post=32553"}],"version-history":[{"count":0,"href":"https:\/\/www.fedaiisf.it\/en\/wp-json\/wp\/v2\/posts\/32553\/revisions"}],"wp:featuredmedia":[{"embeddable":true,"href":"https:\/\/www.fedaiisf.it\/en\/wp-json\/wp\/v2\/media\/19191"}],"wp:attachment":[{"href":"https:\/\/www.fedaiisf.it\/en\/wp-json\/wp\/v2\/media?parent=32553"}],"wp:term":[{"taxonomy":"category","embeddable":true,"href":"https:\/\/www.fedaiisf.it\/en\/wp-json\/wp\/v2\/categories?post=32553"},{"taxonomy":"post_tag","embeddable":true,"href":"https:\/\/www.fedaiisf.it\/en\/wp-json\/wp\/v2\/tags?post=32553"}],"curies":[{"name":"wp","href":"https:\/\/api.w.org\/{rel}","templated":true}]}}