{"id":32593,"date":"2017-08-10T19:51:02","date_gmt":"2017-08-10T17:51:02","guid":{"rendered":"http:\/\/www.fedaiisf.it\/?p=32593"},"modified":"2017-08-12T11:47:03","modified_gmt":"2017-08-12T09:47:03","slug":"treviso-piu-2-000-corteo-vaccini-obbligatori","status":"publish","type":"post","link":"https:\/\/www.fedaiisf.it\/en\/treviso-piu-2-000-corteo-vaccini-obbligatori\/","title":{"rendered":"Treviso, more than 2,000 in procession against mandatory vaccines"},"content":{"rendered":"<p>Un fiume di pi\u00f9 di\u00a0<strong>2.000 persone<\/strong>\u00a0hanno riempito le strade di\u00a0<strong>Treviso<\/strong>\u00a0ieri sera al grido di \u00abGi\u00f9 le mani dai bambini\u00bb. Una partecipazione sempre pi\u00f9 vasta, come spiega la\u00a0<em>Tribuna<\/em>in edicola oggi a pagina 17, per protestare contro la legge appena approvata alla Camera sui\u00a0<strong>vaccini obbligatori<\/strong>. Una variet\u00e0 di persone con una variet\u00e0 di pensiero: da chi si limita a contestare il numero <img loading=\"lazy\" decoding=\"async\" class=\"alignright\" src=\"http:\/\/www.adnkronos.com\/rf\/image_size_1280x960\/Pub\/AdnKronos\/Assets\/Immagini\/infografici\/26infografica-vaccini-obbligatori.jpg\" alt=\"Risultati immagini per vaccini obbligatori\" width=\"427\" height=\"325\" \/>troppo elevato dei vaccini obbligatori (10), a chi, invece, si scaglia contro la legge che ritengono un complotto di Big pharma ai danni dei bambini italiani.<\/p>\n<p>\u00abManifestiamo contro questa legge perch\u00e9 prima di tutto\u00a0<strong>toglie alle persone la libert\u00e0 di scegliere la cura<\/strong>\u00a0\u2013 spiega\u00a0<strong>Ferdinando Donalto<\/strong>, presidente del\u00a0<strong>Corvelva<\/strong>\u00a0(Coordinamento veneto per la libert\u00e0 vaccinale)\u00a0\u2013 E poi dobbiamo ricordarci degli anni \u201950, quando gran parte della letteratura sosteneva che fumare non faceva male. I medici facevano addirittura delle pubblicit\u00e0 consigliando che marca di sigarette fumare. Oggi chi la pensa diversamente tra l\u2019altro viene addirittura radiato\u00bb.<\/p>\n<p>\u00ab<strong>Non c\u2019\u00e8 vigilanza farmaceutica sui vaccini<\/strong>. Io stesso ho fatto un esposto contro il presidente dell\u2019Istituto Superiore di Sanit\u00e0, perch\u00e9 sostiene che nessun bambino \u00e8 mai morto per colpa di un vaccino. Io mi presenter\u00f2 in tribunale con l\u2019esito di un\u2019autopsia su un bambino, che mette nero su bianco che la morte \u00e8 avvenuta a causa del vaccino contro il morbillo\u00bb, conclude Donalto.<\/p>\n<p><a href=\"http:\/\/www.vvox.it\/2017\/08\/10\/treviso-piu-di-2-000-in-corteo-contro-i-vaccini-obbligatori\/\" target=\"_blank\" rel=\"noopener\">vvox\u00a010 agosto 2017<\/a><\/p>\n<p>Notizie correlate: <span style=\"color: #0000ff;\"><a href=\"http:\/\/www.fedaiisf.it\/le-ragioni-dei-no-vaxx-n-d-r\/\" target=\"_blank\" rel=\"noopener\">Le ragioni dei No Vaxx. N.d.R.<\/a><\/span><\/p>\n<p><a href=\"http:\/\/www.interris.it\/2017\/08\/11\/125227\/posizione-in-primo-piano\/schiaffog\/perche-non-e-giusto-imporre-i-vaccini.html\" target=\"_blank\" rel=\"noopener\">\u201cPerch\u00e9 non \u00e8 giusto imporre i vaccini\u201d<\/a><\/p>\n<hr \/>\n<p>N.d.R.<\/p>\n<p><em>Ma quel che non mi pu\u00f2 entrare, \u00e8 di questi signori medici; confessare che ci troviamo sotto una congiunzione cos\u00ec maligna, e poi venirci a dire, con faccia tosta: non toccate qui, non toccate l\u00e0, e sarete sicuri! Come se questo schivare il contatto materiale de&#8217; corpi terreni, potesse impedir l&#8217;effetto virtuale de&#8217; corpi celesti! E tanto affannarsi a bruciar de&#8217; cenci! Povera gente! brucerete Giove? brucerete Saturno?<\/em><\/p>\n<p><em>His fretus, vale a dire [n.d.r.: <\/em>fidandosi<em>] su questi bei fondamenti, non prese nessuna precauzione contro la peste; gli s&#8217;attacc\u00f2; and\u00f2 a letto, a morire, come un eroe di Metastasio, prendendosela con le stelle.<\/em><\/p>\n<p>(Don Ferrante &#8211; I Promessi Sposi, cap. XXXVII &#8211; A.Manzoni)<\/p>\n","protected":false},"excerpt":{"rendered":"<p>Un fiume di pi\u00f9 di\u00a02.000 persone\u00a0hanno riempito le strade di\u00a0Treviso\u00a0ieri sera al grido di \u00abGi\u00f9 le mani dai bambini\u00bb. Una partecipazione sempre pi\u00f9 vasta, come spiega la\u00a0Tribunain edicola oggi a pagina 17, per protestare contro la legge appena approvata alla Camera sui\u00a0vaccini obbligatori. Una variet\u00e0 di persone con una variet\u00e0 di pensiero: da chi si &hellip;<\/p>","protected":false},"author":4,"featured_media":32595,"comment_status":"closed","ping_status":"closed","sticky":false,"template":"","format":"standard","meta":{"footnotes":""},"categories":[1,48],"tags":[39],"class_list":["post-32593","post","type-post","status-publish","format-standard","has-post-thumbnail","hentry","category-notizie","category-note-di-redazione","tag-vaccini"],"amp_enabled":true,"_links":{"self":[{"href":"https:\/\/www.fedaiisf.it\/en\/wp-json\/wp\/v2\/posts\/32593","targetHints":{"allow":["GET"]}}],"collection":[{"href":"https:\/\/www.fedaiisf.it\/en\/wp-json\/wp\/v2\/posts"}],"about":[{"href":"https:\/\/www.fedaiisf.it\/en\/wp-json\/wp\/v2\/types\/post"}],"author":[{"embeddable":true,"href":"https:\/\/www.fedaiisf.it\/en\/wp-json\/wp\/v2\/users\/4"}],"replies":[{"embeddable":true,"href":"https:\/\/www.fedaiisf.it\/en\/wp-json\/wp\/v2\/comments?post=32593"}],"version-history":[{"count":0,"href":"https:\/\/www.fedaiisf.it\/en\/wp-json\/wp\/v2\/posts\/32593\/revisions"}],"wp:featuredmedia":[{"embeddable":true,"href":"https:\/\/www.fedaiisf.it\/en\/wp-json\/wp\/v2\/media\/32595"}],"wp:attachment":[{"href":"https:\/\/www.fedaiisf.it\/en\/wp-json\/wp\/v2\/media?parent=32593"}],"wp:term":[{"taxonomy":"category","embeddable":true,"href":"https:\/\/www.fedaiisf.it\/en\/wp-json\/wp\/v2\/categories?post=32593"},{"taxonomy":"post_tag","embeddable":true,"href":"https:\/\/www.fedaiisf.it\/en\/wp-json\/wp\/v2\/tags?post=32593"}],"curies":[{"name":"wp","href":"https:\/\/api.w.org\/{rel}","templated":true}]}}