{"id":32624,"date":"2017-08-16T18:24:55","date_gmt":"2017-08-16T16:24:55","guid":{"rendered":"http:\/\/www.fedaiisf.it\/?p=32624"},"modified":"2017-08-16T18:53:39","modified_gmt":"2017-08-16T16:53:39","slug":"umbria-gli-animali-la-ricetta-elettronica","status":"publish","type":"post","link":"https:\/\/www.fedaiisf.it\/en\/umbria-gli-animali-la-ricetta-elettronica\/","title":{"rendered":"Umbria, the electronic recipe for animals"},"content":{"rendered":"<p><em>L\u2019assessore regionale Luca Barberini: \u00abMaggiore tracciabilit\u00e0 dell\u2019utilizzo dei farmaci veterinari, semplificazione e pi\u00f9 tutela della salute pubblica\u00bb\u00a0Ci\u00f2 consentir\u00e0 di avere un quadro pi\u00f9 preciso del consumo di antibiotici, quale strumento essenziale per il contrasto al fenomeno dell&#8217;antibiotico-resistenza, con particolare riguardo agli allevamenti di animali produttori di alimenti<\/em><\/p>\n<p><a href=\"http:\/\/www.umbriaon.it\/umbria-per-gli-animali-la-ricetta-elettronica\/\" target=\"_blank\" rel=\"noopener\"><span style=\"color: #0000ff;\">16 Ago 2017 &#8211; Umbria on<\/span><\/a><\/p>\n<p><img loading=\"lazy\" decoding=\"async\" class=\"alignright\" src=\"https:\/\/www.ideegreen.it\/wp-content\/uploads\/2014\/05\/allevamenti-intensivi.jpg\" alt=\"Risultati immagini per allevamenti intensivi\" width=\"455\" height=\"307\" \/>\u00abMaggiore tracciabilit\u00e0 dell\u2019utilizzo dei farmaci veterinari, semplificazione e pi\u00f9 tutela della salute pubblica\u00bb. Con questi obiettivi, la Regione Umbria ha avviato il processo d\u2019informatizzazione della movimentazione dei medicinali per gli animali, attraverso una fase sperimentale, che porter\u00e0 all\u2019introduzione, dal 2018, della ricetta elettronica veterinaria con abolizione di quella cartacea.<\/p>\n<p><strong>Le finalit\u00e0<\/strong>\u00a0\u00abIl processo \u2013 spiega l\u2019assessore Luca Barberini \u2013 coinvolger\u00e0 l\u2019intera filiera del farmaco, ed essendo in collegamento con la Banca dati centrale dei farmaci, permetter\u00e0 di incrociare i dati di vendita e di prescrizione dei medicinali veterinari. Ci\u00f2 consentir\u00e0 di avere un quadro pi\u00f9 preciso del consumo di antibiotici, quale strumento essenziale per il contrasto al fenomeno dell\u2019antibiotico-resistenza, con particolare riguardo agli allevamenti di animali produttori di alimenti.\u00a0La ricetta elettronica \u2013 prosegue Barberini \u2013 \u00e8 parte di una modifica sostanziale dell\u2019attuale sistema di gestione dei medicinali veterinari, finalizzata all\u2019aumento della tutela della salute degli animali e dell\u2019uomo, in linea con le disposizioni europee e nazionali in materia, oltre che con quanto previsto nel Piano regionale della prevenzione 2014-2018. L\u2019obiettivo \u00e8 anche quello dell\u2019efficientamento delle attivit\u00e0 di farmacosorveglianza e di analisi del rischio sanitario sul territorio regionale, introducendo peraltro forti elementi di innovazione e semplificazione\u00bb.<\/p>\n<p><strong>La formazione<\/strong>\u00a0Secondo quanto previsto dall\u2019Unione europea, l\u2019uso della ricetta elettronica nel settore degli animali da reddito sar\u00e0 reso obbligatorio dal 1 settembre 2018. \u00abLa Regione Umbria \u2013 dice ancora Barberini \u2013 si sta gi\u00e0 preparando, attraverso corsi di formazione per le categorie interessate, per attivare le nuove procedure su tutto il territorio regionale nei tempi previsti dalla legge. Nei giorni scorsi, a Perugia, nella sede centrale dell\u2019Istituto zooprofilattico sperimentale dell\u2019Umbria e delle Marche, si \u00e8 svolto un primo incontro destinato a veterinari liberi professionisti, veterinari Asl e grossisti che operano in ambito regionale, presente anche personale del ministero della Salute e del Centro servizi nazionale dell\u2019Izsam\u00a0di Teramo. L\u2019attivit\u00e0 formativa proseguir\u00e0 nei prossimi mesi per agevolare il passaggio al nuovo sistema\u00bb.<\/p>\n<p>Related news:\u00a0<a href=\"http:\/\/www.salute.gov.it\/portale\/news\/p3_2_1_2_1.jsp?lingua=italiano&amp;menu=notizie&amp;p=nas&amp;id=644\" target=\"_blank\" rel=\"noopener\">Carabinieri NAS, controlli sul rispetto del benessere animale su tutto il territorio nazionale<\/a><\/p>\n<p><a href=\"http:\/\/www.salute.gov.it\/pianoNazionaleIntegrato2015\/sezionePianoNazionaleIntegrato2015.jsp?cap=capitolo3&amp;sez=pni-cap3-sanitaanimale-farmacoveterinario\" target=\"_blank\" rel=\"noopener\">Sanit\u00e0 animale &#8211; farmaco veterinario<\/a><\/p>\n<p><a href=\"http:\/\/www.fedaiisf.it\/en\/batteri-resistenti-aumentano-le-infezioni-italia\/\" target=\"_blank\" rel=\"noopener\">Resistant bacteria, infections increase in Italy<\/a><\/p>","protected":false},"excerpt":{"rendered":"<p>L\u2019assessore regionale Luca Barberini: \u00abMaggiore tracciabilit\u00e0 dell\u2019utilizzo dei farmaci veterinari, semplificazione e pi\u00f9 tutela della salute pubblica\u00bb\u00a0Ci\u00f2 consentir\u00e0 di avere un quadro pi\u00f9 preciso del consumo di antibiotici, quale strumento essenziale per il contrasto al fenomeno dell&#8217;antibiotico-resistenza, con particolare riguardo agli allevamenti di animali produttori di alimenti 16 Ago 2017 &#8211; Umbria on \u00abMaggiore tracciabilit\u00e0 &hellip;<\/p>","protected":false},"author":4,"featured_media":32625,"comment_status":"closed","ping_status":"closed","sticky":false,"template":"","format":"standard","meta":{"footnotes":""},"categories":[1],"tags":[73],"class_list":["post-32624","post","type-post","status-publish","format-standard","has-post-thumbnail","hentry","category-notizie","tag-batteri-farmacoresistenza"],"amp_enabled":true,"_links":{"self":[{"href":"https:\/\/www.fedaiisf.it\/en\/wp-json\/wp\/v2\/posts\/32624","targetHints":{"allow":["GET"]}}],"collection":[{"href":"https:\/\/www.fedaiisf.it\/en\/wp-json\/wp\/v2\/posts"}],"about":[{"href":"https:\/\/www.fedaiisf.it\/en\/wp-json\/wp\/v2\/types\/post"}],"author":[{"embeddable":true,"href":"https:\/\/www.fedaiisf.it\/en\/wp-json\/wp\/v2\/users\/4"}],"replies":[{"embeddable":true,"href":"https:\/\/www.fedaiisf.it\/en\/wp-json\/wp\/v2\/comments?post=32624"}],"version-history":[{"count":0,"href":"https:\/\/www.fedaiisf.it\/en\/wp-json\/wp\/v2\/posts\/32624\/revisions"}],"wp:featuredmedia":[{"embeddable":true,"href":"https:\/\/www.fedaiisf.it\/en\/wp-json\/wp\/v2\/media\/32625"}],"wp:attachment":[{"href":"https:\/\/www.fedaiisf.it\/en\/wp-json\/wp\/v2\/media?parent=32624"}],"wp:term":[{"taxonomy":"category","embeddable":true,"href":"https:\/\/www.fedaiisf.it\/en\/wp-json\/wp\/v2\/categories?post=32624"},{"taxonomy":"post_tag","embeddable":true,"href":"https:\/\/www.fedaiisf.it\/en\/wp-json\/wp\/v2\/tags?post=32624"}],"curies":[{"name":"wp","href":"https:\/\/api.w.org\/{rel}","templated":true}]}}