{"id":32808,"date":"2017-09-09T10:12:01","date_gmt":"2017-09-09T08:12:01","guid":{"rendered":"http:\/\/www.fedaiisf.it\/?p=32808"},"modified":"2017-09-09T10:12:01","modified_gmt":"2017-09-09T08:12:01","slug":"vaccini-bufale-le-otto-notizie-false-piu-diffuse","status":"publish","type":"post","link":"https:\/\/www.fedaiisf.it\/en\/vaccini-bufale-le-otto-notizie-false-piu-diffuse\/","title":{"rendered":"Vaccines and hoaxes, the eight most widespread fake news"},"content":{"rendered":"<p>Dall\u2019autismo agli effetti collaterali, un medico e ricercatore smonta le false notizie<\/p>\n<p><a href=\"http:\/\/www.lastampa.it\/2017\/09\/09\/italia\/cronache\/vi-svelo-le-fake-news-sui-vaccini-CKxAu0TWU6ldfeKWo8KpVK\/pagina.html\" target=\"_blank\" rel=\"noopener\"><span style=\"color: #0000ff;\">LA STAMPA Italia &#8211; 09\/09\/2017 &#8211; Di Roberto Burioni<\/span><\/a><\/p>\n<p><strong><span class=\"nero\">I vaccini causano l\u2019autismo.\u00a0Non \u00e8 vero.\u00a0<\/span><\/strong><\/p>\n<p>L\u2019incidenza di questo disturbo \u00e8 identica nei bambini vaccinati e in quelli non vaccinati, come dimostrano ampissimi studi effettuati anche su individui che hanno un rischio particolarmente alto di sviluppare questo disturbo, come i fratelli di bambini gi\u00e0 autistici. Se il vaccino avesse un ruolo nel causare o nel promuovere l\u2019autismo troveremmo tra i vaccinati una maggiore incidenza, cosa che non accade. Questa osservazione \u00e8 confermata dal dato indicante che le lesioni cerebrali alla base della malattia sono presenti prima della nascita; infine, recenti ricerche hanno dimostrato che l\u2019autismo \u00e8 diagnosticabile ben prima delle vaccinazioni. Insomma, dire che i vaccini causano l\u2019autismo \u00e8 come dire che la terra \u00e8 piatta.<\/p>\n<p><strong><span class=\"nero\">I vaccini indeboliscono le difese dei bambini.\u00a0Non \u00e8 vero.\u00a0<\/span><\/strong><\/p>\n<p>I vaccini stimolano e rafforzano nella maniera pi\u00f9 naturale il sistema immunitario. Al contrario chi non si vaccina pu\u00f2 contrarre il morbillo, che provoca una prolungata e pericolosa soppressione <img loading=\"lazy\" decoding=\"async\" class=\"alignright\" src=\"http:\/\/www.lastampa.it\/rf\/image_700\/Pub\/p4\/2017\/09\/04\/Italia\/Foto\/RitagliWeb\/vlcsnap-2017-09-04-19h08m16s163-kxSH-U110112677773KI-1024x576%40LaStampa.it.png\" width=\"467\" height=\"263\" \/>delle difese, tale da aumentare in maniera rilevante la mortalit\u00e0 per altre malattie negli anni che seguono all\u2019infezione.<\/p>\n<p><strong><span class=\"nero\">Dieci vaccini sono troppi e vengono fatti solo in Italia.\u00a0Non \u00e8 vero.\u00a0<\/span><\/strong><\/p>\n<p>I 10 vaccini vengono somministrati sostanzialmente con le stesse tempistiche e con le stesse modalit\u00e0 in tutti i Paesi. La differenza \u00e8 che altrove le coperture sono alte perch\u00e9 i genitori vaccinano spontaneamente i figli, mentre in Italia sono pericolosamente basse (come dimostrato oggettivamente dai 4400 casi di morbillo) ed \u00e8 stato necessario correre ai ripari.<\/p>\n<p><strong><span class=\"nero\">I vaccini vengono somministrati troppo presto.\u00a0Non \u00e8 vero.\u00a0<\/span>\u00a0<\/strong><\/p>\n<p>I tempi delle vaccinazioni sono messi a punto sulla base di studi molto ampi in modo da garantire da un lato la massima sicurezza e dall\u2019altro la pi\u00f9 alta protezione possibile. Alcuni germi dai quali ci protegge il vaccino esavalente (come la pertosse e l\u2019emofilo di tipo B) sono pericolosissimi nei primi mesi e anni di vita, per cui non bisogna assolutamente ritardare la vaccinazione: senza alcun beneficio si lascerebbe solo la porta aperta all\u2019eventualit\u00e0 di gravi infezioni.<\/p>\n<p><strong><span class=\"nero\">I vaccini hanno gravi effetti collaterali.\u00a0Non \u00e8 vero.\u00a0<\/span>\u00a0<\/strong><\/p>\n<p>I vaccini sono i farmaci pi\u00f9 sicuri che abbiamo, l\u2019incidenza di gravi effetti collaterali \u00e8 minima (meno di un caso su un milione) e hanno un rapporto rischio-beneficio estremamente favorevole nel momento in cui paragoniamo i potenziali danni da vaccino (quasi inesistenti) con le gravissime conseguenze che possono avere le malattie dalle quali la vaccinazione protegge in maniera estremamente efficace.<\/p>\n<div class=\"ls-articoloAutore\"><\/div>","protected":false},"excerpt":{"rendered":"<p>Dall\u2019autismo agli effetti collaterali, un medico e ricercatore smonta le false notizie LA STAMPA Italia &#8211; 09\/09\/2017 &#8211; Di Roberto Burioni I vaccini causano l\u2019autismo.\u00a0Non \u00e8 vero.\u00a0 L\u2019incidenza di questo disturbo \u00e8 identica nei bambini vaccinati e in quelli non vaccinati, come dimostrano ampissimi studi effettuati anche su individui che hanno un rischio particolarmente alto &hellip;<\/p>","protected":false},"author":4,"featured_media":22116,"comment_status":"closed","ping_status":"closed","sticky":false,"template":"","format":"standard","meta":{"footnotes":""},"categories":[1],"tags":[39],"class_list":["post-32808","post","type-post","status-publish","format-standard","has-post-thumbnail","hentry","category-notizie","tag-vaccini"],"amp_enabled":true,"_links":{"self":[{"href":"https:\/\/www.fedaiisf.it\/en\/wp-json\/wp\/v2\/posts\/32808","targetHints":{"allow":["GET"]}}],"collection":[{"href":"https:\/\/www.fedaiisf.it\/en\/wp-json\/wp\/v2\/posts"}],"about":[{"href":"https:\/\/www.fedaiisf.it\/en\/wp-json\/wp\/v2\/types\/post"}],"author":[{"embeddable":true,"href":"https:\/\/www.fedaiisf.it\/en\/wp-json\/wp\/v2\/users\/4"}],"replies":[{"embeddable":true,"href":"https:\/\/www.fedaiisf.it\/en\/wp-json\/wp\/v2\/comments?post=32808"}],"version-history":[{"count":0,"href":"https:\/\/www.fedaiisf.it\/en\/wp-json\/wp\/v2\/posts\/32808\/revisions"}],"wp:featuredmedia":[{"embeddable":true,"href":"https:\/\/www.fedaiisf.it\/en\/wp-json\/wp\/v2\/media\/22116"}],"wp:attachment":[{"href":"https:\/\/www.fedaiisf.it\/en\/wp-json\/wp\/v2\/media?parent=32808"}],"wp:term":[{"taxonomy":"category","embeddable":true,"href":"https:\/\/www.fedaiisf.it\/en\/wp-json\/wp\/v2\/categories?post=32808"},{"taxonomy":"post_tag","embeddable":true,"href":"https:\/\/www.fedaiisf.it\/en\/wp-json\/wp\/v2\/tags?post=32808"}],"curies":[{"name":"wp","href":"https:\/\/api.w.org\/{rel}","templated":true}]}}