{"id":32819,"date":"2017-09-12T11:32:53","date_gmt":"2017-09-12T09:32:53","guid":{"rendered":"http:\/\/www.fedaiisf.it\/?p=32819"},"modified":"2017-09-12T11:34:32","modified_gmt":"2017-09-12T09:34:32","slug":"bisceglie-mi-negano-un-farmaco-salvavita-grido-rabbia-anna","status":"publish","type":"post","link":"https:\/\/www.fedaiisf.it\/en\/bisceglie-mi-negano-un-farmaco-salvavita-grido-rabbia-anna\/","title":{"rendered":"Bisceglie: &quot;They deny me a life-saving drug&quot;, Anna&#039;s cry of anger"},"content":{"rendered":"<p>Gi\u00e0 sottoposta a trapianto, \u00e8 costretta a scontrarsi con una burocrazia insensibile.<\/p>\n<p><a href=\"https:\/\/www.bisceglieviva.it\/notizie\/mi-negano-un-farmaco-salvavita-il-grido-di-rabbia-di-anna\/\" target=\"_blank\" rel=\"noopener\"><span class=\"datezone\">BISCEGLIE &#8211;\u00a0<\/span>MARTED\u00cc 12 SETTEMBRE 2017 &#8211;\u00a0<span class=\"author-name\">SERENA FERRARA &#8211; Biscegliaviva<\/span><\/a><\/p>\n<p>Giovane, bella, trapiantata. Ed agguerrita come chiunque sa che la sua vita dipende da una terapia farmacologica e che qualcuno, vuoi per superficialit\u00e0, vuoi per altro, sta negandogli il diritto a viverla come chiunque altro.<\/p>\n<p><img loading=\"lazy\" decoding=\"async\" class=\"alignright\" src=\"http:\/\/www.beaumont.ie\/media\/prograf-Petrina1.jpg\" alt=\"Risultati immagini per prograf drug\" width=\"417\" height=\"313\" \/>Anna Mastrototaro \u00e8 disposta a tutto per ottenere quello che lo Stato dovrebbe garantirle: la possibilit\u00e0 di ottenere, entro 48 ore dalla presentazione del cosiddetto Piano Terapeutico, quel farmaco antirigetto che ogni giorno, alla stessa ora non pu\u00f2 evitare di assumere.<\/p>\n<p>Deve invece fare i conti con una burocrazia insensibile. \u00ab<em>Non \u00e8 la prima volta che mi capita di entrare in conflitto con la farmacia del presidio &#8211;<\/em>\u00a0ci racconta Anna &#8211;\u00a0<em>perch\u00e9 un salvavita non mi viene fornito nei tempi opportuni, ma questa volta \u00e8 troppo. Il direttore dell&#8217;area di gestione del servizio farmaceutico sta negandomi un farmaco insostituibile e insospendibile. A luglio ho presentato un piano terapeutico, mi hanno garantito il farmaco per due mesi, ora, al rientro dalle ferie, me lo negano. Prima mi hanno detto che avrebbero sostituito il\u00a0Prograf\u00a0con un generico equivalente, sostituzione per cui serve l&#8217;autorizzazione del trapiantologo di riferimento. Poi, quando il centro siciliano presso cui sono in cura, con una PEC, ha spiegato che il farmaco \u00e8 quello e non pu\u00f2 essere cambiato, hanno fatto passare sei giorni. Quando mi hanno chiamata hanno risposto che, per giustificare l&#8217;ordine, serviva una dichiarazione pi\u00f9 &#8220;corposa&#8221; di quella gi\u00e0 presentata dal medico. Nessuno ha capito come andasse compilata questa relazione inusuale. A me pare che si giochi sulla mia pelle e sulla pelle di tutti i pazienti come me che, quando qualcosa non funziona, alzano la voce\u00bb.<\/em><\/p>\n<p>Anna, ad oggi, ha solo una settimana di Progaf garantita e sa con certezza che un nuovo ordine non \u00e8 partito. La sua rabbia non \u00e8 pi\u00f9 disposta a tenerla dentro, nell&#8217;interesse di chi come lei soffre un sistema, quello dell&#8217;erogazione diretta dei farmaci, che, a volte solo per banali malintesi, non risponde alle necessit\u00e0 degli utenti.<\/p>\n<p><span style=\"color: #ff0000;\"><strong>Ed<\/strong><\/span>.: <em>A quanto ci risulta il Prograf (tacrolimus monoidrato) \u00e8 in Classe A in continuit\u00e0 terapeutica Ospedale Territorio. Prescrivibile con diagnosi e Piano Terapeutico (<span style=\"color: #0000ff;\"><a href=\"http:\/\/www.medicoeleggi.com\/argomenti00\/italia2004\/17887.htm\" target=\"_blank\" rel=\"noopener\">Det. AIFA 29\/10\/2004 All. 2<\/a><\/span>). Distribuzione PHT (Prontuario Ospedale Territorio) per conto delle ASL. Se in esenzione T16 (esenzioni\u00a0sanitarie straordinarie) la differenza di prezzo non \u00e8 dovuta su ricetta SSN cartacea.<\/em><\/p>\n<p><em>Per le criticit\u00e0 del farmaco e nel prevalente interesse della salute del paziente, <strong><a href=\"http:\/\/www.aifa.gov.it\/content\/precisazioni-aifa-su-specialit%C3%A0-medicinali-contenenti-tacrolimus\" target=\"_blank\" rel=\"noopener\">AIFA raccomanda<\/a><\/strong>, nei casi in cui il medico decida la non sostituibilit\u00e0 del farmaco prescritto, che le autorit\u00e0 sanitarie territoriali non pongano a carico dell\u2019assistito la differenza fra il prezzo pi\u00f9 basso ed il prezzo del farmaco previsto facendo eccezione a quanto stabilito dal quarto comma dell\u2019art. 7 della <a href=\"http:\/\/www.camera.it\/parlam\/leggi\/01405l.htm\" target=\"_blank\" rel=\"noopener\">legge 405\/2001<\/a>.<\/em><\/p>\n<p><em>il prezzo di Prograf varia da un minimo di \u20ac 43,43 (per la confezione con capsule di 0,5 mg) ad un massimo di \u20ac\u00a0431,26 (per la confezione da\u00a030 Cps da 5 mg) o \u20ac 563,26 per la soluzione per infusione.<\/em><\/p>\n<p><em>Consigliamo la Sig.ra Anna di denunciare alla magistratura chi le nega o la ostacola in un suo diritto<\/em><\/p>\n<p>Related news: <a href=\"http:\/\/bisceglie24.it\/tribunale-del-malato-sospesa-la-distribuzione-dei-farmaci-allospedale-bisceglie\/\" target=\"_blank\" rel=\"noopener\">Tribunale del malato: \u201cSospesa la distribuzione dei farmaci all\u2019ospedale di Bisceglie\u201d<\/a><\/p>\n<p><a href=\"http:\/\/www.fedaiisf.it\/en\/cuneo-sciopero-delle-farmacie-assurdita-risparmio-dellasl-sostituito-le-statine-col-danacol\/\" target=\"_blank\" rel=\"noopener\">Wedge. Pharmacy strike. ASL saving nonsense: &quot;they replaced statins with Danacol&quot;. Revoked after meeting in the Region<\/a><\/p>\n<p><a href=\"http:\/\/www.fedaiisf.it\/en\/biosimilari-tar-boccia-delibera-della-basilicata-la-logica-del-risparmio-non-puo-limitare-la-liberta-prescrittiva-del-medico\/\" target=\"_blank\" rel=\"noopener\">Biosimilars. Tar rejects resolution of Basilicata: &quot;The logic of saving cannot limit the prescriptive freedom of the doctor&quot;<\/a><\/p>\n<p><a href=\"http:\/\/www.fedaiisf.it\/en\/ssn-risparmiare-ad-costo-anche-scapito-della-salute-dei-pazienti-gli-incentivi-ai-medici-affinche-prescrivano-generici\/\" target=\"_blank\" rel=\"noopener\">SSN. Saving at any cost. Even at the expense of patient health. Incentives for doctors to prescribe generics<\/a><\/p>\n<p>&nbsp;<\/p>","protected":false},"excerpt":{"rendered":"<p>Gi\u00e0 sottoposta a trapianto, \u00e8 costretta a scontrarsi con una burocrazia insensibile. BISCEGLIE &#8211;\u00a0MARTED\u00cc 12 SETTEMBRE 2017 &#8211;\u00a0SERENA FERRARA &#8211; Biscegliaviva Giovane, bella, trapiantata. Ed agguerrita come chiunque sa che la sua vita dipende da una terapia farmacologica e che qualcuno, vuoi per superficialit\u00e0, vuoi per altro, sta negandogli il diritto a viverla come chiunque &hellip;<\/p>","protected":false},"author":4,"featured_media":32826,"comment_status":"closed","ping_status":"closed","sticky":false,"template":"","format":"standard","meta":{"footnotes":""},"categories":[1],"tags":[49,29,26,79],"class_list":["post-32819","post","type-post","status-publish","format-standard","has-post-thumbnail","hentry","category-notizie","tag-aifa","tag-prezzo-farmaci","tag-spesa-farmaceutica","tag-ssn"],"amp_enabled":true,"_links":{"self":[{"href":"https:\/\/www.fedaiisf.it\/en\/wp-json\/wp\/v2\/posts\/32819","targetHints":{"allow":["GET"]}}],"collection":[{"href":"https:\/\/www.fedaiisf.it\/en\/wp-json\/wp\/v2\/posts"}],"about":[{"href":"https:\/\/www.fedaiisf.it\/en\/wp-json\/wp\/v2\/types\/post"}],"author":[{"embeddable":true,"href":"https:\/\/www.fedaiisf.it\/en\/wp-json\/wp\/v2\/users\/4"}],"replies":[{"embeddable":true,"href":"https:\/\/www.fedaiisf.it\/en\/wp-json\/wp\/v2\/comments?post=32819"}],"version-history":[{"count":0,"href":"https:\/\/www.fedaiisf.it\/en\/wp-json\/wp\/v2\/posts\/32819\/revisions"}],"wp:featuredmedia":[{"embeddable":true,"href":"https:\/\/www.fedaiisf.it\/en\/wp-json\/wp\/v2\/media\/32826"}],"wp:attachment":[{"href":"https:\/\/www.fedaiisf.it\/en\/wp-json\/wp\/v2\/media?parent=32819"}],"wp:term":[{"taxonomy":"category","embeddable":true,"href":"https:\/\/www.fedaiisf.it\/en\/wp-json\/wp\/v2\/categories?post=32819"},{"taxonomy":"post_tag","embeddable":true,"href":"https:\/\/www.fedaiisf.it\/en\/wp-json\/wp\/v2\/tags?post=32819"}],"curies":[{"name":"wp","href":"https:\/\/api.w.org\/{rel}","templated":true}]}}