{"id":32873,"date":"2017-09-15T12:12:27","date_gmt":"2017-09-15T10:12:27","guid":{"rendered":"http:\/\/www.fedaiisf.it\/?p=32873"},"modified":"2017-09-15T12:12:27","modified_gmt":"2017-09-15T10:12:27","slug":"scatta-lo-sciopero-dei-medici-famiglia-belluno","status":"publish","type":"post","link":"https:\/\/www.fedaiisf.it\/en\/scatta-lo-sciopero-dei-medici-famiglia-belluno\/","title":{"rendered":"Belluno&#039;s family doctors strike"},"content":{"rendered":"<p>Da marted\u00ec a fine ottobre sette giornate senza ricette bianche, da novembre a maggio ambulatori chiusi 22 giorni<\/p>\n<p><em class=\"author\">Of <a href=\"http:\/\/corrierealpi.gelocal.it\/belluno\/cronaca\/2017\/09\/15\/news\/scatta-lo-sciopero-dei-medici-di-famiglia-1.15853114\" target=\"_blank\" rel=\"noopener\"><span style=\"color: #0000ff;\">Paola Dall\u2019Anese &#8211;\u00a0<time datetime=\"2017-09-15\">15 settembre 2017 &#8211; Corriere delle Alpi<\/time><\/span><\/a><\/em><\/p>\n<p>Scioperano i medici di medicina generale per il mancato potenziamento delle strutture territoriali previsto nell\u2019ultimo Piano socio sanitario regionale. La manifestazione di protesta si snoder\u00e0 dalla prossima settimana fino a maggio, \u00abse nel frattempo non dovesse cambiare l\u2019atteggiamento della Regione che si \u00e8 chiusa ad ogni confronto con la categoria\u00bb, dice Umberto Rossa, presidente dell\u2019Ordine dei medici di Belluno. Il malcontento va avanti da luglio, quando si \u00e8 rotto il tavolo di confronto tra le parti in merito a diversi temi, tra cui la mancata realizzazione delle medicine di gruppo integrate.<\/p>\n<p><img decoding=\"async\" class=\"alignright\" src=\"http:\/\/corrierealpi.gelocal.it\/polopoly_fs\/1.15853141.1505418975!\/httpImage\/image.jpg_gen\/derivatives\/detail_558\/image.jpg\" \/>I medici di assistenza primaria aderenti alle sigle sindacali Fimmg, Smi, Snami e Intesa sindacale hanno deciso di mettere in atto una protesta che partir\u00e0 in maniera \u201csoft\u201d gi\u00e0 dalla prossima settimana, con lo stop dell\u2019invio telematico all\u2019Usl 1 di tutte le ricette da parte dei camici bianchi e la compilazione solo di quelle rosse. Per l\u2019utente non cambier\u00e0 nulla, visto che potr\u00e0 recarsi tranquillamente in farmacia con la ricetta per avere quanto prescritto. Il \u201cdanno\u201d sar\u00e0 per la Regione. Sette le giornate previste per questo \u201csciopero bianco\u201d: il 19, 20, 26 e 27 settembre e il 10, 11, 12 ottobre.<\/p>\n<p>Ma la protesta \u00e8 destinata a inasprirsi da novembre, quando sono previste addirittura le chiusure degli ambulatori. Chiusure che continueranno fino a maggio, se le parti non dovessero tornare al tavolo di confronto. Ventidue le giornate di chiusura previste dai sindacati dei medici: 8 e 9 novembre, 13 e 14 dicembre, 16, 17 e 18 gennaio, 13, 14 e 15 febbraio, 13, 14, 15 e 16 marzo, 10, 11, 12 e 13 aprile e 15, 16, 17 e 18 maggio. Nelle stesse giornate anche i medici della continuit\u00e0 assistenziale, cio\u00e8 le guardie mediche territoriali, si asterranno dal servizio nei turni notturni, cio\u00e8 dalle 20 alle 8. In queste giornate, secondo la norma, saranno comunque garantite le visite domiciliari urgenti, l\u2019assistenza domiciliare integrata e quella programmata ai malati terminali.<\/p>\n<p><b>I motivi della protesta.\u00a0<\/b>I motivi della protesta vanno ricercati nella mancata attuazione della delibera regionale, che istituisce le medicine di gruppo integrate, e nella mancata partenza degli ospedali di comunit\u00e0, elementi fondamentali per la presa in carico dei pazienti sul territorio. \u00abSi sono tagliati i posti letto negli ospedali\u00bb, precisa Rossa, \u00abma non ne \u00e8 seguito l\u2019aumento sul territorio. Cos\u00ec facendo, \u00e8 stato scaricato sulle famiglie, quindi sul medico di famiglia, il carico assistenziale. Un esempio sono le case di riposo che, col passare dei mesi, si sono trasformate in aree per le lungodegenze. Come categoria abbiamo anche presentato un progetto nuovo di assistenza, che la Regione per\u00f2 non ha considerato\u00bb.<\/p>\n<p>I medici lamentano anche il mancato potenziamento del supporto informatico che permette l\u2019integrazione tra medici di famiglia, ospedali e distretti, e la mancata creazione del fascicolo sanitario elettronico, che \u00e8 il naturale completamento della dematerializzazione della prescrizione farmaceutica e diagnostica.<\/p>\n<p>Problemi ci sono anche per le guardie mediche: nel nuovo accordo non si fa menzione alle modalit\u00e0 di riscossione del\u00a0ticket di prestazione nei confronti dei turisti che accedono in orario notturno prefestivo e festivo presso presidi di aziende, dove non \u00e8 attivata la guardia medica.<\/p>\n<p>Problemi che ad oggi restano senza soluzione e che i medici sperano di ottenere tramite questa azione di forza.<\/p>\n<p>Related news: <a href=\"http:\/\/www.fedaiisf.it\/en\/veneto-agitazione-dei-medici-famiglia-interruzione-dellinvio-della-ricetta-dematerializzata-scioperi\/\" target=\"_blank\" rel=\"noopener\"><span style=\"color: #0000ff;\">Veneto: state of agitation of family doctors. Interruption in sending dematerialized prescriptions and strikes<\/span><\/a><\/p>\n<p><span style=\"color: #0000ff;\"><a href=\"http:\/\/www.fimmgveneto.org\/UserFiles\/2017\/locandina_sciopero.pdf\" target=\"_blank\" rel=\"noopener\">Assemblea unitaria intersindacale. Programma<\/a><\/span><\/p>","protected":false},"excerpt":{"rendered":"<p>Da marted\u00ec a fine ottobre sette giornate senza ricette bianche, da novembre a maggio ambulatori chiusi 22 giorni di Paola Dall\u2019Anese &#8211;\u00a015 settembre 2017 &#8211; Corriere delle Alpi Scioperano i medici di medicina generale per il mancato potenziamento delle strutture territoriali previsto nell\u2019ultimo Piano socio sanitario regionale. La manifestazione di protesta si snoder\u00e0 dalla prossima &hellip;<\/p>","protected":false},"author":4,"featured_media":18994,"comment_status":"closed","ping_status":"closed","sticky":false,"template":"","format":"standard","meta":{"footnotes":""},"categories":[1],"tags":[30,79],"class_list":["post-32873","post","type-post","status-publish","format-standard","has-post-thumbnail","hentry","category-notizie","tag-ricette","tag-ssn"],"amp_enabled":true,"_links":{"self":[{"href":"https:\/\/www.fedaiisf.it\/en\/wp-json\/wp\/v2\/posts\/32873","targetHints":{"allow":["GET"]}}],"collection":[{"href":"https:\/\/www.fedaiisf.it\/en\/wp-json\/wp\/v2\/posts"}],"about":[{"href":"https:\/\/www.fedaiisf.it\/en\/wp-json\/wp\/v2\/types\/post"}],"author":[{"embeddable":true,"href":"https:\/\/www.fedaiisf.it\/en\/wp-json\/wp\/v2\/users\/4"}],"replies":[{"embeddable":true,"href":"https:\/\/www.fedaiisf.it\/en\/wp-json\/wp\/v2\/comments?post=32873"}],"version-history":[{"count":0,"href":"https:\/\/www.fedaiisf.it\/en\/wp-json\/wp\/v2\/posts\/32873\/revisions"}],"wp:featuredmedia":[{"embeddable":true,"href":"https:\/\/www.fedaiisf.it\/en\/wp-json\/wp\/v2\/media\/18994"}],"wp:attachment":[{"href":"https:\/\/www.fedaiisf.it\/en\/wp-json\/wp\/v2\/media?parent=32873"}],"wp:term":[{"taxonomy":"category","embeddable":true,"href":"https:\/\/www.fedaiisf.it\/en\/wp-json\/wp\/v2\/categories?post=32873"},{"taxonomy":"post_tag","embeddable":true,"href":"https:\/\/www.fedaiisf.it\/en\/wp-json\/wp\/v2\/tags?post=32873"}],"curies":[{"name":"wp","href":"https:\/\/api.w.org\/{rel}","templated":true}]}}