{"id":32961,"date":"2017-09-23T11:23:39","date_gmt":"2017-09-23T09:23:39","guid":{"rendered":"http:\/\/www.fedaiisf.it\/?p=32961"},"modified":"2017-09-23T16:37:49","modified_gmt":"2017-09-23T14:37:49","slug":"lincontro-fedaiisf-lon-lemzi-lon-dincecco-della-commissione-affari-sociali-sanita-della-camera","status":"publish","type":"post","link":"https:\/\/www.fedaiisf.it\/en\/lincontro-fedaiisf-lon-lemzi-lon-dincecco-della-commissione-affari-sociali-sanita-della-camera\/","title":{"rendered":"The Fedaiisf meeting with the Hon. Lenzi and the Hon. D&#039;Incecco of the Social Affairs and Health Commission of the Chamber"},"content":{"rendered":"<p>Come sapete, in data 20 settembre, una delegazione FEDAIISF, composta da me e Fabio Carinci, ha incontrato l\u2019Onorevole Donata Lenzi, capo gruppo PD alla Commissione affari sociali\/sanit\u00e0 della Camera dei Deputati. Era presente anche l\u2019Onorevole Vittoria D\u2019Incecco [<em>foto sotto<\/em>], medico di medicina generale e membro della stessa commissione. L\u2019incontro ha avuto inizio alle ore 16,30 e, dopo <img loading=\"lazy\" decoding=\"async\" class=\"alignright\" src=\"http:\/\/www.elenacarnevali.it\/wp-content\/uploads\/2013\/06\/donata-lenzi-obiezione-coscienza.jpg\" alt=\"Risultati immagini per on lenzi\" width=\"472\" height=\"297\" \/>le presentazioni di rito, siamo subito entrati nel merito.<\/p>\n<p>Io e Fabio abbiamo formulato la richiesta di essere inseriti nel ddl per il riordino delle professioni sanitarie spiegando con precisione i motivi di tale richiesta.<\/p>\n<p>L\u2019Onorevole Lenzi ci ha informati, molto chiaramente, che questo non \u00e8 pi\u00f9 possibile in quanto poco prima del nostro incontro avevano dato il via libera all\u2019emendamento Marazziti relativo alla procedura sull\u2019istituzione delle professioni sanitarie.<\/p>\n<p>Secondo tale emendamento, se il tutto viene tramutato in legge,\u00a0 l&#8217;individuazione di nuove professioni sanitarie pu\u00f2 avvenire anche su indicazione delle associazioni professionali, come FEDAIISF. Tale indicazione necessiter\u00e0 di un parere tecnico-scientifico del Consiglio Superiore di Sanit\u00e0 e uno o pi\u00f9 accordi in sede di Conferenza Stato-Regioni.<\/p>\n<p>L\u2019On. Lenzi si \u00e8 comunque dimostrata attenta e sensibile alle nostre argomentazioni, inorridendo quando le abbiamo detto di essere stati classificati tra i possibili corruttori del Servizio Sanitario nelle linee guida dell\u2019ANAC. Ho avuto modo di sottolineare che l\u2019effetto diretto di queste linee guida \u00e8 stata l\u2019entrata in vigore del regolamento sull\u2019informazione scientifica in Emilia Romagna le cui interpretazioni, del tutto personali e fantasiose, ci rendono davvero difficile l\u2019attivit\u00e0 lavorativa. Si arriva al paradosso a Parma dove, per ritorsione contro gli scandali, per eventi corruttivi, resi pubblici nei mesi scorsi, ci viene <img decoding=\"async\" class=\"alignleft\" src=\"http:\/\/documenti.camera.it\/_dati\/leg17\/schededeputatiprototipo\/foto\/scheda_big\/d302922.jpg\" alt=\"Risultati immagini per on d'incecco\" \/>praticamente impedito di lavorare, con la logica conseguenza di mettere a rischio 1500 posti di lavoro. Era d\u2019accordo con noi sul fatto che la corruzione nasce e si sviluppa su altri livelli per cui ci consigliava di contattare i presidenti di ANAC e di AIFA.<\/p>\n<p>In rapporto al dumping verso il commerciale, fenomeno del quale sapeva poco o nulla, ha dichiarato che tutta la situazione merita di essere studiata pi\u00f9 a fondo per individuare azioni da mettere in atto. Le abbiamo fatto notare che il tutto accade a causa della mancanza assoluta di controlli e che i licenziamenti avvengono nonostante i fatturati in positivo.<\/p>\n<p>Il colloquio \u00e8 durato circa un\u2019ora al termine del quale l\u2019Onorevole Lenzi ci ha chiesto di inviarle un promemoria nel quale spieghiamo la situazione generale del settore dell\u2019informazione scientifica.<\/p>\n<p>Tale documento sar\u00e0 utile, se non necessario, per presentare un ordine del giorno su tutto quanto discusso in occasione del prossimo incontro della Commissione, che avverr\u00e0 tra 15 giorni.<\/p>\n<p>In definitiva ci ha dato un segnale di apertura, nella speranza di riuscire a fare i prossimi passi in tempo prima della fine di questa legislatura, cosa questa che ci ha spinti a chiedere una maggiore attenzione al fine di evitare di dover aspettare il prossimo governo.<\/p>\n<p>Vi terremo aggiornati sugli sviluppi della vicenda.<\/p>\n<p>Un cordiale saluto a tutti.<\/p>\n<p>Antonio Mazzarella<\/p>\n<p>Presidente Nazionale FEDAIISF<\/p>\n<hr \/>\n<h2 style=\"text-align: center;\"><strong><a href=\"http:\/\/documenti.camera.it\/apps\/emendamenti\/getPropostaEmendativa.aspx?contenitorePortante=leg.17.eme.ac.3868&amp;tipoSeduta=1&amp;sedeEsame=referente&amp;urnTestoRiferimento=urn:leg:17:3868:null:null:com:12:referente&amp;dataSeduta=null&amp;idPropostaEmendativa=3.105.&amp;position=20170912\" target=\"_blank\" rel=\"noopener\" data-saferedirecturl=\"https:\/\/www.google.com\/url?hl=it&amp;q=http:\/\/documenti.camera.it\/apps\/emendamenti\/getPropostaEmendativa.aspx?contenitorePortante%3Dleg.17.eme.ac.3868%26tipoSeduta%3D1%26sedeEsame%3Dreferente%26urnTestoRiferimento%3Durn:leg:17:3868:null:null:com:12:referente%26dataSeduta%3Dnull%26idPropostaEmendativa%3D3.105.%26position%3D20170912&amp;source=gmail&amp;ust=1506244083847000&amp;usg=AFQjCNEVZhe2JVINx9LkMWXoJ_5I2JA6-A\"><span style=\"color: #0000ff;\">Proposta emendativa pubblicata nel Bollettino delle Giunte e Commissioni del 12\/09\/2017<\/span> \u00a0<\/a><\/strong><\/h2>\n<p><strong>3.105.<\/strong>(nuova formulazione)<\/p>\n<p><em>Sopprimere il comma 14.<\/em><\/p>\n<p><em>Conseguentemente, dopo l&#8217;articolo 3, aggiungere il seguente:<\/em><\/p>\n<p>\u00abArt.\u00a03-<em>bis. (Modifica alla legge 1<sup>o<\/sup>\u00a0febbraio 2006, n.\u200243).<\/em>\u00a0\u2013 1. L&#8217;articolo 5 della legge 1<sup>o<\/sup>\u00a0febbraio 2006, n.\u200243, \u00e8 sostituito dal seguente: \u00abArt. 5.\u00a0<em>(Individuazione e istituzione di nuove professioni sanitarie).<\/em>\u00a0\u2013 1. L&#8217;individuazione di nuove professioni sanitarie da ricomprendere in una delle aree di cui agli articoli 1, 2, 3 e 4 della legge 10 agosto 2000, n.\u2002251, il cui esercizio deve essere riconosciuto su tutto il territorio nazionale, avviene in sede di recepimento di direttive comunitarie ovvero per iniziativa dello Stato o delle regioni, in considerazione dei fabbisogni connessi agli obiettivi di salute previsti nel Piano sanitario nazionale o nei Piani sanitari regionali, che non trovano rispondenza in professioni gi\u00e0 riconosciute, ovvero\u00a0<strong>su iniziativa delle associazioni professionali rappresentative di coloro che intendono ottenere tale riconoscimento<\/strong>.\u00a0<strong>A tal fine, le associazioni interessate inviano istanza motivata al Ministero della salute, che si pronuncia entro i successivi sei mesi e, in caso di valutazione positiva, attiva la procedura di cui al comma 2.<br \/>\n<\/strong>\u2003\u20022. L&#8217;istituzione di nuove professioni sanitarie \u00e8 effettuata, nel rispetto dei princ\u00ecpi fondamentali stabiliti dalla presente legge, previo\u00a0<strong>parere tecnico-scientifico del Consiglio superiore di sanit\u00e0<\/strong>, mediante uno o pi\u00f9\u00a0<strong>accordi, sanciti in sede di Conferenza permanente per i rapporti tra lo Stato, le regioni<\/strong>\u00a0e le province autonome di Trento e di Bolzano, ai sensi dell&#8217;articolo 4 del decreto legislativo 28 agosto 1997, n.\u2002281, e recepiti con decreti del Presidente della Repubblica, previa deliberazione del Consiglio dei ministri.<br \/>\n3. Gli accordi di cui al comma 2 individuano il titolo professionale, l&#8217;ambito di attivit\u00e0 di ciascuna professione, i criteri di valutazione dell&#8217;esperienza professionale nonch\u00e9 i criteri per il riconoscimento dei titoli equipollenti. Con decreto del Ministro dell&#8217;istruzione, dell&#8217;universit\u00e0 e della ricerca, di concerto con il Ministro della salute, acquisito il parere del Consiglio universitario nazionale e del Consiglio superiore di sanit\u00e0, \u00e8 definito l&#8217;ordinamento didattico della formazione universitaria delle nuove professioni sanitarie individuate ai sensi del presente articolo.<br \/>\n4. La definizione delle funzioni caratterizzanti le nuove professioni avviene evitando parcellizzazioni e sovrapposizioni con le professioni gi\u00e0 riconosciute o con le specializzazioni delle stesse\u00bb.<\/p>\n<p>Il Relatore<\/p>\n<p><strong>N.d.R.:<\/strong><em> la proposta emendativa \u00e8 stata approvata<\/em><\/p>\n<hr \/>\n<p style=\"text-align: center; line-height: 16.5pt; background: white; margin: 0cm 0cm 15.0pt 0cm;\" align=\"center\"><span style=\"font-size: 14.5pt;\"><strong><span style=\"color: #7e7e7e;\">ANAC<\/span><\/strong><\/span><\/p>\n<p style=\"text-align: center; line-height: 16.5pt; background: white; margin: 0cm 0cm 15.0pt 0cm;\" align=\"center\"><span style=\"font-size: 14.5pt; color: #7e7e7e;\">Agenzia Nazionale per i Servizi Sanitari Regionali<\/span><\/p>\n<p style=\"line-height: 16.5pt; background: white; font-variant-ligatures: normal; font-variant-caps: normal; orphans: 2; text-align: start; widows: 2; -webkit-text-stroke-width: 0px; text-decoration-style: initial; text-decoration-color: initial; word-spacing: 0px; margin: 0cm 0cm 15.0pt 0cm;\"><em><span style=\"font-size: 10.5pt; font-family: 'Arial',sans-serif; color: #7e7e7e;\">Il Codice stabilisce l\u2019obbligo fondamentale di agire con onest\u00e0, professionalit\u00e0, imparzialit\u00e0, discrezione e riservatezza e di evitare comportamenti che possano nuocere agli interessi o all\u2019immagine dell\u2019ente. Al fine di garantire la piena osservanza di tali principi, si raccomanda che il Codice, a titolo esemplificativo ma non esaustivo, preveda:<\/span><\/em><\/p>\n<p style=\"line-height: 16.5pt; background: white; font-variant-ligatures: normal; font-variant-caps: normal; orphans: 2; text-align: start; widows: 2; -webkit-text-stroke-width: 0px; text-decoration-style: initial; text-decoration-color: initial; word-spacing: 0px; margin: 0cm 0cm 15.0pt 0cm;\"><em><span style=\"font-size: 10.5pt; font-family: 'Arial',sans-serif; color: #7e7e7e;\">il richiamo alla disciplina per regolamentare l\u2019accesso all\u2019interno della struttura sanitaria degli\u00a0<\/span><\/em><strong><i><span style=\"font-size: 10.5pt; font-family: 'Arial',sans-serif; color: #7e7e7e;\">informatori scientifici<\/span><\/i><\/strong><em><span style=\"font-size: 10.5pt; font-family: 'Arial',sans-serif; color: #7e7e7e;\">\u00a0e dei soggetti che, per conto delle aziende produttrici\/distributrici, propongono la vendita o illustrano l\u2019utilizzo di farmaci e\/o dispositivi medici. La stessa dovrebbe configurare misure di trasparenza volte a tracciare i contatti tra i professionisti e i soggetti incaricati dalle suddette aziende quali, a titolo esemplificativo, l\u2019istituzione di un registro che attesti l\u2019accesso di informatori o degli altri soggetti sopra citati all\u2019interno dell\u2019ente sanitario, l\u2019interlocutore e la motivazione e il divieto di ricevere i soggetti in questione al di fuori di una fascia oraria predeterminata.<\/span><\/em><\/p>\n<p style=\"line-height: 16.5pt; background: white; margin: 0cm 0cm 15.0pt 0cm;\"><a href=\"http:\/\/www.fedaiisf.it\/wp-content\/uploads\/2017\/03\/ANAC.Linee-Guida-Codic-Comportamento-SSN..pdf\" target=\"_blank\" rel=\"noopener\"><span style=\"color: #0000ff;\"><strong><span style=\"font-size: 10.5pt; font-family: Arial, sans-serif; background: white; text-decoration: none;\">ANAC<\/span><\/strong><span style=\"font-size: 10.5pt; font-family: 'Arial',sans-serif; background: white;\">.Linee Guida Codice Comportamento SSN<\/span><\/span><span style=\"font-size: 10.5pt; font-family: 'Arial',sans-serif; color: black; background: white;\">.<\/span><\/a><span style=\"font-size: 10.5pt; font-family: 'Arial',sans-serif; color: #7e7e7e; background: white;\"><span style=\"font-variant-ligatures: normal; font-variant-caps: normal; orphans: 2; text-align: start; widows: 2; -webkit-text-stroke-width: 0px; text-decoration-style: initial; text-decoration-color: initial; float: none; word-spacing: 0px;\">\u00a0(vedi pag. 10, fondo pagina)<\/span><\/span><\/p>\n<hr \/>\n<p><strong>Non credo che la corruzione si combatta con questo tipo di prevenzione, che previene poco o nulla. I problemi si prevengono conoscendoli, e la corruzione si conosce solo facendo le indagini, gli arresti e i processi, non controllando la regolarit\u00e0 delle pratiche amministrative e burocratiche. L\u2019esperienza insegna che, quando uno vuole delinquere, sta molto attento a curare la forma per lasciare tutte le carte a posto<\/strong>.<\/p>\n<p><a href=\"http:\/\/www.fedaiisf.it\/davigo-lanac-previene-poco-nulla\/\" target=\"_blank\" rel=\"noopener\">P.C. Davigo<\/a><\/p>\n","protected":false},"excerpt":{"rendered":"<p>Come sapete, in data 20 settembre, una delegazione FEDAIISF, composta da me e Fabio Carinci, ha incontrato l\u2019Onorevole Donata Lenzi, capo gruppo PD alla Commissione affari sociali\/sanit\u00e0 della Camera dei Deputati. Era presente anche l\u2019Onorevole Vittoria D\u2019Incecco [foto sotto], medico di medicina generale e membro della stessa commissione. L\u2019incontro ha avuto inizio alle ore 16,30 &hellip;<\/p>\n","protected":false},"author":4,"featured_media":32964,"comment_status":"closed","ping_status":"closed","sticky":false,"template":"","format":"standard","meta":{"footnotes":""},"categories":[16],"tags":[],"class_list":["post-32961","post","type-post","status-publish","format-standard","has-post-thumbnail","hentry","category-primo-piano"],"amp_enabled":true,"_links":{"self":[{"href":"https:\/\/www.fedaiisf.it\/en\/wp-json\/wp\/v2\/posts\/32961","targetHints":{"allow":["GET"]}}],"collection":[{"href":"https:\/\/www.fedaiisf.it\/en\/wp-json\/wp\/v2\/posts"}],"about":[{"href":"https:\/\/www.fedaiisf.it\/en\/wp-json\/wp\/v2\/types\/post"}],"author":[{"embeddable":true,"href":"https:\/\/www.fedaiisf.it\/en\/wp-json\/wp\/v2\/users\/4"}],"replies":[{"embeddable":true,"href":"https:\/\/www.fedaiisf.it\/en\/wp-json\/wp\/v2\/comments?post=32961"}],"version-history":[{"count":0,"href":"https:\/\/www.fedaiisf.it\/en\/wp-json\/wp\/v2\/posts\/32961\/revisions"}],"wp:featuredmedia":[{"embeddable":true,"href":"https:\/\/www.fedaiisf.it\/en\/wp-json\/wp\/v2\/media\/32964"}],"wp:attachment":[{"href":"https:\/\/www.fedaiisf.it\/en\/wp-json\/wp\/v2\/media?parent=32961"}],"wp:term":[{"taxonomy":"category","embeddable":true,"href":"https:\/\/www.fedaiisf.it\/en\/wp-json\/wp\/v2\/categories?post=32961"},{"taxonomy":"post_tag","embeddable":true,"href":"https:\/\/www.fedaiisf.it\/en\/wp-json\/wp\/v2\/tags?post=32961"}],"curies":[{"name":"wp","href":"https:\/\/api.w.org\/{rel}","templated":true}]}}