{"id":33061,"date":"2017-09-29T10:51:39","date_gmt":"2017-09-29T08:51:39","guid":{"rendered":"http:\/\/www.fedaiisf.it\/?p=33061"},"modified":"2017-10-17T17:48:28","modified_gmt":"2017-10-17T15:48:28","slug":"barbagallo-uil-bisogna-andare-incontro-ai-giovani-dare-certezze-totale-solidarieta-ai-lavoratori-alfasigma-n-d-r","status":"publish","type":"post","link":"https:\/\/www.fedaiisf.it\/en\/barbagallo-uil-bisogna-andare-incontro-ai-giovani-dare-certezze-totale-solidarieta-ai-lavoratori-alfasigma-n-d-r\/","title":{"rendered":"Barbagallo (UIL): &quot;We need to go out to meet young people and give them certainties&quot;. Total solidarity with Alfasigma workers. Ed"},"content":{"rendered":"<p>Il Segretario generale della Uil, Carmelo Barbagallo, \u00e8 intervenuto, oggi pomeriggio, a Bologna, a un dibattito con i giovani sui temi del lavoro, organizzato nell\u2019ambito della festa della Uil Emilia Romagna. Prima di questo confronto, Barbagallo ha incontrato una delegazione dei lavoratori dell\u2019AlfaSigma coinvolti in un processo di riorganizzazione che riguarda circa 450 addetti.<\/p>\n<p><img loading=\"lazy\" decoding=\"async\" class=\"alignright\" src=\"http:\/\/www.uil.it\/Images\/Barbagallo_28092017.jpg\" alt=\"Barbagallo_28092017.jpg\" width=\"434\" height=\"220\" \/>\u201cHo manifestato la totale solidariet\u00e0 ai lavoratori in lotta e la contrariet\u00e0 al piano industriale: la nostra categoria e la Confederazione sono direttamente impegnate nella vertenza e sono concretamente al fianco di tutti i lavoratori interessati per chiedere all\u2019azienda di fare un passo indietro e di ridiscutere con il Sindacato il progetto presentato che per noi \u00e8 inaccettabile. Insieme alla categoria stiamo chiedendo una drastica riduzione degli esuberi e l\u2019utilizzo di tutti gli strumenti per tutelare i lavoratori\u201d.<\/p>\n<p>Barbagallo ha poi proseguito: \u201cSono stato invitato e ho partecipato con grande piacere all\u2019iniziativa odierna organizzata dalla Uil Emilia Romagna perch\u00e9 bisogna andare incontro ai giovani e rispondere ai loro bisogni anche facendo ricorso a percorsi e linguaggi a loro familiari. Contemporaneamente, \u00e8 stata anche l\u2019occasione per ribadire il nostro impegno a favore dei lavoratori dell\u2019AlfaSigma.<\/p>\n<p>La Uil &#8211; ha concluso Barbagallo &#8211; ha sempre un solo e unico obiettivo: tutelare i diritti e gli interessi dei lavoratori, dei pensionati e dei giovani\u201d.<\/p>\n<p><a href=\"http:\/\/www.uil.it\/NewsSX.asp?ID_NEWS=938&amp;Provenienza=2\" target=\"_blank\" rel=\"noopener\"><span style=\"color: #0000ff;\">28\/09\/2017 &#8211; UIL<\/span><\/a><\/p>\n<p><img loading=\"lazy\" decoding=\"async\" class=\"aligncenter\" src=\"http:\/\/www.uilemiliaromagna.net\/wp-content\/uploads\/2017\/07\/scan27092017002.jpg\" width=\"1276\" height=\"539\" \/><\/p>\n<p><span style=\"color: #ff0000;\"><strong>Ed<\/strong><\/span>.: &#8220;<em>La Fondazione Golinelli nasce a Bologna nel 1988 per volont\u00e0 dell\u2019imprenditore e filantropo\u00a0<strong><a href=\"http:\/\/www.fondazionegolinelli.it\/wp-content\/uploads\/2016\/12\/mg_bio.pdf\" target=\"_blank\" rel=\"noopener\">Marino Golinelli<\/a><\/strong>. Oggi \u00e8 un esempio unico in Italia di fondazione privata totalmente operativa, ispirata al modello delle fondazioni filantropiche americane, che si occupa in maniera integrata di educazione, formazione e cultura per favorire la crescita intellettuale ed etica dei giovani e della societ\u00e0 e con l\u2019obiettivo di contribuire allo sviluppo sostenibile del nostro Paese.\u00a0Opificio Golinelli \u00e8 la nuova cittadella per la conoscenza e la cultura di Bologna. Ha richiesto un investimento complessivo di 12 milioni di euro, si sviluppa su 9.000 mq e accoglie circa 150.000 visitatori l\u2019anno. I numeri attesi e il modello culturale ne fanno uno tra i pi\u00f9 grandi laboratori sperimentali a fine didattico nel campo delle scienze e della tecnologia e un centro di rilevanza nazionale e internazionale<\/em>&#8220;.<\/p>\n<p>Cos\u00ec il <a href=\"http:\/\/www.fondazionegolinelli.it\/\" target=\"_blank\" rel=\"noopener\">site<\/a> dedicato descrive la Fondazione e l&#8217;Opificio Golinelli. Oggi l&#8217;imprenditore e &#8220;filantropo&#8221; Marino Golinelli<strong>, <\/strong>o chi per lui, licenzia 456 lavoratori, fra questi ben 274 informatori scientifici. Sensibilit\u00e0 vorrebbe che in un momento come questo un sindacato non avesse a che fare con nulla che potesse collegarlo a Golinelli, neppure in un area per eventi. Possibile che a Bologna non ci siano altri spazi? Cosa mai possono pensare i lavoratori licenziati? Il sindacato gi\u00e0 in crisi di credibilit\u00e0 d\u00e0 un ulteriore colpo alle speranze di quei lavoratori che dovrebbe rappresentare.<\/p>","protected":false},"excerpt":{"rendered":"<p>Il Segretario generale della Uil, Carmelo Barbagallo, \u00e8 intervenuto, oggi pomeriggio, a Bologna, a un dibattito con i giovani sui temi del lavoro, organizzato nell\u2019ambito della festa della Uil Emilia Romagna. Prima di questo confronto, Barbagallo ha incontrato una delegazione dei lavoratori dell\u2019AlfaSigma coinvolti in un processo di riorganizzazione che riguarda circa 450 addetti. \u201cHo &hellip;<\/p>","protected":false},"author":4,"featured_media":33066,"comment_status":"closed","ping_status":"closed","sticky":false,"template":"","format":"standard","meta":{"footnotes":""},"categories":[1],"tags":[27,44],"class_list":["post-33061","post","type-post","status-publish","format-standard","has-post-thumbnail","hentry","category-notizie","tag-licenziati","tag-sindacati"],"amp_enabled":true,"_links":{"self":[{"href":"https:\/\/www.fedaiisf.it\/en\/wp-json\/wp\/v2\/posts\/33061","targetHints":{"allow":["GET"]}}],"collection":[{"href":"https:\/\/www.fedaiisf.it\/en\/wp-json\/wp\/v2\/posts"}],"about":[{"href":"https:\/\/www.fedaiisf.it\/en\/wp-json\/wp\/v2\/types\/post"}],"author":[{"embeddable":true,"href":"https:\/\/www.fedaiisf.it\/en\/wp-json\/wp\/v2\/users\/4"}],"replies":[{"embeddable":true,"href":"https:\/\/www.fedaiisf.it\/en\/wp-json\/wp\/v2\/comments?post=33061"}],"version-history":[{"count":0,"href":"https:\/\/www.fedaiisf.it\/en\/wp-json\/wp\/v2\/posts\/33061\/revisions"}],"wp:featuredmedia":[{"embeddable":true,"href":"https:\/\/www.fedaiisf.it\/en\/wp-json\/wp\/v2\/media\/33066"}],"wp:attachment":[{"href":"https:\/\/www.fedaiisf.it\/en\/wp-json\/wp\/v2\/media?parent=33061"}],"wp:term":[{"taxonomy":"category","embeddable":true,"href":"https:\/\/www.fedaiisf.it\/en\/wp-json\/wp\/v2\/categories?post=33061"},{"taxonomy":"post_tag","embeddable":true,"href":"https:\/\/www.fedaiisf.it\/en\/wp-json\/wp\/v2\/tags?post=33061"}],"curies":[{"name":"wp","href":"https:\/\/api.w.org\/{rel}","templated":true}]}}