{"id":33069,"date":"2017-09-29T17:31:28","date_gmt":"2017-09-29T15:31:28","guid":{"rendered":"http:\/\/www.fedaiisf.it\/?p=33069"},"modified":"2017-10-18T12:11:23","modified_gmt":"2017-10-18T10:11:23","slug":"emilia-romagna-regolamento-isf-incontro-dirigenti-la-regione-verificheremo-controlleremo-vedremo","status":"publish","type":"post","link":"https:\/\/www.fedaiisf.it\/en\/emilia-romagna-regolamento-isf-incontro-dirigenti-la-regione-verificheremo-controlleremo-vedremo\/","title":{"rendered":"Emilia-Romagna: ISF Regulation. Meeting with executives. The Region: we will check, we will check, we will see \u2026"},"content":{"rendered":"<p>L\u2019incontro di ieri con i dirigenti della regione \u00e8 stato da parte loro di confronto e non di scontro. Al di l\u00e0 del dirci che la Delibera \u00e8 conseguente a normative nazionali e dunque di difficile stravolgimento, negli indirizzi attuativi ci sono margini di miglioramento e possibilit\u00e0 di essere meno restrittivi.<\/p>\n<p><img decoding=\"async\" class=\"alignright\" src=\"http:\/\/www.liceoclassicodebottis.gov.it\/preview\/images\/anteprime\/comitato-autonomo-riunione-assemblea-.jpg\" alt=\"Risultati immagini per incontro sindacale\" \/>Da parte nostra si \u00e8 messo sul tavolo quanto sta accadendo sul territorio nelle varie strutture negli effetti pratici conseguenti ai regolamenti interni di ospedali e AUSL ambulatori, con situazioni a macchia di leopardo ed interpretazione della Delibera e degli indirizzi diversificate e non corrette che portano alla non esigibilit\u00e0 dell\u2019informazione, soprattutto abbiamo chiesto libert\u00e0 di approccio ai medici ospedalieri con l\u2019eliminazione degli appuntamenti per e mail.<\/p>\n<p>Ci hanno garantito di fare verifiche\u00a0 e controlli sul territorio e di incentivare le strutture a non essere troppo restrittive e limitanti il nostro lavoro, hanno ribadito per\u00f2 l\u2019importanza della trasparenza e della tracciabilit\u00e0 dell\u2019intervista e dell\u2019intervistatore, la non sovrapponibilit\u00e0 con l\u2019attivit\u00e0 sui pazienti, dunque a trovare i compromessi necessari a garantire ci\u00f2 ed il nostro lavoro.<\/p>\n<p>Ci hanno indicato una email per segnalare storture e proposte migliorative.<\/p>\n<p>Come sempre c\u2019\u00e8 da verificare se alle parole seguiranno i fatti.<\/p>\n<p>Per il gruppo Filctem CGIL Emilia-Romagna<\/p>\n<p>Pietro Gualandi<\/p>\n<p>Related news:\u00a0<a href=\"http:\/\/www.fedaiisf.it\/wp-content\/uploads\/2014\/05\/Emilia-Romagna.dgr-2309-2016.pdf\" target=\"_blank\" rel=\"noopener\">Emilia-Romagna.dgr-2309-2016<\/a><\/p>\n<p><a href=\"http:\/\/www.fedaiisf.it\/wp-content\/uploads\/2017\/05\/Reg.-E.R.Allegato-1-.pdf\" target=\"_blank\" rel=\"noopener\">Reg. ER Annex 1\u00a0<\/a><a href=\"http:\/\/www.fedaiisf.it\/wp-content\/uploads\/2017\/05\/Reg.-E.R.Allegato-1-.pdf\" target=\"_blank\" rel=\"noopener\">Indicazioni applicative <\/a><\/p>\n<p><a href=\"http:\/\/www.fedaiisf.it\/wp-content\/uploads\/2017\/03\/ANAC.Linee-Guida-Codic-Comportamento-SSN..pdf\" target=\"_blank\" rel=\"noopener\">ANAC. Guidelines Codic Behavior SSN.<\/a><\/p>\n<p><a href=\"http:\/\/www.regioni.it\/conferenze\/2006\/04\/20\/doc-approvato-sanita-linee-guida-regolamento-regionale-informazione-scientifica-farmaco-105196\/\" target=\"_blank\" rel=\"noopener\">Linee guida di \u201cRegolamento regionale dell\u2019informazione scientifica sul farmaco\u201d approvate gioved\u00ec 20 aprile 2006 dalla Conferenza delle Regioni e Province Autonome.<\/a><\/p>\n<p><a href=\"http:\/\/www.fedaiisf.it\/wp-content\/uploads\/2017\/06\/Bologna-S.Orsola-%E2%80%9CDisposizioni-in-materia-di-informazione-tecnico-scientifica%E2%80%9D.pdf\" target=\"_blank\" rel=\"noopener\">Bologna S.Orsola-&quot;Provisions on technical-scientific information&quot;<\/a><\/p>\n<p><a href=\"http:\/\/www.ao.pr.it\/incontri-tra-medici-e-informatori-farmaceutici-lospedale-maggiore-di-parma-fissa-nuove-regole\/\" target=\"_blank\" rel=\"noopener\">Meetings between doctors and ISF: the Ospedale Maggiore of Parma sets new rules<\/a>\u00a0(<a href=\"http:\/\/www.fedaiisf.it\/en\/parma-lallucinante-modulo-dincontro-fra-isf-medici-allospedale\/\" target=\"_blank\" rel=\"noopener\">The module<\/a>)<\/p>\n<p>&nbsp;<\/p>","protected":false},"excerpt":{"rendered":"<p>L\u2019incontro di ieri con i dirigenti della regione \u00e8 stato da parte loro di confronto e non di scontro. Al di l\u00e0 del dirci che la Delibera \u00e8 conseguente a normative nazionali e dunque di difficile stravolgimento, negli indirizzi attuativi ci sono margini di miglioramento e possibilit\u00e0 di essere meno restrittivi. Da parte nostra si &hellip;<\/p>","protected":false},"author":4,"featured_media":33075,"comment_status":"closed","ping_status":"closed","sticky":false,"template":"","format":"standard","meta":{"footnotes":""},"categories":[16],"tags":[21,41,44,79],"class_list":["post-33069","post","type-post","status-publish","format-standard","has-post-thumbnail","hentry","category-primo-piano","tag-informatori-scientifici","tag-leggisentenze","tag-sindacati","tag-ssn"],"amp_enabled":true,"_links":{"self":[{"href":"https:\/\/www.fedaiisf.it\/en\/wp-json\/wp\/v2\/posts\/33069","targetHints":{"allow":["GET"]}}],"collection":[{"href":"https:\/\/www.fedaiisf.it\/en\/wp-json\/wp\/v2\/posts"}],"about":[{"href":"https:\/\/www.fedaiisf.it\/en\/wp-json\/wp\/v2\/types\/post"}],"author":[{"embeddable":true,"href":"https:\/\/www.fedaiisf.it\/en\/wp-json\/wp\/v2\/users\/4"}],"replies":[{"embeddable":true,"href":"https:\/\/www.fedaiisf.it\/en\/wp-json\/wp\/v2\/comments?post=33069"}],"version-history":[{"count":0,"href":"https:\/\/www.fedaiisf.it\/en\/wp-json\/wp\/v2\/posts\/33069\/revisions"}],"wp:featuredmedia":[{"embeddable":true,"href":"https:\/\/www.fedaiisf.it\/en\/wp-json\/wp\/v2\/media\/33075"}],"wp:attachment":[{"href":"https:\/\/www.fedaiisf.it\/en\/wp-json\/wp\/v2\/media?parent=33069"}],"wp:term":[{"taxonomy":"category","embeddable":true,"href":"https:\/\/www.fedaiisf.it\/en\/wp-json\/wp\/v2\/categories?post=33069"},{"taxonomy":"post_tag","embeddable":true,"href":"https:\/\/www.fedaiisf.it\/en\/wp-json\/wp\/v2\/tags?post=33069"}],"curies":[{"name":"wp","href":"https:\/\/api.w.org\/{rel}","templated":true}]}}