{"id":33103,"date":"2017-10-03T17:27:12","date_gmt":"2017-10-03T15:27:12","guid":{"rendered":"http:\/\/www.fedaiisf.it\/?p=33103"},"modified":"2017-10-05T17:17:23","modified_gmt":"2017-10-05T15:17:23","slug":"definanziamento-del-ssn-rischio-laccesso-alle-cure-la-qualita-aspettativa-vita","status":"publish","type":"post","link":"https:\/\/www.fedaiisf.it\/en\/definanziamento-del-ssn-rischio-laccesso-alle-cure-la-qualita-aspettativa-vita\/","title":{"rendered":"Defunding of the NHS: access to care and quality of life and life expectancy at risk"},"content":{"rendered":"<h3>Per le associazioni del settore sanitario nella nota di aggiornamento al DEF si prevede un sostanziale definanziamento del SSN<\/h3>\n<p><a href=\"http:\/\/www.responsabilecivile.it\/definanziamento-del-ssn-rischio-laccesso-alle-cure-la-qualita-della-vita\/\" target=\"_blank\" rel=\"noopener\">Set 28, 2017 &#8211; Responsabile Civile<\/a><\/p>\n<p>Previsto un definanziamento del SSN. \u00c8 quanto denunciano le associazioni dei lavoratori del settore sanitario, e nello specifico la\u00a0<a href=\"http:\/\/www.gimbe.org\/\" target=\"_blank\" rel=\"noopener\">GIMBE Foundation<\/a>, commentando l\u2019approvazione della nota di aggiornamento del DEF.<\/p>\n<p>La nota di aggiornamento del Documento di economia e finanza approvata dal Consiglio dei Ministri registra un miglioramento delle previsioni economiche formulate ad aprile. Riviste al rialzo le stime di crescita per il Pil. La stima attestava una crescita dell1,1% per l\u2019anno in corso, per il 2018 e per il 2019. Crescita ora rivista al 1,5.<\/p>\n<p>u<img loading=\"lazy\" decoding=\"async\" class=\"alignright\" src=\"http:\/\/www.responsabilecivile.it\/wp-content\/uploads\/2017\/09\/Definanziamento-del-SSN-responsabile-civile-700x407.jpg\" alt=\"Definanziamento-del-SSN-responsabile-civile\" width=\"531\" height=\"309\" \/>n dato positivo per l\u2019economia italiana che\u00a0<strong>non si traduce in una maggiore tutela della salute pubblica<\/strong>. Nella nota\u00a0<strong>non si prevedono, infatti, aggiornamenti sui finanziamenti da destinare al SSN<\/strong>. Stimati 114,138 miliardi di euro per il 2017, 115,068 mld nel 2018, 116,105 mld nel 2019 e 118,570 mld nel 2020. Finanziamenti che non tengono conto del rialzo del Pil, corrispondendo ad una crescita percentuale di 1,4% nel 2017, 0,8% nel 2018, 0,9% nel 2019 e 2,1% nel 2020.<\/p>\n<p>Un definanziamento del SSN sostanziale che preoccupa non poco lavoratori e cittadini.<\/p>\n<p>Nino Cartabellotta, presidente della Fondazione Gimbe, precisa che \u201csecondo la nota di aggiornamento del Def il rapporto tra spesa sanitaria e Pil dal 6,6% del 2017 si ridurr\u00e0 al 6,4% nel 2019 per precipitare al 6,3% nel 2020,\u00a0<strong>percentuali mai raggiunte in passato<\/strong>\u201c.<\/p>\n<p>A\u00a0<strong>dato inquietante<\/strong>\u00a0che far\u00e0 scendere sotto la quota del 6,5% fissata dall\u2019Oms, al di sotto della quale, oltre la qualit\u00e0 dell\u2019assistenza e l\u2019accesso alle cure \u201csi riduce anche l\u2019aspettativa di vita delle persone\u201d.<\/p>\n<h3><strong>Una (cattiva) pratica ormai scontata<\/strong><\/h3>\n<p>Le cifre assolute, continua Cartabellotta, non vanno poi considerate piene esiste infatti \u201c<strong>un gap enorme tra i livelli di finanziamento programmati e quelli effettivamente erogati<\/strong>, recentemente messo nero su bianco anche dalla Corte dei Conti\u201d.<\/p>\n<p>Tra il 2015-2018 si \u00e8 registrata una perdita di 10,51 miliardi di euro, come registrato nella Relazione sulla gestione finanziaria delle Regioni, esercizio 2015. Stima che non tiene conto degli ulteriori tagli attuati per il 2017 e il 2018 secondo quanto stabilito dal decreto \u201cRideterminazione del livello del fabbisogno sanitario nazionale\u201d.<\/p>\n<p>La nota di aggiornamento del Def \u2013 conclude \u2013 conferma in maniera inequivocabile che alla ripresa dell\u2019economia non conseguir\u00e0 un incremento del finanziamento pubblico del Ssn. \u201cIn altri termini, se inizialmente il progressivo definanziamento del SSN era una inevitabile conseguenza della crisi economica, oggi rappresenta\u00a0<strong>una costante irreversibile<\/strong>\u201c.<\/p>\n<p>Related news: <a href=\"http:\/\/www.fedaiisf.it\/en\/diminuisce-aspettativa-vita-si-muore-piu-al-sud\/\" target=\"_blank\" rel=\"noopener\">Life expectancy decreases, people die more in the South<\/a><\/p>\n<p><a href=\"http:\/\/www.fedaiisf.it\/en\/cresce-nel-mondo-laspettativa-di-vita-tranne-che-in-italia\/\" target=\"_blank\" rel=\"noopener\">Life expectancy is growing worldwide (except in Italy)<\/a><\/p>\n<p><a href=\"http:\/\/www.federconsumatori.it\/Showdoc.asp?nid=2017092715113\" target=\"_blank\" rel=\"noopener\">Federconsumatori. Sanit\u00e0: con il nuovo DEF meno servizi ai cittadini. No a ipotesi di \u201cdefinanziamento\u201d della spesa sanitaria.<\/a><\/p>\n<p class=\"blog-title\"><a href=\"http:\/\/www.ilfattoquotidiano.it\/2017\/10\/04\/giuliano-pisapia-il-superticket-e-iniquo-ma-e-tutta-la-sanita-allo-sfascio\/3893899\/\" target=\"_blank\" rel=\"noopener\">Giuliano Pisapia, il superticket \u00e8 iniquo ma \u00e8 tutta la sanit\u00e0 allo sfascio<\/a><\/p>\n<p><a href=\"http:\/\/www.fedaiisf.it\/en\/la-sanita-e-a-pezzi-in-italia-si-muore-prima\/\" target=\"_blank\" rel=\"noopener\">Healthcare is in pieces, in Italy we die earlier<\/a><\/p>\n<p><a href=\"http:\/\/www.fedaiisf.it\/en\/listat-conferma-nel-2015-mai-cosi-tanti-morti-dal-tempo-della-guerra-colpa-dei-tagli-alla-sanita\/\" target=\"_blank\" rel=\"noopener\">ISTAT confirms: in 2015 never so many deaths since the war. Health care cuts?<\/a><\/p>\n<p><a href=\"http:\/\/www.fedaiisf.it\/en\/corte-dei-conti-il-progressivo-taglio-delle-risorse-in-sanita-si-e-tradotto-in-una-riduzione-di-rilievo-delle-funzioni-svolte\/\" target=\"_blank\" rel=\"noopener\">Court of Auditors. &quot;The progressive cut in healthcare resources has resulted in a significant reduction in the functions performed&quot;<\/a><\/p>\n<p><a href=\"http:\/\/www.ilfattoquotidiano.it\/2016\/09\/30\/la-sanita-subordinata-al-pil\/3066768\/\" target=\"_blank\" rel=\"noopener\">Healthcare subordinated to GDP<\/a><\/p>\n<p><a href=\"http:\/\/www.rassegna.it\/articoli\/cgil-diritto-alla-salute-non-piu-garantito\" target=\"_blank\" rel=\"noopener\">The right to health is no longer guaranteed<\/a><\/p>\n<p><a href=\"http:\/\/www.rassegna.it\/articoli\/cgil-a-rischio-la-salute-pubblica\" target=\"_blank\" rel=\"noopener\">Cgil, a rischio la salute pubblica<\/a><\/p>","protected":false},"excerpt":{"rendered":"<p>Per le associazioni del settore sanitario nella nota di aggiornamento al DEF si prevede un sostanziale definanziamento del SSN Set 28, 2017 &#8211; Responsabile Civile Previsto un definanziamento del SSN. \u00c8 quanto denunciano le associazioni dei lavoratori del settore sanitario, e nello specifico la\u00a0Fondazione GIMBE, commentando l\u2019approvazione della nota di aggiornamento del DEF. La nota &hellip;<\/p>","protected":false},"author":4,"featured_media":33105,"comment_status":"closed","ping_status":"closed","sticky":false,"template":"","format":"standard","meta":{"footnotes":""},"categories":[1],"tags":[26,79],"class_list":["post-33103","post","type-post","status-publish","format-standard","has-post-thumbnail","hentry","category-notizie","tag-spesa-farmaceutica","tag-ssn"],"amp_enabled":true,"_links":{"self":[{"href":"https:\/\/www.fedaiisf.it\/en\/wp-json\/wp\/v2\/posts\/33103","targetHints":{"allow":["GET"]}}],"collection":[{"href":"https:\/\/www.fedaiisf.it\/en\/wp-json\/wp\/v2\/posts"}],"about":[{"href":"https:\/\/www.fedaiisf.it\/en\/wp-json\/wp\/v2\/types\/post"}],"author":[{"embeddable":true,"href":"https:\/\/www.fedaiisf.it\/en\/wp-json\/wp\/v2\/users\/4"}],"replies":[{"embeddable":true,"href":"https:\/\/www.fedaiisf.it\/en\/wp-json\/wp\/v2\/comments?post=33103"}],"version-history":[{"count":0,"href":"https:\/\/www.fedaiisf.it\/en\/wp-json\/wp\/v2\/posts\/33103\/revisions"}],"wp:featuredmedia":[{"embeddable":true,"href":"https:\/\/www.fedaiisf.it\/en\/wp-json\/wp\/v2\/media\/33105"}],"wp:attachment":[{"href":"https:\/\/www.fedaiisf.it\/en\/wp-json\/wp\/v2\/media?parent=33103"}],"wp:term":[{"taxonomy":"category","embeddable":true,"href":"https:\/\/www.fedaiisf.it\/en\/wp-json\/wp\/v2\/categories?post=33103"},{"taxonomy":"post_tag","embeddable":true,"href":"https:\/\/www.fedaiisf.it\/en\/wp-json\/wp\/v2\/tags?post=33103"}],"curies":[{"name":"wp","href":"https:\/\/api.w.org\/{rel}","templated":true}]}}