{"id":33181,"date":"2017-10-10T18:25:00","date_gmt":"2017-10-10T16:25:00","guid":{"rendered":"http:\/\/www.fedaiisf.it\/?p=33181"},"modified":"2017-10-11T17:46:16","modified_gmt":"2017-10-11T15:46:16","slug":"gruppo-menarini-relazioni-sindacali-4-0-dialogo-sociale-paga","status":"publish","type":"post","link":"https:\/\/www.fedaiisf.it\/en\/gruppo-menarini-relazioni-sindacali-4-0-dialogo-sociale-paga\/","title":{"rendered":"Menarini Group, trade union relations 4.0: social dialogue pays off"},"content":{"rendered":"<p>La Giornata Nazionale su Salute Sicurezza e Ambiente dello scorso 26 settembre, tenutasi nella sala convegni di Confindustria Firenze, rappresenta uno degli aspetti innovativi dell\u2019accordo integrativo aziendale sottoscritto tra le RSU, le OO.SS. e l\u2019Azienda.<\/p>\n<p>THE<img loading=\"lazy\" decoding=\"async\" class=\"alignright\" src=\"http:\/\/www.femcacisl.it\/wp-content\/uploads\/2017\/10\/MENARINI-2-750-660x393.jpg\" width=\"521\" height=\"310\" \/>l succitato accordo, a fronte del miglioramento della produttivit\u00e0, porta a un aumento tra 1.200 e 1.500 euro circa sulle retribuzioni dei lavoratori, e 600 euro tra fondi pensionistici e sanitari e\u00a0<em>flexible benefit<\/em>. E soprattutto, per la prima volta nella storia del Gruppo, sono stati inseriti organismi paritetici di confronto tra azienda e i rappresentanti dei lavoratori, come l\u2019osservatorio aziendale con la funzione di creare un confronto preventivo su argomenti tipicamente aziendali.<\/p>\n<p>La giornata Nazionale della Salute e Sicurezza \u00e8 servita a far conoscere la buona situazione del Gruppo su questo fondamentale tema specifico ma, altrettanto importante, \u00e8 emersa la volont\u00e0 di tutti a proseguire nell\u2019opera di maggiore coinvolgimento dei Delegati RLSSA nei processi utili al miglioramento continuo dell\u2019azienda.<\/p>\n<p>Soddisfazione tra i circa 60 Delegati RLSSA presenti alla riunione in rappresentanza dei circa 3.000 lavoratori del Gruppo in Italia.<\/p>\n<p>Questo ulteriore passo in avanti d\u00e0 continuit\u00e0 al percorso iniziato ormai quattro anni fa con il processo di riorganizzazione aziendale. Grazie alla stipula di un contratto di solidariet\u00e0 fra le Parti, e a fronte di una mobilit\u00e0 aziendale, si \u00e8 scongiurata l\u2019uscita di circa 350 Informatori Scientifici del Farmaco, impedendone di fatto il licenziamento. Alla ripresa del mercato, dopo qualche anno di difficolt\u00e0, ci sono state molte assunzioni di giovani Informatori, con il contratto Chimico Farmaceutico.<\/p>\n<p>Attualmente il Gruppo Menarini si conferma la prima azienda farmaceutica a capitale italiano per fatturato e addetti, continuando un\u2019opera di forte internalizzazione.<\/p>\n<p>Questo conferma che buone Relazioni Industriali e buoni accordi contribuiscono a migliorare il clima aziendale facendo crescere le aziende.<\/p>\n<p>&nbsp;<\/p>\n<p style=\"text-align: right;\">\u00a0\u00a0\u00a0\u00a0\u00a0\u00a0\u00a0\u00a0\u00a0\u00a0\u00a0\u00a0\u00a0\u00a0\u00a0\u00a0\u00a0\u00a0\u00a0\u00a0\u00a0\u00a0\u00a0\u00a0\u00a0\u00a0\u00a0\u00a0\u00a0\u00a0\u00a0\u00a0\u00a0\u00a0\u00a0\u00a0\u00a0\u00a0\u00a0\u00a0\u00a0\u00a0\u00a0\u00a0\u00a0\u00a0\u00a0\u00a0\u00a0\u00a0\u00a0\u00a0\u00a0\u00a0\u00a0\u00a0\u00a0\u00a0 LE SEGRETERIE NAZIONALI<\/p>\n<p style=\"text-align: right;\">FILCTEM CGIL FEMCA CISL UILTEC UIL<\/p>\n<p><em>Roma, 10 ottobre 2017<\/em><\/p>\n<p><span style=\"color: #0000ff;\"><a href=\"http:\/\/www.femcacisl.it\/blog\/gruppo-menarini-relazioni-sindacali-4-0-dialogo-sociale-paga\/\" target=\"_blank\" rel=\"noopener\">Femca CISL &#8211; 10\/10\/2017<\/a><\/span><\/p>\n<p><span style=\"color: #000080;\"><strong><a href=\"http:\/\/www.filctemcgil.it\/images\/stories\/flexicontent\/news\/chimico_farmaceutico\/171005p_Fulc_408_comunicato_menarini.pdf\" target=\"_blank\" rel=\"noopener\">Comuinicato Congiunto Filctem, Femca UILtec<\/a><\/strong><\/span><\/p>\n<p>&nbsp;<\/p>\n<p><img decoding=\"async\" class=\"aligncenter\" src=\"https:\/\/scontent-mxp1-1.xx.fbcdn.net\/v\/t1.0-9\/22405703_1342566319202216_8235183056135975266_n.jpg?oh=193a68bc7c3f783f2a96a67f073a45ca&amp;oe=5A3FE1E6\" \/><\/p>","protected":false},"excerpt":{"rendered":"<p>La Giornata Nazionale su Salute Sicurezza e Ambiente dello scorso 26 settembre, tenutasi nella sala convegni di Confindustria Firenze, rappresenta uno degli aspetti innovativi dell\u2019accordo integrativo aziendale sottoscritto tra le RSU, le OO.SS. e l\u2019Azienda. Il succitato accordo, a fronte del miglioramento della produttivit\u00e0, porta a un aumento tra 1.200 e 1.500 euro circa sulle &hellip;<\/p>","protected":false},"author":4,"featured_media":8840,"comment_status":"closed","ping_status":"closed","sticky":false,"template":"","format":"standard","meta":{"footnotes":""},"categories":[1],"tags":[21,44],"class_list":["post-33181","post","type-post","status-publish","format-standard","has-post-thumbnail","hentry","category-notizie","tag-informatori-scientifici","tag-sindacati"],"amp_enabled":true,"_links":{"self":[{"href":"https:\/\/www.fedaiisf.it\/en\/wp-json\/wp\/v2\/posts\/33181","targetHints":{"allow":["GET"]}}],"collection":[{"href":"https:\/\/www.fedaiisf.it\/en\/wp-json\/wp\/v2\/posts"}],"about":[{"href":"https:\/\/www.fedaiisf.it\/en\/wp-json\/wp\/v2\/types\/post"}],"author":[{"embeddable":true,"href":"https:\/\/www.fedaiisf.it\/en\/wp-json\/wp\/v2\/users\/4"}],"replies":[{"embeddable":true,"href":"https:\/\/www.fedaiisf.it\/en\/wp-json\/wp\/v2\/comments?post=33181"}],"version-history":[{"count":0,"href":"https:\/\/www.fedaiisf.it\/en\/wp-json\/wp\/v2\/posts\/33181\/revisions"}],"wp:featuredmedia":[{"embeddable":true,"href":"https:\/\/www.fedaiisf.it\/en\/wp-json\/wp\/v2\/media\/8840"}],"wp:attachment":[{"href":"https:\/\/www.fedaiisf.it\/en\/wp-json\/wp\/v2\/media?parent=33181"}],"wp:term":[{"taxonomy":"category","embeddable":true,"href":"https:\/\/www.fedaiisf.it\/en\/wp-json\/wp\/v2\/categories?post=33181"},{"taxonomy":"post_tag","embeddable":true,"href":"https:\/\/www.fedaiisf.it\/en\/wp-json\/wp\/v2\/tags?post=33181"}],"curies":[{"name":"wp","href":"https:\/\/api.w.org\/{rel}","templated":true}]}}