{"id":33198,"date":"2017-10-12T11:08:32","date_gmt":"2017-10-12T09:08:32","guid":{"rendered":"http:\/\/www.fedaiisf.it\/?p=33198"},"modified":"2017-10-31T17:45:14","modified_gmt":"2017-10-31T16:45:14","slug":"parere-aifa-gli-isf-devono-svolgere-la-attivita-presso-medici-soli","status":"publish","type":"post","link":"https:\/\/www.fedaiisf.it\/en\/parere-aifa-gli-isf-devono-svolgere-la-attivita-presso-medici-soli\/","title":{"rendered":"Parere AIFA. &#8220;Gli ISF devono svolgere la loro attivit\u00e0 presso i medici da soli&#8221;"},"content":{"rendered":"<p>Il principio di autonomia lavorativa dell&#8217;ISF, chiaramente espresso dalla disposizione su indicata, trova conferma nella successiva Sentenza del consiglio di Stato, Sez. V n. 2755 del 30\/04\/2009 nella quale si precisa che: &#8220;<em>nell&#8217;esercizio dell&#8217;attivit\u00e0 informativa, l&#8217;ISF non sia accompagnato da altri soggetti, la cui presenza potrebbe evidentemente decolorare il profilo dell&#8217;approfondimento scientifico sulle propriet\u00e0 dei farmaci <strong>a tutto vantaggio della loro mera promozione commerciale<\/strong><\/em>&#8220;.<\/p>\n<p>Alla luce di quanto suesposto \u00e8 necessario premettere che, dalle esigue informazioni ricevute dal richiedente, non \u00e8 chiara la natura dell&#8217;intervento del Product Manager che potrebbe anche essere giustificata da finalit\u00e0, ad esempio, di formazione relativa all&#8217;attivit\u00e0 dell&#8217;ISF.<\/p>\n<p>Ci\u00f2 premesso, emerge l&#8217;importanza dell&#8217;attivit\u00e0 dell&#8217;ISF che, al fine di porre l&#8217;attenzione sulla funzione sociale dei farmaci nella tutela della pubblica salute, deve conservare un alto grado di autonomia nell&#8217;espletamento del servizio informativo ai medici, nell&#8217;intento di non essere condizionato da interessi commerciali meramente privati.<\/p>\n<p>Cordiali saluti,<\/p>\n<p><img decoding=\"async\" src=\"filesystem:chrome-extension:\/\/fdpohaocaechififmbbbbbknoalclacl\/temporary\/screencapture-file-C-Users-Angelo-Downloads-Parere-20Aifa-20Affiancamenti-20Isf-20-2011-10-2017-pdf-1507798296468.png\" \/><img decoding=\"async\" src=\"filesystem:chrome-extension:\/\/fdpohaocaechififmbbbbbknoalclacl\/temporary\/screencapture-file-C-Users-Angelo-Downloads-Parere-20Aifa-20Affiancamenti-20Isf-20-2011-10-2017-pdf-1507798296468.png\" \/><a href=\"http:\/\/www.fedaiisf.it\/wp-content\/uploads\/2017\/10\/screencapture-file-C-Users-Angelo-Downloads-Parere-20Aifa-20Affiancamenti-20Isf-20-2011-10-2017-pdf-1507798296468.png\"><img loading=\"lazy\" decoding=\"async\" class=\"wp-image-33202 alignright\" src=\"http:\/\/www.fedaiisf.it\/wp-content\/uploads\/2017\/10\/screencapture-file-C-Users-Angelo-Downloads-Parere-20Aifa-20Affiancamenti-20Isf-20-2011-10-2017-pdf-1507798296468-300x109.png\" alt=\"\" width=\"495\" height=\"180\" srcset=\"https:\/\/www.fedaiisf.it\/wp-content\/uploads\/2017\/10\/screencapture-file-C-Users-Angelo-Downloads-Parere-20Aifa-20Affiancamenti-20Isf-20-2011-10-2017-pdf-1507798296468-300x109.png 300w, https:\/\/www.fedaiisf.it\/wp-content\/uploads\/2017\/10\/screencapture-file-C-Users-Angelo-Downloads-Parere-20Aifa-20Affiancamenti-20Isf-20-2011-10-2017-pdf-1507798296468.png 578w\" sizes=\"auto, (max-width: 495px) 100vw, 495px\" \/><\/a><\/p>\n<p>&nbsp;<\/p>\n<p>&nbsp;<\/p>\n<p>&nbsp;<\/p>\n<p>&nbsp;<\/p>\n<p>Related news:\u00a0<a href=\"http:\/\/www.fedaiisf.it\/wp-content\/uploads\/2017\/10\/Consiglio.di_.Stato_.Sez_.-V-Sen.-2755-del-30.04.2009.pdf\" target=\"_blank\" rel=\"noopener\">Consiglio.di.Stato.Sez. V Sen. 2755 del 30.04.2009<\/a><\/p>\n<p><a href=\"http:\/\/www.fedaiisf.it\/en\/novartis-linformazione-medica-potra-svolta-solo-dallisf-solo\/\" target=\"_blank\" rel=\"noopener\">Novartis: medical information can only be carried out by the ISF and alone<\/a><\/p>\n<p><a href=\"http:\/\/www.fedaiisf.it\/wp-content\/uploads\/2017\/10\/AIFA-Parere-su-affiancamento.pdf\" target=\"_blank\" rel=\"noopener\">AIFA Parere su affiancamento<\/a><\/p>\n<p><a href=\"http:\/\/www.fedaiisf.it\/wp-content\/uploads\/2014\/12\/AIFA.Chiarimenti-su-ISF.pdf\" target=\"_blank\" rel=\"noopener\">AIFA. Clarifications on ISF<\/a><\/p>\n<p><a href=\"http:\/\/www.regioni.it\/conferenze\/2006\/04\/20\/doc-approvato-sanita-linee-guida-regolamento-regionale-informazione-scientifica-farmaco-105196\/\" target=\"_blank\" rel=\"noopener\">Guidelines for the regional regulation of scientific information on drugs<\/a><\/p>","protected":false},"excerpt":{"rendered":"<p>Il principio di autonomia lavorativa dell&#8217;ISF, chiaramente espresso dalla disposizione su indicata, trova conferma nella successiva Sentenza del consiglio di Stato, Sez. V n. 2755 del 30\/04\/2009 nella quale si precisa che: &#8220;nell&#8217;esercizio dell&#8217;attivit\u00e0 informativa, l&#8217;ISF non sia accompagnato da altri soggetti, la cui presenza potrebbe evidentemente decolorare il profilo dell&#8217;approfondimento scientifico sulle propriet\u00e0 dei &hellip;<\/p>","protected":false},"author":4,"featured_media":33203,"comment_status":"closed","ping_status":"closed","sticky":false,"template":"","format":"standard","meta":{"footnotes":""},"categories":[16],"tags":[49,21,41],"class_list":["post-33198","post","type-post","status-publish","format-standard","has-post-thumbnail","hentry","category-primo-piano","tag-aifa","tag-informatori-scientifici","tag-leggisentenze"],"amp_enabled":true,"_links":{"self":[{"href":"https:\/\/www.fedaiisf.it\/en\/wp-json\/wp\/v2\/posts\/33198","targetHints":{"allow":["GET"]}}],"collection":[{"href":"https:\/\/www.fedaiisf.it\/en\/wp-json\/wp\/v2\/posts"}],"about":[{"href":"https:\/\/www.fedaiisf.it\/en\/wp-json\/wp\/v2\/types\/post"}],"author":[{"embeddable":true,"href":"https:\/\/www.fedaiisf.it\/en\/wp-json\/wp\/v2\/users\/4"}],"replies":[{"embeddable":true,"href":"https:\/\/www.fedaiisf.it\/en\/wp-json\/wp\/v2\/comments?post=33198"}],"version-history":[{"count":0,"href":"https:\/\/www.fedaiisf.it\/en\/wp-json\/wp\/v2\/posts\/33198\/revisions"}],"wp:featuredmedia":[{"embeddable":true,"href":"https:\/\/www.fedaiisf.it\/en\/wp-json\/wp\/v2\/media\/33203"}],"wp:attachment":[{"href":"https:\/\/www.fedaiisf.it\/en\/wp-json\/wp\/v2\/media?parent=33198"}],"wp:term":[{"taxonomy":"category","embeddable":true,"href":"https:\/\/www.fedaiisf.it\/en\/wp-json\/wp\/v2\/categories?post=33198"},{"taxonomy":"post_tag","embeddable":true,"href":"https:\/\/www.fedaiisf.it\/en\/wp-json\/wp\/v2\/tags?post=33198"}],"curies":[{"name":"wp","href":"https:\/\/api.w.org\/{rel}","templated":true}]}}