{"id":33278,"date":"2017-10-18T11:24:01","date_gmt":"2017-10-18T09:24:01","guid":{"rendered":"http:\/\/www.fedaiisf.it\/?p=33278"},"modified":"2017-10-18T11:24:01","modified_gmt":"2017-10-18T09:24:01","slug":"farmaceutica-lombardia-al-top-leader-italia-europa","status":"publish","type":"post","link":"https:\/\/www.fedaiisf.it\/en\/farmaceutica-lombardia-al-top-leader-italia-europa\/","title":{"rendered":"Pharmaceuticals, Lombardy at the top: it is the leader in Italy and in Europe"},"content":{"rendered":"<h2>E\u02bc la prima regione d\u02bcItalia per numero di addetti e la seconda per l\u02bcexport. Investiti 400 milioni in ricerca e sviluppo<\/h2>\n<p><a href=\"http:\/\/www.tgcom24.mediaset.it\/salute\/farmaceutica-lombardia-al-top-e-leader-in-italia-e-in-europa_3101346-201702a.shtml\" target=\"_blank\" rel=\"noopener\">18 OTTOBRE 2017 &#8211; TGCOM 24<\/a><\/p>\n<p><strong>L<img loading=\"lazy\" decoding=\"async\" class=\"alignright\" src=\"http:\/\/img2.tgcom24.mediaset.it\/binary\/articolo\/ufficio-stampa\/24.$plit\/C_2_articolo_3101346_upiImagepp.jpg\" alt=\"Farmaceutica, Lombardia al top: \u00e8 leader in Italia e in Europa\" width=\"629\" height=\"445\" \/>a Lombardia \u00e8 la prima regione in Italia e in Europa per numero di addetti nel settore farmaceutico<\/strong>: assorbe circa la met\u00e0 degli occupati del settore con 28mila unit\u00e0 pi\u00f9 18mila nell&#8217;indotto, seguita dal Lazio con 16mila occupati pi\u00f9 6mila. E\u2019 quanto emerge da un rapporto di Farmaindustria. Il report, pubblicato sul\u00a0<a href=\"http:\/\/www.lombardiaspeciale.regione.lombardia.it\/wps\/portal\/LS\/Home\" target=\"_blank\" rel=\"noopener\">sito della regione<\/a>, \u00e8 stato rilasciato in previsione del\u00a0<strong>referendum per l\u2019autonomia del 22 ottobre<\/strong>.<\/p>\n<p><strong>La regione \u00e8 anche leader in Italia per gli investimenti e il numero di occupati in ricerca e sviluppo<\/strong>, che ammontano rispettivamente a 400 milioni di euro e 3mila unit\u00e0 (sono 6.200 in Italia). \u00c8 seconda regione per l\u2019export, che vale quasi 5 miliardi di euro su un totale nazionale di 21 (al primo posto c\u2019\u00e8 il Lazio, con 7,6 miliardi). A livello provinciale Milano \u00e8 in testa seguita da Monza-Brianza e Varese, rispettivamente al quinto e sesto posto nella classifica nazionale. Per quanto riguarda le esportazioni, il capoluogo lombardo si posiziona tra Latina (4 miliardi) e Frosinone (3 miliardi) con un fatturato di 3,1 miliardi. Al settimo posto la provincia di Monza-Brianza, con 792 milioni di euro.<\/p>\n<p><strong>Settore trainante dell\u2019economia italiana<\/strong>\u00a0&#8211; L\u2019Italia \u00e8 il secondo produttore farmaceutico nell\u2019Unione Europea, dopo la Germania, con il 26 per cento della produzione totale e il 19 per cento del mercato. Un riconoscimento della qualit\u00e0 e dell\u2019innovazione dei prodotti italiani del farmaco.\u00a0Inoltre, \u00e8 prima per l\u2019incremento delle esportazioni (+52% in volume e +18% a valore negli ultimi sei anni). A livello nazionale la farmaceutica costituisce uno dei settori trainanti dell\u2019economia: dal 2010 al 2016, infatti, si posiziona al primo posto per crescita della produzione industriale (+13%), export (+52%) e produttivit\u00e0 (+19%).<\/p>\n<p><strong>Ricerca e sviluppo, le leve del successo<\/strong>\u00a0&#8211; L\u2019exploit e il riconoscimento internazionale dell\u2019industria del farmaco italiana sono stati supportati dalla scelta delle imprese di investire risorse significative in ricerca e sviluppo, con un\u2019accelerazione del 20% negli ultimi tre anni. Le imprese italiane del settore investono il 17% del valore aggiunto, dodici volte la media nazionale: 1,5 miliardi di euro nel 2016, il 7% del totale degli investimenti del Paese.<\/p>\n<p><strong>La crescita continua\u00a0<\/strong>&#8211; Le prospettive sono positive anche per l\u2019anno in corso. Da gennaio ad aprile, rispetto allo stesso periodo del 2016, l\u2019occupazione \u00e8 cresciuta del 2,7%, la produzione del 4,7% (la media manifatturiera \u00e8 dell\u20191,5%) e l\u2019export del 14% (la media manifatturiera \u00e8 del 7%).<\/p>\n<p>Related news:\u00a0<a href=\"https:\/\/it.businessinsider.com\/30-aziende-farmaceutiche-investono-nella-pharma-valley-toscana-che-punta-su-logistica-e-vaccini\/\" target=\"_blank\" rel=\"noopener\">30 aziende farmaceutiche investono nella Pharma Valley toscana, che punta su logistica e vaccini<\/a><\/p>\n<p><a href=\"http:\/\/mattinopadova.gelocal.it\/padova\/cronaca\/2017\/10\/17\/news\/la-padovana-fidia-sfida-i-colossi-della-farmaceutica-con-l-acido-ialuronico-1.16001471\" target=\"_blank\" rel=\"noopener\">La padovana Fidia sfida i colossi della farmaceutica con l\u2019acido ialuronico<\/a><\/p>","protected":false},"excerpt":{"rendered":"<p>E\u02bc la prima regione d\u02bcItalia per numero di addetti e la seconda per l\u02bcexport. Investiti 400 milioni in ricerca e sviluppo 18 OTTOBRE 2017 &#8211; TGCOM 24 La Lombardia \u00e8 la prima regione in Italia e in Europa per numero di addetti nel settore farmaceutico: assorbe circa la met\u00e0 degli occupati del settore con 28mila &hellip;<\/p>","protected":false},"author":4,"featured_media":33280,"comment_status":"closed","ping_status":"closed","sticky":false,"template":"","format":"standard","meta":{"footnotes":""},"categories":[1],"tags":[47],"class_list":["post-33278","post","type-post","status-publish","format-standard","has-post-thumbnail","hentry","category-notizie","tag-big-pharma"],"amp_enabled":true,"_links":{"self":[{"href":"https:\/\/www.fedaiisf.it\/en\/wp-json\/wp\/v2\/posts\/33278","targetHints":{"allow":["GET"]}}],"collection":[{"href":"https:\/\/www.fedaiisf.it\/en\/wp-json\/wp\/v2\/posts"}],"about":[{"href":"https:\/\/www.fedaiisf.it\/en\/wp-json\/wp\/v2\/types\/post"}],"author":[{"embeddable":true,"href":"https:\/\/www.fedaiisf.it\/en\/wp-json\/wp\/v2\/users\/4"}],"replies":[{"embeddable":true,"href":"https:\/\/www.fedaiisf.it\/en\/wp-json\/wp\/v2\/comments?post=33278"}],"version-history":[{"count":0,"href":"https:\/\/www.fedaiisf.it\/en\/wp-json\/wp\/v2\/posts\/33278\/revisions"}],"wp:featuredmedia":[{"embeddable":true,"href":"https:\/\/www.fedaiisf.it\/en\/wp-json\/wp\/v2\/media\/33280"}],"wp:attachment":[{"href":"https:\/\/www.fedaiisf.it\/en\/wp-json\/wp\/v2\/media?parent=33278"}],"wp:term":[{"taxonomy":"category","embeddable":true,"href":"https:\/\/www.fedaiisf.it\/en\/wp-json\/wp\/v2\/categories?post=33278"},{"taxonomy":"post_tag","embeddable":true,"href":"https:\/\/www.fedaiisf.it\/en\/wp-json\/wp\/v2\/tags?post=33278"}],"curies":[{"name":"wp","href":"https:\/\/api.w.org\/{rel}","templated":true}]}}