{"id":33396,"date":"2017-11-01T11:22:12","date_gmt":"2017-11-01T10:22:12","guid":{"rendered":"http:\/\/www.fedaiisf.it\/?p=33396"},"modified":"2017-11-10T13:02:55","modified_gmt":"2017-11-10T12:02:55","slug":"sindacati-del-farmaceutico-servono-formazione-chance-gli-isf","status":"publish","type":"post","link":"https:\/\/www.fedaiisf.it\/en\/sindacati-del-farmaceutico-servono-formazione-chance-gli-isf\/","title":{"rendered":"The pharmaceutical unions: &quot;We need training and opportunities for the ISFs&quot;"},"content":{"rendered":"<p>Mentre iniziano i lavori preparatori per il rinnovo del ccnl e la legge di Stabilit\u00e0 \u00e8 in fase di approvazione, i sindacati del farmaceutico riconoscono il buono stato di salute del comparto. Ma i\u00a0<a href=\"https:\/\/www.aboutpharma.com\/?s=sindacati\" target=\"_blank\" rel=\"noopener\">rappresentanti dei lavoratori\u00a0<\/a>sottolineano anche la presenza di problemi che vanno risolti quanto prima. A cominciare dalla crisi occupazionale di alcune figure come gli informatori scientifici. E dalla necessit\u00e0 di investire di pi\u00f9 e meglio sulla formazione degli occupati per non farsi spiazzare dalle innovazioni. Il punto di vista \u00e8 di due esponenti delle sigle pi\u00f9 rappresentative del comparto. Parlano Sergio Cardinali, del dipartimento chimico farmaceutico nazionale di\u00a0<a href=\"http:\/\/www.filctemcgil.it\/\" target=\"_blank\" rel=\"noopener\">Filctem-Cgil<\/a>, and Gianluca Bianco, national secretary\u00a0<a href=\"http:\/\/www.femcacisl.it\/\" target=\"_blank\" rel=\"noopener\">Femca-Cisl<\/a>.<\/p>\n<p><span class=\"post-author\">Of\u00a0<a title=\"Articles written by: Aboutpharma Online editorial staff\" href=\"https:\/\/www.aboutpharma.com\/blog\/author\/redazioneaboutpharma-com\/\" target=\"_blank\" rel=\"author noopener\">Aboutpharma Online editorial staff<\/a>\u00a0&#8211;\u00a0<a href=\"https:\/\/www.aboutpharma.com\/blog\/highlights\/sindacati-del-farmaceutico\/\" target=\"_blank\" rel=\"noopener\">1 novembre 2017 &#8211; Aboutpharma<\/a><\/span><\/p>\n<h2>Parola ai sindacati del farmaceutico, Cardinali (Filctem-Cgil): \u201cTroppi lavoratori anziani, pensiamo al ricambio generazionale\u201d<\/h2>\n<p><img loading=\"lazy\" decoding=\"async\" class=\"alignright\" src=\"https:\/\/www.aboutpharma.com\/wp-content\/uploads\/2017\/11\/Cattura.png\" width=\"200\" height=\"285\" \/>\u201cUn problema \u00e8 l\u2019allontanamento dell\u2019et\u00e0 pensionabile\u201d, dice Sergio Cardinali, individuando uno dei temi caldi di discussione. \u201cCi sono molti lavoratori che diventano anziani e si confrontano con un\u2019industria molto innovativa rischiando di non stare pi\u00f9 al passo. Bisognerebbe trovare sistemi per facilitare l\u2019uscita di chi ha pi\u00f9 anni: scivoli, part time, forme di sovrapposizione giovani\/anziani. Visto che non ci sono strumenti legislativi per affrontare in termini economici questa situazione, affronteremo questo tema quando partiranno le trattative sul prossimo rinnovo contrattuale\u201d.<\/p>\n<h2>Parola ai sindacati del farmaceutico, Bianco (Femca-Cisl): \u201cTroviamo una soluzione per il problema degli isf: in dieci anni c\u2019\u00e8 stata una riduzione del 50%\u201d<\/h2>\n<p>\u201cI dati parlano chiaro. L\u2019export cresce, gli investimenti in ricerca e sviluppo sono pari al 15%, la produzione \u00e8 al secondo posto in Europa, gli occupati sono in aumento\u201d, riconosce Gianluca Bianco. Ma anche lui riflette sulle difficolt\u00e0 del settore. \u201cBisogna trovare una soluzione alla questione degli informatori scientifici. Negli ultimi dieci anni c\u2019\u00e8 stata una riduzione del 50%. \u00c8 vero: con la genericazione di molti farmaci, l\u2019isf tradizionale \u00e8 meno necessario per medici e pazienti. Ma il mestiere dell\u2019informatore ha un grandissimo valore, soprattutto per la salute dei cittadini. Quindi bisogna intervenire sulla formazione per rendere questi professionisti ancora pi\u00f9 qualificati e al passo con le innovazioni\u201d.<\/p>\n<p><a href=\"http:\/\/www.filctemcgil.it\/images\/stories\/flexicontent\/news\/la_stampa_ne_parla\/20171109114355476.pdf\" target=\"_blank\" rel=\"noopener\">L&#8217;articolo completo<\/a><\/p>","protected":false},"excerpt":{"rendered":"<p>Mentre iniziano i lavori preparatori per il rinnovo del ccnl e la legge di Stabilit\u00e0 \u00e8 in fase di approvazione, i sindacati del farmaceutico riconoscono il buono stato di salute del comparto. Ma i\u00a0rappresentanti dei lavoratori\u00a0sottolineano anche la presenza di problemi che vanno risolti quanto prima. A cominciare dalla crisi occupazionale di alcune figure come &hellip;<\/p>","protected":false},"author":4,"featured_media":31836,"comment_status":"closed","ping_status":"closed","sticky":false,"template":"","format":"standard","meta":{"footnotes":""},"categories":[1],"tags":[21,27,44],"class_list":["post-33396","post","type-post","status-publish","format-standard","has-post-thumbnail","hentry","category-notizie","tag-informatori-scientifici","tag-licenziati","tag-sindacati"],"amp_enabled":true,"_links":{"self":[{"href":"https:\/\/www.fedaiisf.it\/en\/wp-json\/wp\/v2\/posts\/33396","targetHints":{"allow":["GET"]}}],"collection":[{"href":"https:\/\/www.fedaiisf.it\/en\/wp-json\/wp\/v2\/posts"}],"about":[{"href":"https:\/\/www.fedaiisf.it\/en\/wp-json\/wp\/v2\/types\/post"}],"author":[{"embeddable":true,"href":"https:\/\/www.fedaiisf.it\/en\/wp-json\/wp\/v2\/users\/4"}],"replies":[{"embeddable":true,"href":"https:\/\/www.fedaiisf.it\/en\/wp-json\/wp\/v2\/comments?post=33396"}],"version-history":[{"count":0,"href":"https:\/\/www.fedaiisf.it\/en\/wp-json\/wp\/v2\/posts\/33396\/revisions"}],"wp:featuredmedia":[{"embeddable":true,"href":"https:\/\/www.fedaiisf.it\/en\/wp-json\/wp\/v2\/media\/31836"}],"wp:attachment":[{"href":"https:\/\/www.fedaiisf.it\/en\/wp-json\/wp\/v2\/media?parent=33396"}],"wp:term":[{"taxonomy":"category","embeddable":true,"href":"https:\/\/www.fedaiisf.it\/en\/wp-json\/wp\/v2\/categories?post=33396"},{"taxonomy":"post_tag","embeddable":true,"href":"https:\/\/www.fedaiisf.it\/en\/wp-json\/wp\/v2\/tags?post=33396"}],"curies":[{"name":"wp","href":"https:\/\/api.w.org\/{rel}","templated":true}]}}