{"id":33702,"date":"2017-11-24T11:27:53","date_gmt":"2017-11-24T10:27:53","guid":{"rendered":"http:\/\/www.fedaiisf.it\/?p=33702"},"modified":"2017-11-24T11:27:53","modified_gmt":"2017-11-24T10:27:53","slug":"novartis-taglia-posti-lavoro-germania","status":"publish","type":"post","link":"https:\/\/www.fedaiisf.it\/en\/novartis-taglia-posti-lavoro-germania\/","title":{"rendered":"Novartis taglia posti di lavoro in Germania"},"content":{"rendered":"<p>Il colosso basilese del farmaco Novartis intende tagliare 160 dei 520 posti di lavoro del suo sito tedesco di Wehr, nel Land del Baden W\u00fcrttemberg.<\/p>\n<p><img loading=\"lazy\" decoding=\"async\" class=\"alignright\" src=\"http:\/\/www.gabriele-schmidt.eu\/cdu-wt-wAssets\/img\/gabriele-schmidt\/weblication\/wThumbnails\/150714_NovartisWehr-abff07c33de64769115865ea56a5b890.jpg\" alt=\"Immagine correlata\" width=\"366\" height=\"219\" \/>La multinazionale renana ha confermato oggi l&#8217;indiscrezione &#8211; comparsa sulla stampa locale &#8211; all&#8217;agenzia finanziaria awp. Nella cittadina tedesca ci si occuper\u00e0 ancora delle novit\u00e0 da immettere sul mercato e della fabbricazione di prodotti ad alto valore aggiunto, mentre dal 2022 \u00e8 previsto che il settore degli imballaggi venga spostato in altri stabilimenti.<\/p>\n<p>Stando a un portavoce del gruppo, attualmente questo segmento a Wehr non \u00e8 pi\u00f9 competitivo, come ha mostrato un esame del portafoglio dei prodotti.<\/p>\n<p>Inoltre, entro il 2022, i due tipi di merce confezionati in quantit\u00e0 maggiori nel sito tedesco toccato dai tagli non saranno pi\u00f9 protetti da brevetto.<\/p>\n<p><a href=\"http:\/\/streamer.adnkronos.com\/Salute\/Newsletter\/data\/Pk184e17.pdf\" target=\"_blank\" rel=\"noopener\">PhatmaKronos &#8211; 24\/11\/2017<\/a><\/p>","protected":false},"excerpt":{"rendered":"<p>Il colosso basilese del farmaco Novartis intende tagliare 160 dei 520 posti di lavoro del suo sito tedesco di Wehr, nel Land del Baden W\u00fcrttemberg. La multinazionale renana ha confermato oggi l&#8217;indiscrezione &#8211; comparsa sulla stampa locale &#8211; all&#8217;agenzia finanziaria awp. Nella cittadina tedesca ci si occuper\u00e0 ancora delle novit\u00e0 da immettere sul mercato e &hellip;<\/p>","protected":false},"author":4,"featured_media":33704,"comment_status":"closed","ping_status":"closed","sticky":false,"template":"","format":"standard","meta":{"footnotes":""},"categories":[1],"tags":[27],"class_list":["post-33702","post","type-post","status-publish","format-standard","has-post-thumbnail","hentry","category-notizie","tag-licenziati"],"amp_enabled":true,"_links":{"self":[{"href":"https:\/\/www.fedaiisf.it\/en\/wp-json\/wp\/v2\/posts\/33702","targetHints":{"allow":["GET"]}}],"collection":[{"href":"https:\/\/www.fedaiisf.it\/en\/wp-json\/wp\/v2\/posts"}],"about":[{"href":"https:\/\/www.fedaiisf.it\/en\/wp-json\/wp\/v2\/types\/post"}],"author":[{"embeddable":true,"href":"https:\/\/www.fedaiisf.it\/en\/wp-json\/wp\/v2\/users\/4"}],"replies":[{"embeddable":true,"href":"https:\/\/www.fedaiisf.it\/en\/wp-json\/wp\/v2\/comments?post=33702"}],"version-history":[{"count":0,"href":"https:\/\/www.fedaiisf.it\/en\/wp-json\/wp\/v2\/posts\/33702\/revisions"}],"wp:featuredmedia":[{"embeddable":true,"href":"https:\/\/www.fedaiisf.it\/en\/wp-json\/wp\/v2\/media\/33704"}],"wp:attachment":[{"href":"https:\/\/www.fedaiisf.it\/en\/wp-json\/wp\/v2\/media?parent=33702"}],"wp:term":[{"taxonomy":"category","embeddable":true,"href":"https:\/\/www.fedaiisf.it\/en\/wp-json\/wp\/v2\/categories?post=33702"},{"taxonomy":"post_tag","embeddable":true,"href":"https:\/\/www.fedaiisf.it\/en\/wp-json\/wp\/v2\/tags?post=33702"}],"curies":[{"name":"wp","href":"https:\/\/api.w.org\/{rel}","templated":true}]}}