{"id":33722,"date":"2017-11-27T18:12:35","date_gmt":"2017-11-27T17:12:35","guid":{"rendered":"http:\/\/www.fedaiisf.it\/?p=33722"},"modified":"2017-11-27T18:23:40","modified_gmt":"2017-11-27T17:23:40","slug":"ue-no-vax","status":"publish","type":"post","link":"https:\/\/www.fedaiisf.it\/en\/ue-no-vax\/","title":{"rendered":"EU against no-vax"},"content":{"rendered":"<p><em>Visitino le tombe dei bimbi morti<\/em><\/p>\n<p>Nuovo affondo dell&#8217;Ue nei confronti dei movimenti no-vax: \u00abBisogna parlare della responsabilit\u00e0 morale di\u00a0queste persone\u00bb, ha attaccato il commissario alla salute Vytenis <a href=\"http:\/\/www.fedaiisf.it\/wp-content\/uploads\/2014\/07\/ocse.jpg\"><img loading=\"lazy\" decoding=\"async\" class=\"size-medium wp-image-877 alignright\" src=\"http:\/\/www.fedaiisf.it\/wp-content\/uploads\/2014\/07\/ocse-300x287.jpg\" alt=\"\" width=\"300\" height=\"287\" srcset=\"https:\/\/www.fedaiisf.it\/wp-content\/uploads\/2014\/07\/ocse-300x287.jpg 300w, https:\/\/www.fedaiisf.it\/wp-content\/uploads\/2014\/07\/ocse.jpg 438w\" sizes=\"auto, (max-width: 300px) 100vw, 300px\" \/><\/a>Andriukaitis, invitando chi non vuole i vaccini a \u00abvisitare le tombe dei bambini morti\u00bb.<\/p>\n<p>A dare il la a una vera e propria requisitoria, una domanda durante una conferenza sullo stato dei sistemi sanitari dell&#8217;Ue. \u00abQuesti non sanno ci\u00f2 che fanno\u00bb, ha accusato il commissario lituano, non nuovo a dure prese di posizione contro i movimenti che rifiutano le vaccinazioni e, cos\u00ec facendo, \u00abci portano decenni indietro, all&#8217;et\u00e0 della della pietra\u00bb.<\/p>\n<p>Il rapporto pubblicato dalla Commissione europea con l&#8217;Ocse, mette in evidenza che in Italia negli ultimi anni c&#8217;\u00e8 stata una riduzione delle vaccinazioni. Per questo, secondo lo studio, nel 2016-2017 \u00absi \u00e8 verificata una preoccupante epidemia di morbillo\u00bb, con un totale di 865 casi nel 2016 e 2.851 casi registrati fino a giugno 2017. \u00abI vaccini &#8211; ha sottolineato Andriukaitis, che \u00e8 anche medico &#8211; sono uno dei pi\u00f9 efficaci strumenti di prevenzione, non c&#8217;\u00e8 nessuno che lo metta in dubbio a livello scientifico\u00bb.<\/p>\n<p>Per questo, \u00abse i genitori non capiscono ci\u00f2 che fanno, i governi sono obbligati a intervenire per garantire la salute dei bambini\u00bb. Non \u00e8 mancato un risvolto di polemica politica italiana. Qualcuno ha tentato di mettere in relazione il discorso di Andriukaitis con presunte posizioni del Movimento 5 stelle. Ma lo stesso gabinetto del commissario, in una lettera inviata all&#8217;eurodeputato M5s Piernicola Pedicini, ha smentito che Andriukaitis abbia \u00abmenzionato o alluso a qualsiasi movimento politico in Italia o in altri Stati membri\u00bb.<\/p>\n<p>La discussione ha finito per mettere in secondo piano i risultati peraltro positivi del rapporto sulla sanit\u00e0 nazionale. Una promozione per l&#8217;Italia, dove l&#8217;aspettativa di vita \u00e8 tra le pi\u00f9 alte dell&#8217;Ue e il consumo di tabacco e alcolici inferiore alla media europea. Anche se &#8211; tra le note negative &#8211; l&#8217;obesit\u00e0 infantile \u00e8 in aumento.<\/p>\n<p>Dallo studio \u00e8 emerso anche che nel nostro Paese la spesa sanitaria pro-capite \u00e8 pi\u00f9 bassa del 10% rispetto agli altri Paesi e che, sebbene molti servizi siano gratuiti, le spese vive sono pi\u00f9 alte soprattutto a causa di farmaci e cure dentistiche.<\/p>\n<p>di Salvatore Lussu \u2013 Fonte Ansa<\/p>\n<p><a href=\"http:\/\/www.fimmg.org\/index.php?action=pages&amp;m=view&amp;p=18&amp;art=2475\" target=\"_blank\" rel=\"noopener\">FIMMG \u2013<span class=\"label label_news_dataPub\">Publication date : <\/span><span class=\"news_dataPub\">24\/11\/2017<\/span><\/a><\/p>\n<p>Related news:\u00a0<a href=\"http:\/\/www.salute.gov.it\/portale\/news\/p3_2_1_1_1.jsp?lingua=italiano&amp;menu=notizie&amp;p=dalministero&amp;id=3167\" target=\"_blank\" rel=\"noopener\">Morbillo in Italia, bollettino settimanale n. 33<\/a><\/p>\n<p>&nbsp;<\/p>\n<p>&nbsp;<\/p>\n<p>&nbsp;<\/p>","protected":false},"excerpt":{"rendered":"<p>Visitino le tombe dei bimbi morti Nuovo affondo dell&#8217;Ue nei confronti dei movimenti no-vax: \u00abBisogna parlare della responsabilit\u00e0 morale di\u00a0queste persone\u00bb, ha attaccato il commissario alla salute Vytenis Andriukaitis, invitando chi non vuole i vaccini a \u00abvisitare le tombe dei bambini morti\u00bb. A dare il la a una vera e propria requisitoria, una domanda durante &hellip;<\/p>","protected":false},"author":4,"featured_media":1044,"comment_status":"closed","ping_status":"closed","sticky":false,"template":"","format":"standard","meta":{"footnotes":""},"categories":[1],"tags":[39],"class_list":["post-33722","post","type-post","status-publish","format-standard","has-post-thumbnail","hentry","category-notizie","tag-vaccini"],"amp_enabled":true,"_links":{"self":[{"href":"https:\/\/www.fedaiisf.it\/en\/wp-json\/wp\/v2\/posts\/33722","targetHints":{"allow":["GET"]}}],"collection":[{"href":"https:\/\/www.fedaiisf.it\/en\/wp-json\/wp\/v2\/posts"}],"about":[{"href":"https:\/\/www.fedaiisf.it\/en\/wp-json\/wp\/v2\/types\/post"}],"author":[{"embeddable":true,"href":"https:\/\/www.fedaiisf.it\/en\/wp-json\/wp\/v2\/users\/4"}],"replies":[{"embeddable":true,"href":"https:\/\/www.fedaiisf.it\/en\/wp-json\/wp\/v2\/comments?post=33722"}],"version-history":[{"count":0,"href":"https:\/\/www.fedaiisf.it\/en\/wp-json\/wp\/v2\/posts\/33722\/revisions"}],"wp:featuredmedia":[{"embeddable":true,"href":"https:\/\/www.fedaiisf.it\/en\/wp-json\/wp\/v2\/media\/1044"}],"wp:attachment":[{"href":"https:\/\/www.fedaiisf.it\/en\/wp-json\/wp\/v2\/media?parent=33722"}],"wp:term":[{"taxonomy":"category","embeddable":true,"href":"https:\/\/www.fedaiisf.it\/en\/wp-json\/wp\/v2\/categories?post=33722"},{"taxonomy":"post_tag","embeddable":true,"href":"https:\/\/www.fedaiisf.it\/en\/wp-json\/wp\/v2\/tags?post=33722"}],"curies":[{"name":"wp","href":"https:\/\/api.w.org\/{rel}","templated":true}]}}