{"id":33826,"date":"2017-12-07T08:25:43","date_gmt":"2017-12-07T07:25:43","guid":{"rendered":"http:\/\/www.fedaiisf.it\/?p=33826"},"modified":"2017-12-09T11:18:31","modified_gmt":"2017-12-09T10:18:31","slug":"veneto-riparte-tavolo-trattativa-mmg-regione-revoca-dello-sciopero","status":"publish","type":"post","link":"https:\/\/www.fedaiisf.it\/en\/veneto-riparte-tavolo-trattativa-mmg-regione-revoca-dello-sciopero\/","title":{"rendered":"Veneto, the negotiation table between the mmg and the Region restarts. Calling off the strike?"},"content":{"rendered":"<p><em>Crisar\u00e0 (Fimmg Veneto): spero situazione si risolva e si eviti sciopero<\/em><\/p>\n<p>Riparte il tavolo della trattativa in Veneto tra i medici di medicina generale e l&#8217;assessore alla sanit\u00e0, Luca Coletto.<\/p>\n<p>Sul piatto ci sono tre giornate di sciopero, da mercoled\u00ec 13 a venerd\u00ec 15 dicembre, e diversi nodi da sciogliere in <a href=\"http:\/\/www.fedaiisf.it\/wp-content\/uploads\/2015\/02\/sciopero-medici.jpg\"><img loading=\"lazy\" decoding=\"async\" class=\"size-medium wp-image-7765 alignright\" src=\"http:\/\/www.fedaiisf.it\/wp-content\/uploads\/2015\/02\/sciopero-medici-300x154.jpg\" alt=\"\" width=\"300\" height=\"154\" srcset=\"https:\/\/www.fedaiisf.it\/wp-content\/uploads\/2015\/02\/sciopero-medici-300x154.jpg 300w, https:\/\/www.fedaiisf.it\/wp-content\/uploads\/2015\/02\/sciopero-medici.jpg 626w\" sizes=\"auto, (max-width: 300px) 100vw, 300px\" \/><\/a>merito all&#8217;assistenza socio-sanitaria. Dopo tentativi di dialogo falliti, torna la voglia di capirsi per evitare disagi ai cittadini. Anche perch\u00e9 la serrata dei medici di famiglia si affianca allo sciopero degli ospedalieri annunciato il 12 dicembre per i tagli al rinnovo del contratto nazionale.<\/p>\n<p>\u00abSpero che le cose si risolvano\u00bb, dichiara Domenico Crisar\u00e0, presidente della Fimmg Veneto, \u00abci sediamo al tavolo di confronto per essere costruttivi. Noi vorremmo evitare scioperi, chiusure e quant&#8217;altro perch\u00e9 non \u00e8 nelle nostre corde. Sono convinto che ragioneremo in modo tranquillo e sereno\u00bb.<\/p>\n<p>Il motivo della mobilitazione nasce dalla mancata applicazione del Piano socio sanitario: il documento che disegna l&#8217;organizzazione della sanit\u00e0 a livello regionale. Il modello, in sintesi, prevede la gestione dei pazienti acuti negli ospedali e lascia l&#8217;assistenza dei malati cronici al territorio.<\/p>\n<p>Fonte Corriere delle Alpi<\/p>\n<p><a href=\"http:\/\/www.fimmg.org\/index.php?action=pages&amp;m=view&amp;p=18&amp;art=2487\" target=\"_blank\" rel=\"noopener\">Fimmg &#8211; 5 dic. 2017<\/a><\/p>\n<p>Related news: <a href=\"http:\/\/www.fimmgveneto.org\/reader.php?id=2411\" target=\"_blank\" rel=\"noopener\">Comunicato Stampa Fimmg Veneto<\/a><\/p>\n<p class=\"article-title\"><a href=\"http:\/\/corrieredelveneto.corriere.it\/veneto\/cronaca\/17_dicembre_06\/medici-regione-ora-scoppia-pace-ca4a50a0-da54-11e7-9e0b-d4ed003b6575.shtml\" target=\"_blank\" rel=\"noopener\">Medici-Regione, sciopero verso la revoca<\/a><\/p>\n<p><a href=\"http:\/\/www.quotidianosanita.it\/lettere-al-direttore\/articolo.php?articolo_id=56798\" target=\"_blank\" rel=\"noopener\">Lo sciopero, i sindacati e lo scarso interesse dei media<\/a><\/p>\n<p>&nbsp;<\/p>\n<p>Fonte Corriere delle Alpi<\/p>","protected":false},"excerpt":{"rendered":"<p>Crisar\u00e0 (Fimmg Veneto): spero situazione si risolva e si eviti sciopero Riparte il tavolo della trattativa in Veneto tra i medici di medicina generale e l&#8217;assessore alla sanit\u00e0, Luca Coletto. Sul piatto ci sono tre giornate di sciopero, da mercoled\u00ec 13 a venerd\u00ec 15 dicembre, e diversi nodi da sciogliere in merito all&#8217;assistenza socio-sanitaria. Dopo &hellip;<\/p>","protected":false},"author":4,"featured_media":6438,"comment_status":"closed","ping_status":"closed","sticky":false,"template":"","format":"standard","meta":{"footnotes":""},"categories":[1],"tags":[],"class_list":["post-33826","post","type-post","status-publish","format-standard","has-post-thumbnail","hentry","category-notizie"],"amp_enabled":true,"_links":{"self":[{"href":"https:\/\/www.fedaiisf.it\/en\/wp-json\/wp\/v2\/posts\/33826","targetHints":{"allow":["GET"]}}],"collection":[{"href":"https:\/\/www.fedaiisf.it\/en\/wp-json\/wp\/v2\/posts"}],"about":[{"href":"https:\/\/www.fedaiisf.it\/en\/wp-json\/wp\/v2\/types\/post"}],"author":[{"embeddable":true,"href":"https:\/\/www.fedaiisf.it\/en\/wp-json\/wp\/v2\/users\/4"}],"replies":[{"embeddable":true,"href":"https:\/\/www.fedaiisf.it\/en\/wp-json\/wp\/v2\/comments?post=33826"}],"version-history":[{"count":0,"href":"https:\/\/www.fedaiisf.it\/en\/wp-json\/wp\/v2\/posts\/33826\/revisions"}],"wp:featuredmedia":[{"embeddable":true,"href":"https:\/\/www.fedaiisf.it\/en\/wp-json\/wp\/v2\/media\/6438"}],"wp:attachment":[{"href":"https:\/\/www.fedaiisf.it\/en\/wp-json\/wp\/v2\/media?parent=33826"}],"wp:term":[{"taxonomy":"category","embeddable":true,"href":"https:\/\/www.fedaiisf.it\/en\/wp-json\/wp\/v2\/categories?post=33826"},{"taxonomy":"post_tag","embeddable":true,"href":"https:\/\/www.fedaiisf.it\/en\/wp-json\/wp\/v2\/tags?post=33826"}],"curies":[{"name":"wp","href":"https:\/\/api.w.org\/{rel}","templated":true}]}}