{"id":33843,"date":"2017-12-10T13:22:18","date_gmt":"2017-12-10T12:22:18","guid":{"rendered":"http:\/\/www.fedaiisf.it\/?p=33843"},"modified":"2018-01-23T19:10:46","modified_gmt":"2018-01-23T18:10:46","slug":"regione-emlia-romagna-risposta-allinterrogazione-sul-regolamento-isf-semplificare-omogeneizzare-le-modalita-daccesso-degli-isf","status":"publish","type":"post","link":"https:\/\/www.fedaiisf.it\/en\/regione-emlia-romagna-risposta-allinterrogazione-sul-regolamento-isf-semplificare-omogeneizzare-le-modalita-daccesso-degli-isf\/","title":{"rendered":"Emilia-Romagna Region. Answer to the question on the ISF regulation. &quot;Simplify and homogenize the ways of accessing the ISF&quot;"},"content":{"rendered":"<div class=\"page\" title=\"Page 1\"><a href=\"http:\/\/demetra.regione.emilia-romagna.it\/al\/class\/download.php?id_doc=d31a9200-5f79-13f1-670f-5a255b482f58\" target=\"_blank\" rel=\"noopener\"><em>Risposta dell&#8217;assessore Sergio Venturi<\/em><\/a><em> a &#8220;interrogazione (<a href=\"http:\/\/wwwservizi.regione.emilia-romagna.it\/urn\/index.aspx?urn=er:assemblealegislativa:DocProtocolloOggetto:X;5230\" target=\"_blank\" rel=\"noopener\">5230<\/a>) \u00a0a risposta scritta circa la riorganizzazione dell&#8217;attivit\u00e0 degli informatori scientifici sui farmaci. A firma dei Consiglieri: Marchetti Daniele, Delmonte Gabriele&#8221;<\/em><\/div>\n<div title=\"Page 1\">\n<hr \/>\n<\/div>\n<p title=\"Page 1\"><strong>Oggetto: interrogazione n. 5230 dei Consiglieri regionali Marchetti e Delmonte<\/strong><\/p>\n<p>Riguardo all&#8217;interrogazione specificata in oggetto, si rappresenta quanto segue.<\/p>\n<p>La Regione Emilia-Romagna, al fine di dare applicazione alle disposizioni nazionali in materi di &#8220;informazione scientifica&#8221; ha adottato nel dicembre 2016 la Dgr. 2309 &#8220;Indirizzi e direttive in materia di informazione scientifica sul farmaco nell&#8217;ambito del Servizio sanitario regionale dell&#8217;informazione scientifica sul farmaco&#8221; approvato dalla Conferenza delle Regioni il 20 aprile 2006.<\/p>\n<p>Dal mese di aprile scorso, questo Assessorato ha gi\u00e0 incontrato pi\u00f9 volte le organizzazioni sindacali di categoria, proprio per realizzare quelle sinergie necessarie a costruire un percorso virtuoso attraverso il contributo di tutti i soggetti interessati. La finalit\u00e0 \u00e8 quella di contemperare le esigenze di trasparenza e tracciabilit\u00e0 con l&#8217;esigenza di svolgere l&#8217;attivit\u00e0 di informazione scientifica in un contesto organizzato ben definito e duttile tale da rendere agevolmente raggiungibili i medici destinatari dell&#8217;informazione da parte degli informatori scientifici. Gli incontri con le associazioni di categoria proseguiranno fino al raggiungimento di un&#8217;applicazione condivisa della normativa regionale.<\/p>\n<p>L&#8217;Assessore ha programmato una riunione con le Direzioni delle Aziende sanitarie finalizzata a valutare la variabilit\u00e0 derivante dall&#8217;applicazione locale degli indirizzi regionali e ad indirizzare verso l&#8217;adozione di strumenti e di modalit\u00e0 omogenee mirate a semplificare l&#8217;accesso e l&#8217;attivit\u00e0 degli informatori scientifici.<\/p>\n<p>Al termine degli incontri e dei confronti previsti, l&#8217;Assessore valuter\u00e0 l&#8217;opportunit\u00e0 di confermare o di integrare gli atti regionali in materia di informazione scientifica.<\/p>\n<p>Si precisa. infine, che nell&#8217;intervento all&#8217;Assemblea degli Informatori scientifici la Direttrice Generale Cure della Persona, Salute e Welfare ha confermato la disponibilit\u00e0 a perfezionare i contenuti degli indirizzi regionali in funzione di specifiche occorrenze che dovessero manifestarsi.<\/p>\n<p>Si evidenzia infine, che anche nel corso dell&#8217;incontro svoltosi lo scorso 28 settembre presso questo Assessorato con i rappresentanti delle categorie sociali interessate e le organizzazioni sindacali, \u00e8 emerso che i principi generali di tracciabilit\u00e0 e trasparenza affermati nella delibera regionali sono ampiamente condivisi. Quello che \u00e8 attualmente oggetto di valutazione riguarda l&#8217;applicazione della delibera a livello locale, stante le differenze incontrate tra le Aziende sanitarie che richiede l&#8217;adozione di strumenti e modalit\u00e0 pi\u00f9 omogenee e mirate a semplificare l&#8217;accesso e l&#8217;attivit\u00e0 degli informatori scientifici.<\/p>\n<p>Best regards.<\/p>\n<p style=\"text-align: center;\">Sergio Venturi<\/p>\n<hr \/>\n<p>Related news:\u00a0<a href=\"http:\/\/www.fedaiisf.it\/en\/emilia-romagna-regolamento-isf-incontro-dirigenti-la-regione-verificheremo-controlleremo-vedremo\/\" target=\"_blank\" rel=\"noopener\">Emilia-Romagna: Regolamento ISF., Incontro con i dirigenti<\/a><\/p>\n<p><a href=\"http:\/\/www.fedaiisf.it\/wp-content\/uploads\/2014\/05\/Emilia-Romagna.dgr-2309-2016.pdf\" target=\"_blank\" rel=\"noopener\">Emilia-Romagna.dgr-2309-2016<\/a><\/p>\n<p><a href=\"http:\/\/www.fedaiisf.it\/wp-content\/uploads\/2017\/05\/Reg.-E.R.Allegato-1-.pdf\" target=\"_blank\" rel=\"noopener\">Reg. ER Annex 1<\/a><\/p>\n<p><a href=\"http:\/\/www.fedaiisf.it\/wp-content\/uploads\/2017\/03\/ANAC.Linee-Guida-Codic-Comportamento-SSN..pdf\" target=\"_blank\" rel=\"noopener\">ANAC. Guidelines Code of Conduct SSN.<\/a><\/p>\n<p><a href=\"http:\/\/www.regioni.it\/conferenze\/2006\/04\/20\/doc-approvato-sanita-linee-guida-regolamento-regionale-informazione-scientifica-farmaco-105196\/\" target=\"_blank\" rel=\"noopener\">Linee guida di \u201cRegolamento regionale dell\u2019informazione scientifica sul farmaco\u201d approvate gioved\u00ec 20 aprile 2006 dalla Conferenza delle Regioni e Province Autonome.<\/a><\/p>","protected":false},"excerpt":{"rendered":"<p>Risposta dell&#8217;assessore Sergio Venturi a &#8220;interrogazione (5230) \u00a0a risposta scritta circa la riorganizzazione dell&#8217;attivit\u00e0 degli informatori scientifici sui farmaci. A firma dei Consiglieri: Marchetti Daniele, Delmonte Gabriele&#8221; Oggetto: interrogazione n. 5230 dei Consiglieri regionali Marchetti e Delmonte Riguardo all&#8217;interrogazione specificata in oggetto, si rappresenta quanto segue. La Regione Emilia-Romagna, al fine di dare applicazione alle &hellip;<\/p>","protected":false},"author":4,"featured_media":33236,"comment_status":"closed","ping_status":"closed","sticky":false,"template":"","format":"standard","meta":{"footnotes":""},"categories":[16],"tags":[21,41],"class_list":["post-33843","post","type-post","status-publish","format-standard","has-post-thumbnail","hentry","category-primo-piano","tag-informatori-scientifici","tag-leggisentenze"],"amp_enabled":true,"_links":{"self":[{"href":"https:\/\/www.fedaiisf.it\/en\/wp-json\/wp\/v2\/posts\/33843","targetHints":{"allow":["GET"]}}],"collection":[{"href":"https:\/\/www.fedaiisf.it\/en\/wp-json\/wp\/v2\/posts"}],"about":[{"href":"https:\/\/www.fedaiisf.it\/en\/wp-json\/wp\/v2\/types\/post"}],"author":[{"embeddable":true,"href":"https:\/\/www.fedaiisf.it\/en\/wp-json\/wp\/v2\/users\/4"}],"replies":[{"embeddable":true,"href":"https:\/\/www.fedaiisf.it\/en\/wp-json\/wp\/v2\/comments?post=33843"}],"version-history":[{"count":0,"href":"https:\/\/www.fedaiisf.it\/en\/wp-json\/wp\/v2\/posts\/33843\/revisions"}],"wp:featuredmedia":[{"embeddable":true,"href":"https:\/\/www.fedaiisf.it\/en\/wp-json\/wp\/v2\/media\/33236"}],"wp:attachment":[{"href":"https:\/\/www.fedaiisf.it\/en\/wp-json\/wp\/v2\/media?parent=33843"}],"wp:term":[{"taxonomy":"category","embeddable":true,"href":"https:\/\/www.fedaiisf.it\/en\/wp-json\/wp\/v2\/categories?post=33843"},{"taxonomy":"post_tag","embeddable":true,"href":"https:\/\/www.fedaiisf.it\/en\/wp-json\/wp\/v2\/tags?post=33843"}],"curies":[{"name":"wp","href":"https:\/\/api.w.org\/{rel}","templated":true}]}}