{"id":3391,"date":"2014-09-20T11:11:52","date_gmt":"2014-09-20T09:11:52","guid":{"rendered":"http:\/\/www.fedaiisf.it\/?p=3391"},"modified":"2014-09-20T12:07:15","modified_gmt":"2014-09-20T10:07:15","slug":"svizzera-takeda-cancella-83-posti","status":"publish","type":"post","link":"https:\/\/www.fedaiisf.it\/en\/svizzera-takeda-cancella-83-posti\/","title":{"rendered":"Svizzera. Takeda cancella 83 posti di lavoro"},"content":{"rendered":"<p><i>Nel 2012 il gruppo ha annunciato l&#8217;intenzione di cancellare 2800 posti di lavoro entro il 2016 al di fuori del Giappone<\/i><b><i><\/i><\/b><\/p>\n<p><b><i><a href=\"http:\/\/www.cdt.ch\/svizzera\/economia\/115205\/takeda-cancella-83-posti-di-lavoro.html\" target=\"_blank\" rel=\"noopener\">19.09.2014\u00a0\u2013 CORRIERE DEL TICINO<\/a><\/i><\/b><\/p>\n<p>ZURIGO &#8211; Il\u00a0<b>gruppo farmaceutico giapponese <a href=\"http:\/\/investing.businessweek.com\/research\/stocks\/snapshot\/snapshot.asp?ticker=4502:JP\" target=\"_blank\" rel=\"noopener\">Takeda<\/a><\/b>\u00a0cancella 83 posti di lavoro a tempo pieno a Glattbrugg (ZH): gli impieghi saranno trasferiti all&#8217;estero, ha indicato un portavoce dell&#8217;azienda confermando una notizia pubblicata ieri dal portale &#8220;20 Minuten&#8221;. La riorganizzazione punta a posizionare meglio il gruppo, portandolo pi\u00f9 vicino al cliente, ha spiegato l&#8217;azienda.<\/p>\n<p>Il personale &#8211; a Glattbrugg lavorano 360 persone &#8211; \u00e8 stato informato mercoled\u00ec. \u00c8 in corso una discussione sui dettagli della ristrutturazione e sul piano sociale per chi lascer\u00e0 l&#8217;impresa. Per quanto possibile Takeda offrir\u00e0 ai dipendenti di continuare l&#8217;attivit\u00e0 in un&#8217;altra sede.<\/p>\n<p>A Glattbrugg rimarr\u00e0 comunque la sede della centrale europea. Non sono inoltre toccati dalla riorganizzazioni gli uffici di Pf\u00e4ffikon (SZ) della societ\u00e0, che guidano l&#8217;attivit\u00e0 del conglomerato in Svizzera.<\/p>\n<p><img loading=\"lazy\" decoding=\"async\" class=\"alignleft\" alt=\"\" src=\"http:\/\/www.siliconindia.com:81\/news\/newsimages\/special\/L7kpPn5U.jpeg\" width=\"174\" height=\"147\" \/>Takeda \u00e8 la pi\u00f9 grande impresa farmaceutica giapponese. Nel 2001 ha rilevato la zurighese Nycomed per 9,6 miliardi di euro. Nel 2012 il gruppo ha annunciato l&#8217;intenzione di cancellare 2800 posti di lavoro entro il 2016 al di fuori del Giappone.<\/p>","protected":false},"excerpt":{"rendered":"<p>Nel 2012 il gruppo ha annunciato l&#8217;intenzione di cancellare 2800 posti di lavoro entro il 2016 al di fuori del Giappone 19.09.2014\u00a0\u2013 CORRIERE DEL TICINO ZURIGO &#8211; Il\u00a0gruppo farmaceutico giapponese Takeda\u00a0cancella 83 posti di lavoro a tempo pieno a Glattbrugg (ZH): gli impieghi saranno trasferiti all&#8217;estero, ha indicato un portavoce dell&#8217;azienda confermando una notizia pubblicata &hellip;<\/p>","protected":false},"author":4,"featured_media":3393,"comment_status":"closed","ping_status":"closed","sticky":false,"template":"","format":"standard","meta":{"footnotes":""},"categories":[1],"tags":[27],"class_list":["post-3391","post","type-post","status-publish","format-standard","has-post-thumbnail","hentry","category-notizie","tag-licenziati"],"amp_enabled":true,"_links":{"self":[{"href":"https:\/\/www.fedaiisf.it\/en\/wp-json\/wp\/v2\/posts\/3391","targetHints":{"allow":["GET"]}}],"collection":[{"href":"https:\/\/www.fedaiisf.it\/en\/wp-json\/wp\/v2\/posts"}],"about":[{"href":"https:\/\/www.fedaiisf.it\/en\/wp-json\/wp\/v2\/types\/post"}],"author":[{"embeddable":true,"href":"https:\/\/www.fedaiisf.it\/en\/wp-json\/wp\/v2\/users\/4"}],"replies":[{"embeddable":true,"href":"https:\/\/www.fedaiisf.it\/en\/wp-json\/wp\/v2\/comments?post=3391"}],"version-history":[{"count":0,"href":"https:\/\/www.fedaiisf.it\/en\/wp-json\/wp\/v2\/posts\/3391\/revisions"}],"wp:featuredmedia":[{"embeddable":true,"href":"https:\/\/www.fedaiisf.it\/en\/wp-json\/wp\/v2\/media\/3393"}],"wp:attachment":[{"href":"https:\/\/www.fedaiisf.it\/en\/wp-json\/wp\/v2\/media?parent=3391"}],"wp:term":[{"taxonomy":"category","embeddable":true,"href":"https:\/\/www.fedaiisf.it\/en\/wp-json\/wp\/v2\/categories?post=3391"},{"taxonomy":"post_tag","embeddable":true,"href":"https:\/\/www.fedaiisf.it\/en\/wp-json\/wp\/v2\/tags?post=3391"}],"curies":[{"name":"wp","href":"https:\/\/api.w.org\/{rel}","templated":true}]}}