{"id":34131,"date":"2018-01-07T19:23:43","date_gmt":"2018-01-07T18:23:43","guid":{"rendered":"http:\/\/www.fedaiisf.it\/?p=34131"},"modified":"2018-01-08T19:52:44","modified_gmt":"2018-01-08T18:52:44","slug":"piacenza-medici-rivolta-le-case-della-salute-strutture-mascherano-tagli-alla-sanita-vessazione-ridurre-le-prescrizioni","status":"publish","type":"post","link":"https:\/\/www.fedaiisf.it\/en\/piacenza-medici-rivolta-le-case-della-salute-strutture-mascherano-tagli-alla-sanita-vessazione-ridurre-le-prescrizioni\/","title":{"rendered":"Piacenza. Medici in rivolta contro le Case della Salute: \u00abSono strutture che mascherano i tagli alla sanit\u00e0\u00bb, una vessazione per ridurre le prescrizioni"},"content":{"rendered":"<h1 class=\"entry-title\" data-amp=\"amp-title\"><span style=\"color: #ff0000;\">Fuga di medici dalla Casa della Salute, Galvani: \u00abSono strutture che mascherano i tagli alla sanit\u00e0\u00bb<\/span><\/h1>\n<p class=\"summary entry-summary\" data-amp=\"amp-abstract\"><em>Il Coordinamento comitati salva sanit\u00e0 pubblica critica il quadro locale dopo l\u2019abbandono di alcuni medici alla Casa della Salute di Podenzano<\/em><\/p>\n<p data-amp=\"amp-abstract\"><a href=\"http:\/\/www.ilpiacenza.it\/cronaca\/fuga-di-medici-dalla-casa-della-salute-galvani-sono-strutture-che-mascherano-i-tagli-alla-sanita.html\" target=\"_blank\" rel=\"noopener\">Il Piacenza &#8211; by Redazione 7 gennaio 2018<\/a><a class=\"fancybox\" title=\"\" href=\"http:\/\/1.citynews-ilpiacenza.stgy.ovh\/~media\/original-hi\/13663146118117\/casa-della-salute-podenzano-2.jpeg\" target=\"_blank\" rel=\"noopener\"><picture><img class=\"alignright\" srcset=\"http:\/\/3.citynews-ilpiacenza.stgy.ovh\/~media\/horizontal-low\/13663146118117\/casa-della-salute-podenzano-2.jpeg\" alt=\"\" width=\"415\" height=\"234\" \/><\/picture><\/a><\/p>\n<div class=\"entry-content-body\" data-amp=\"amp-text\">\n<p>Fuga di medici dalla Casa della Salute di Podenzano. La struttura sanitaria dell\u2019Ausl di Piacenza ha registrato l\u2019interruzione del rapporto, in questa sede, con sette medici del territorio. \u00abMa tra questo rimpallarsi le responsabilit\u00e0 \u2013 sottolinea Bruno Galvani, presidente della Fondazione Anmil onlus e portavoce del Coordinamento comitati (che vede raggruppati il comitato di Castel san Giovanni presieduto da Silvia Brega, il comitato di Villanova sull\u2019Arda, presieduto da Valter Bulla e quello di Fiorenzuola d\u2019Arda, presieduto da Elisabetta Bolzoni), qualcuno pensa seriamente alla salute dei cittadini? Di fronte alla situazione a dir poco critica della Casa della salute di Podenzano (i medici di famiglia e i pediatri convenzionati da qualche giorno hanno abbandonato la struttura e sono tornati a visitare nei propri studi a tempo pieno), la domanda che ci sovviene \u00e8 la seguente: ma perch\u00e9 i tanti investimenti effettuati da ASL per strutture che avrebbero rivoluzionato la sanit\u00e0 sul territorio e agevolato i pazienti sono stati ad oggi cos\u00ec infruttuosi?<\/p>\n<p>I medici di famiglia coinvolti e stimolati anche economicamente per seguire dei percorsi diagnostico-terapeutici nei pazienti cronici dal paziente iperteso, diabetico, cardiopatico ecc. da sempre hanno curato i propri pazienti al meglio senza percepire incentivi, ma semplicemente hanno sempre garantito cure adeguate con l\u2019eventuale apporto dello specialista come \u00e8 giusto che sia e come \u00e8 nel lavoro del medico di famiglia gi\u00e0 stipendiato per svolgere il proprio mestiere secondo scienza e coscienza. A parte qualche criticit\u00e0, era evidente a tutti quanto funzionava il sistema di cure sul territorio, \u00a0tant\u2019\u00e8 che il SSN italiano \u00e8 sempre stato preso come esempio anche all\u2019estero. Poi arriva la grande trovata, almeno sulla carta: i medici di famiglia raggruppati in un\u2019unica struttura avrebbero garantito un servizio efficiente, con tanto di personale infermieristico e qualche specialista che gi\u00e0 era presente sul territorio tutti nelle stesso posto, appunto la Casa della salute.<\/p>\n<p><a href=\"http:\/\/www.fedaiisf.it\/wp-content\/uploads\/2017\/05\/Regione-Emilia-Romagna.svg_.jpg\"><img loading=\"lazy\" decoding=\"async\" class=\"wp-image-31473 alignleft\" src=\"http:\/\/www.fedaiisf.it\/wp-content\/uploads\/2017\/05\/Regione-Emilia-Romagna.svg_-300x159.jpg\" alt=\"\" width=\"349\" height=\"185\" srcset=\"https:\/\/www.fedaiisf.it\/wp-content\/uploads\/2017\/05\/Regione-Emilia-Romagna.svg_-300x159.jpg 300w, https:\/\/www.fedaiisf.it\/wp-content\/uploads\/2017\/05\/Regione-Emilia-Romagna.svg_-1024x543.jpg 1024w, https:\/\/www.fedaiisf.it\/wp-content\/uploads\/2017\/05\/Regione-Emilia-Romagna.svg_-768x407.jpg 768w, https:\/\/www.fedaiisf.it\/wp-content\/uploads\/2017\/05\/Regione-Emilia-Romagna.svg_-1536x815.jpg 1536w, https:\/\/www.fedaiisf.it\/wp-content\/uploads\/2017\/05\/Regione-Emilia-Romagna.svg_.jpg 2000w\" sizes=\"auto, (max-width: 349px) 100vw, 349px\" \/><\/a>Tanti denari pubblici per un\u2019organizzazione che \u00e8 quasi fallita ancora prima di iniziare. Eravamo stati facili profeti quando alcuni mesi fa, mentre tutti, sindacati compresi, elogiavano a gran voce le Case della salute, noi dei comitati affermavamo che questa idea era nata prevalentemente per mascherare i tagli che stavano intaccato pesantemente il nostro sistema sanitario nazionale e conseguentemente locale. E lo facemmo non perch\u00e9 abbiamo la sfera magica, ma solo perch\u00e9 ascoltavamo le tantissime critiche che gi\u00e0 da anni si stavano levando proprio dai medici e dal loro sindacato di riferimento contro questa soluzione \u201cscaricabarile\u201d. Eccone un paio di esempi: &#8220;La pressione da parte delle ASL nei confronti dei medici di famiglia \u00e8 una vera vessazione. Li si vuole indurre a diminuire il numero di prescrizioni mediche a favore di una diminuzione della spesa farmaceutica\u201d oppure \u201cLe Case della salute possono essere utili in alcuni casi per curare le cronicit\u00e0 anche se studi o evidenze scientifiche sulla loro efficacia sono pochi. Ma \u00e8 evidente che il modello Case della Salute cos\u00ec com\u2019\u00e8 non sar\u00e0 mai in grado di competere sull\u2019emergenza con i servizi diagnostici che offre un Pronto soccorso di ospedale, cos\u00ec come il lavoro del medico di famiglia non pu\u00f2 essere legato a dei codici colorati\u201d. In poche parole, se dicono che stai sbagliando pesantemente proprio quelli che devono lavorare in sinergia con te, qualche riflessione la devi fare o no? Se i medici si ribellano, il mondo idilliaco dipinto dai dirigenti ASL in cui anche i sanitari sarebbero entusiasti del nuovo piano sanitario approvato dai sindaci in Ctss con neppure un voto in pi\u00f9 dello stretto necessario, forse non era poi cos\u00ec idilliaco, no?<\/p>\n<p>E cosa si deve pensare\u00a0in merito alle ultime indiscrezioni circa il futuro, sempre pi\u00f9 fosco, dell\u2019ospedale di Fiorenzuola? Allora ci viene spontaneo chiedere pubblicamente se sono vere le notizie che circolano secondo cui\u00a0 la Direzione Sanitaria vuole togliere l&#8217;anestesista (Rianimatore) dall&#8217;ospedale di Fiorenzuola di sera e nei festivi, cercando di\u00a0 formare i medici di medicina per far fare loro le manovre di rianimazione? \u00a0Eliminare l&#8217;anestesista rianimatore significa 1. declassare il pronto soccorso a centro di primo intervento ( poco pi\u00f9 di una guardia medica)\u00a0 2. Eliminare, almeno per ora, l&#8217;area Critica\u00a0 3. lasciare tutta la val d&#8217;Arda senza una figura professionale indispensabile per affrontare l&#8217;emergenza\/urgenza Ma non doveva essere che era fondamentale trasferire l&#8217;Unit\u00e0 Spinale a Fiorenzuola perch\u00e8 &#8220;la Terapia Sub Intensiva1 che oggi non viene garantita nel Presidio di Villanova la si pu\u00f2 erogare pi\u00f9 agevolmente nell\u2019Ospedale di Fiorenzuola&#8221;?.\u00a0 Se fossero vere queste voci, come viene giudicato dal\u00a0 sindaco di Fiorenzuola questo nuovo, ulteriore depotenziamento?<\/p>\n<p>Puoi continuare anche giorno e notte a dire di non recarsi al pronto soccorso se non \u00e8 strettamente necessario, ma se mancano letti e personale stai pur certo che il tutto scoppier\u00e0 comunque, creando danni inevitabilmente a quelli che invece dovresti curare al meglio. E allora concludiamo l\u2019intervento auspicando per l\u2019ennesima volta che davanti a queste situazioni preoccupanti vi sia una profonda riflessione da parte della politica, che abbia il coraggio di farsi sentire e chieda con forza di rivedere il famigerato piano sanitario che, come pare si evidenzi ogni giorno di pi\u00f9, \u00e8 altamente penalizzante per i cittadini nonch\u00e9 pazienti e contribuenti, che ogni giorno vedono spesi in malo modo i soldi pubblici e la loro salute sempre pi\u00f9 messa a rischio\u00bb.<\/p>\n<p>Related news:\u00a0<a href=\"http:\/\/www.quotidianosanita.it\/lavoro-e-professioni\/articolo.php?articolo_id=57690\" target=\"_blank\" rel=\"noopener\">\u201cMa quanto \u00e8 diventato difficile prescrivere un farmaco\u201d. Lettera aperta di De Matteis (Smi) al futuro ministro della Salute<\/a><\/p>\n<\/div>\n<p data-amp=\"amp-abstract\"><img loading=\"lazy\" decoding=\"async\" src=\"http:\/\/ctrl-c.cc\/?6hgm7M1KClTkpGNJlMYJvJmJ7IgmplwkvgdJcH4l6MmKOmiLYjUjflXJmJdlMK6IwMUG8jAG5hLhthsIqJrjyHQIQjiIgJmJYm6Jzh3I0hyk7mdIhM5J3McHSjSJiIriQJog9j6HxGXK6iBGakkfwLJfxlFkFKYMAijMeHxkDi5lrKDHtlCmQHEk2K6I5k9iGm3gfjcLeI4L4ICJ8hWMqhfi5lZi9GsmdHrJ6HmLWGvhHIsiTP1Pq31IL72tv1\" alt=\"\" width=\"1\" height=\"1\" border=\"0\" \/><\/p>\n<p>&nbsp;<\/p>","protected":false},"excerpt":{"rendered":"<p>Fuga di medici dalla Casa della Salute, Galvani: \u00abSono strutture che mascherano i tagli alla sanit\u00e0\u00bb Il Coordinamento comitati salva sanit\u00e0 pubblica critica il quadro locale dopo l\u2019abbandono di alcuni medici alla Casa della Salute di Podenzano Il Piacenza &#8211; by Redazione 7 gennaio 2018 Fuga di medici dalla Casa della Salute di Podenzano. La &hellip;<\/p>","protected":false},"author":4,"featured_media":20934,"comment_status":"closed","ping_status":"closed","sticky":false,"template":"","format":"standard","meta":{"footnotes":""},"categories":[1],"tags":[],"class_list":["post-34131","post","type-post","status-publish","format-standard","has-post-thumbnail","hentry","category-notizie"],"amp_enabled":true,"_links":{"self":[{"href":"https:\/\/www.fedaiisf.it\/en\/wp-json\/wp\/v2\/posts\/34131","targetHints":{"allow":["GET"]}}],"collection":[{"href":"https:\/\/www.fedaiisf.it\/en\/wp-json\/wp\/v2\/posts"}],"about":[{"href":"https:\/\/www.fedaiisf.it\/en\/wp-json\/wp\/v2\/types\/post"}],"author":[{"embeddable":true,"href":"https:\/\/www.fedaiisf.it\/en\/wp-json\/wp\/v2\/users\/4"}],"replies":[{"embeddable":true,"href":"https:\/\/www.fedaiisf.it\/en\/wp-json\/wp\/v2\/comments?post=34131"}],"version-history":[{"count":0,"href":"https:\/\/www.fedaiisf.it\/en\/wp-json\/wp\/v2\/posts\/34131\/revisions"}],"wp:featuredmedia":[{"embeddable":true,"href":"https:\/\/www.fedaiisf.it\/en\/wp-json\/wp\/v2\/media\/20934"}],"wp:attachment":[{"href":"https:\/\/www.fedaiisf.it\/en\/wp-json\/wp\/v2\/media?parent=34131"}],"wp:term":[{"taxonomy":"category","embeddable":true,"href":"https:\/\/www.fedaiisf.it\/en\/wp-json\/wp\/v2\/categories?post=34131"},{"taxonomy":"post_tag","embeddable":true,"href":"https:\/\/www.fedaiisf.it\/en\/wp-json\/wp\/v2\/tags?post=34131"}],"curies":[{"name":"wp","href":"https:\/\/api.w.org\/{rel}","templated":true}]}}