{"id":34361,"date":"2018-01-23T18:40:19","date_gmt":"2018-01-23T17:40:19","guid":{"rendered":"http:\/\/www.fedaiisf.it\/?p=34361"},"modified":"2018-02-22T11:44:21","modified_gmt":"2018-02-22T10:44:21","slug":"shock-foggia-manifesti-anti-vaccino-bimbo-morto-culla-n-d-r","status":"publish","type":"post","link":"https:\/\/www.fedaiisf.it\/en\/shock-foggia-manifesti-anti-vaccino-bimbo-morto-culla-n-d-r\/","title":{"rendered":"Shock in Foggia: anti-vaccine posters with a dead baby in a cot. Ed"},"content":{"rendered":"<h2>Shock a Foggia, bambino morto in culla nei manifesti 6&#215;3 anti-vaccino: i medici vanno in Procura<\/h2>\n<p><em>Nei manifesti \u00e8 raffigurato un neonato\u00a0(schermato) su sfondo grigio-nero ed accanto la scritta\/monito &#8220;Io sono uno dei bambini morti per SIDS (morte in culla) post-vaccino esavalente occultati dai dati ufficiali&#8221;<\/em><\/p>\n<p><a href=\"http:\/\/www.foggiatoday.it\/cronaca\/manifesto-no-vaccino-foggia-bimbo-morto-culla.html\" target=\"_blank\" rel=\"noopener\">Foggia Today &#8211; 23 gennaio 2018<\/a><\/p>\n<p>Giganteggia in vari punti della citt\u00e0 e sta scatenando un vespaio di polemiche e moti di indignazione il <strong>6\u00d73 sulla libert\u00e0 vaccinale<\/strong> comparso nella ultime ore a <strong>Foggia<\/strong>. Ordine dei Medici e Ordine dei Pediatri hanno gi\u00e0 inviato un <strong>esposto in Procura per procurato allarme<\/strong>.<\/p>\n<p><a href=\"http:\/\/www.fedaiisf.it\/wp-content\/uploads\/2014\/07\/vaccini.bambini.jpg\"><img loading=\"lazy\" decoding=\"async\" class=\"size-medium wp-image-971 alignright\" src=\"http:\/\/www.fedaiisf.it\/wp-content\/uploads\/2014\/07\/vaccini.bambini-300x158.jpg\" alt=\"\" width=\"300\" height=\"158\" srcset=\"https:\/\/www.fedaiisf.it\/wp-content\/uploads\/2014\/07\/vaccini.bambini-300x158.jpg 300w, https:\/\/www.fedaiisf.it\/wp-content\/uploads\/2014\/07\/vaccini.bambini.jpg 500w\" sizes=\"auto, (max-width: 300px) 100vw, 300px\" \/><\/a>\u00c8 raffigurato un neonato\u00a0(schermato) su sfondo grigio-nero ed accanto la scritta\/monito &#8220;Io sono uno dei bambini morti per SIDS (morte in culla) post-vaccino esavalente occultati dai dati ufficiali&#8221;. Firmato &#8220;cittadini di Foggia e provincia&#8221;, con il richiamo al gruppo Facebook Vaccini Puglia onlus per la libert\u00e0 di scelta e <a href=\"http:\/\/corvelva.it\/\" target=\"_blank\" rel=\"noopener\" data-saferedirecturl=\"https:\/\/www.google.com\/url?hl=it&amp;q=http:\/\/corvelva.it&amp;source=gmail&amp;ust=1516800494727000&amp;usg=AFQjCNFyT8g2t7y0RzNRFK4OTtIEw06WvQ\">corvelva.it<\/a>, il coordinamento regionale Veneto per la Libert\u00e0 delle Vaccinazioni, &#8220;presente dal 1993 al fianco dei genitori per la libert\u00e0 di scelta in tema vaccinale&#8221; si legge sul sito.<\/p>\n<p>\u00c8 comparso in diversi punti della citt\u00e0. Le segnalazioni rimandano alla zona Questura, su via Ascoli di fronte all&#8217;Ipercoop nei pressi della rssa Il Sorriso;\u00a0 ancora su viale Ofanto, angolo Corso Roma. Segnalazioni giungono anche dalla zona della Chiesa di Ges\u00f9 e Maria, pieno centro.<\/p>\n<p>&#8220;Immagino i bambini e le famiglie che oggi sono andati a vaccinarsi e hanno visto questa cosa terribile&#8221; osserva a Foggiatoday <strong>Maria Teresa Vaccaro,<\/strong> pediatra. &#8220;Per me &#8211; aggiunge &#8211; ci sono gli estremi per la<strong> denuncia anche al garante dei minori <\/strong>perch\u00e9 \u00e8 un&#8217;immagine molto violenta, che tutti possono vedere per strada&#8221;. Gli ordini preannunciano una nota di protesta ufficiale, oltre all&#8217;esposto alla Procura della Repubblica di Foggia.<\/p>\n<hr \/>\n<p><span style=\"color: #ff0000;\"><strong>Ed<\/strong><\/span>.:<\/p>\n<p>Premessa. Noi informatori Scientifici del farmaco (ISF) non abbiamo alcun interesse nella vendita dei vaccini, anzi abbiamo un forte risentimento nei confronti delle aziende che li producono avendo queste licenziato tutti gli ISF che erano incaricati dell\u2019informazione scientifica proprio dei vaccini. Detto questo veniamo a commentare quanto avvenuto a Foggia.<\/p>\n<p>Numerosi studi, sia americani che europei, hanno permesso di escludere la correlazione tra la somministrazione di vaccinazioni e la Sids (sindrome della morte in culla, o sudden infant death syndrome). Il sospetto che potesse esserci correlazione tra questi due eventi nasceva dal programma di vaccinazione cui sono esposti i neonati nei primi mesi di vita e il fatto che la Sids si manifesta, principalmente, proprio tra i neonati di et\u00e0 compresa tra 1 e 6 mesi.<\/p>\n<p><a href=\"http:\/\/www.fedaiisf.it\/wp-content\/uploads\/2016\/01\/bufala-658x330.png\"><img loading=\"lazy\" decoding=\"async\" class=\"size-medium wp-image-24064 alignleft\" src=\"http:\/\/www.fedaiisf.it\/wp-content\/uploads\/2016\/01\/bufala-658x330-300x150.png\" alt=\"\" width=\"300\" height=\"150\" srcset=\"https:\/\/www.fedaiisf.it\/wp-content\/uploads\/2016\/01\/bufala-658x330-300x150.png 300w, https:\/\/www.fedaiisf.it\/wp-content\/uploads\/2016\/01\/bufala-658x330.png 658w\" sizes=\"auto, (max-width: 300px) 100vw, 300px\" \/><\/a>Non \u00e8 stata ancora definita con sicurezza una specifica causa medica in grado di spiegare la Sids ma ci sono invece una serie di comportamenti e di fattori di rischio che possono incidere significativamente sulla probabilit\u00e0 che la Sids si verifichi.<br \/>\nL\u2019incidenza \u00e8 un caso ogni 700\/1000 bambini nati vivi.<\/p>\n<p>Negli anni &#8217;90 si diffonde la convinzione di una possibile associazione causale tra SIDS e vaccini. La supposta correlazione fra Sids e vaccino si rafforza con una sentenza del tribunale di Pesaro, sezione lavoro, quando nell\u2019udienza del 1.7.2013 condanna il Ministero della Salute a indennizzare, ai sensi della L. 210\/92, art. 2, la morte in culla (SIDS) di una bambina in seguito al presunto nesso causale con la somministrazione del vaccino (ESAVALENTE). La sentenza poi \u00e8 stata ribaltata in appello.<\/p>\n<p>Il fatto che una Sids si possa verificare a breve distanza dalla vaccinazione, precisa l\u2019Aifa, \u201cnon implica alcun rapporto di causa effetto, non giustifica allarmismi sulla sicurezza dei vaccini e non deve inficiare in alcun modo la fiducia dei genitori nella copertura vaccinale dei propri figli\u201d.<br \/>\nNegli anni scorsi numerosi studi hanno dimostrato che non esiste alcuna relazione causale tra l\u2019esposizione ai vaccini e la Sids e che l\u2019incidenza della Sids \u00e8 la stessa sia in presenza che in assenza di vaccinazione.<\/p>\n<p>E&#8217;\u00a0grazie ai vaccini che piaghe come il tifo, il vaiolo, la poliomielite, la tubercolosi, sembravano sconfitte per sempre. Oggi la situazione \u00e8 molto diversa: scomparsa o sfumata la memoria di quelle terribili malattie, serpeggiano i pregiudizi, le paure, i falsi miti sui vaccini, complice la grancassa incontrollata e martellante del web<\/p>\n<p>Quanti conoscono la storia della poliomielite in Italia, prima dell&#8217;inizio della vaccinazione di massa a partire dal 1964? Solo nel 1958, in Italia, furono notificati oltre ottomila casi; l&#8217;ultimo caso e&#8217; stato notificato nel 1982. Quanti conoscono gli esiti di quella &#8220;paralisi infantile&#8221; che ha riguardato migliaia di bambini, deceduti o comunque paralizzati anche in modo gravissimo? Quanti sanno cosa sia un polmone d&#8217;acciaio? Ricordare il passato potrebbe aiutare a fare scelte ben ponderate nel presente e a non abbassare mai la soglia di guardia nei confronti delle malattie trasmissibili.<\/p>\n<p>Esporre in un manifesto un bimbo morto in culla indicando nel vaccino la causa del decesso \u00e8 colpire emotivamente la sensibilit\u00e0 della gente, un\u2019opera di pornografia emotiva, un becero sciacallaggio di chi non ha argomenti razionali e documentali.\u00a0Non \u00e8 libert\u00e0 mettere in pericolo la salute pubblica!<\/p>\n<p>Related news:\u00a0<a href=\"http:\/\/www.epicentro.iss.it\/problemi\/sids\/sids.asp\" target=\"_blank\" rel=\"noopener\">Sindrome della morte in culla<\/a><\/p>\n<p><a href=\"http:\/\/www.epicentro.iss.it\/problemi\/sids\/epid.asp\" target=\"_blank\" rel=\"noopener\">Sindrome della morte in culla. Aspetti epidemiologici<\/a><\/p>\n<p id=\"page-title\"><a href=\"http:\/\/www.agenziafarmaco.gov.it\/content\/nuovi-dati-ecdc-su-morbillo-italia-ancora-seconda-diffusione-di-casi-nel-2017\" target=\"_blank\" rel=\"noopener\">Nuovi dati ECDC su morbillo: Italia ancora seconda per diffusione di casi nel 2017<\/a><\/p>\n<p><a href=\"http:\/\/www.aifa.gov.it\/sites\/default\/files\/Rapporto_Vaccini_2016.pdf\" target=\"_blank\" rel=\"noopener\">AIFA. Rapporto sulla sorveglianza postmarketing\u00a0dei vaccini in Italia 2016<\/a><\/p>\n<p><a href=\"http:\/\/science.sciencemag.org\/content\/359\/6373\/290\" target=\"_blank\" rel=\"noopener\">Genome-wide identification of interferon-sensitive mutations enables influenza vaccine design<\/a><\/p>\n<p class=\"entry-title\"><a href=\"http:\/\/genitoricrescono.com\/bambini-portano-cicogne-correlazione-casualita-causalita\/\" target=\"_blank\" rel=\"noopener\">I bambini portano le cicogne<\/a><\/p>\n<div class=\"page\" title=\"Page 1\">\n<div class=\"section\">\n<div class=\"layoutArea\">\n<div class=\"column\">\n<p><a href=\"http:\/\/web.stanford.edu\/class\/hrp259\/2007\/regression\/storke.pdf\" target=\"_blank\" rel=\"noopener\">New evidence for the Theory of the Stork<\/a><\/p>\n<\/div>\n<\/div>\n<\/div>\n<\/div>\n<p><a href=\"http:\/\/www.corriere.it\/scuola\/universita\/17_aprile_20\/terra-piatta-gira-intorno-tunisia-238d072c-25b8-11e7-83cc-292021888e47.shtml\" target=\"_blank\" rel=\"noopener\">\u00abLa terra? \u00c8 piatta e il sole le gira attorno\u00bb<\/a><\/p>\n<p><a href=\"http:\/\/www.fedaiisf.it\/wp-content\/uploads\/2018\/01\/Einstein.aforisma.infinito.jpg\"><img loading=\"lazy\" decoding=\"async\" class=\"wp-image-34373 aligncenter\" src=\"http:\/\/www.fedaiisf.it\/wp-content\/uploads\/2018\/01\/Einstein.aforisma.infinito-300x300.jpg\" alt=\"\" width=\"344\" height=\"344\" srcset=\"https:\/\/www.fedaiisf.it\/wp-content\/uploads\/2018\/01\/Einstein.aforisma.infinito-300x300.jpg 300w, https:\/\/www.fedaiisf.it\/wp-content\/uploads\/2018\/01\/Einstein.aforisma.infinito-150x150.jpg 150w, https:\/\/www.fedaiisf.it\/wp-content\/uploads\/2018\/01\/Einstein.aforisma.infinito-36x36.jpg 36w, https:\/\/www.fedaiisf.it\/wp-content\/uploads\/2018\/01\/Einstein.aforisma.infinito.jpg 630w\" sizes=\"auto, (max-width: 344px) 100vw, 344px\" \/><\/a><\/p>\n<hr \/>\n<p>&nbsp;<\/p>\n<div class=\"page\" title=\"Page 1\">\n<div class=\"layoutArea\">\n<div class=\"column\">\n<h2 style=\"text-align: center;\"><span style=\"color: #ff0000;\">ORDINE DEI MEDICI CHIRURGHI E DEGLI ODONTOIATRI DELLA PROVINCIA DI FOGGIA COMUNICATO STAMPA<\/span><\/h2>\n<p>&nbsp;<\/p>\n<\/div>\n<\/div>\n<\/div>\n<div class=\"page\" title=\"Page 1\">\n<div class=\"layoutArea\">\n<div class=\"column\">\n<p>L\u2019Ordine dei Medici Chirurghi e degli Odontoiatri della Provincia di Foggia ed i Pediatri della FIMP (Federazione Italiana Medici Pediatri) \u2013 Sezione di Foggia,<\/p>\n<p style=\"text-align: center;\">CONDANNANO<\/p>\n<p>l\u2019affissione di manifesti NO VAX, in pi\u00f9 punti della citt\u00e0, che con immagini violente e di cattivo gusto, diffondono messaggi fuorvianti e non supportati scientificamente.<\/p>\n<p>In tal modo si neutralizza il lavoro capillare dei Medici e dei Pediatri di Famiglia che tanto si spendono per assicurare una corretta informazione sulla pratica vaccinale.<\/p>\n<p>Il messaggio diffuso, facilmente visualizzabile anche dai minori, procura nella popolazione un allarme ingiustificato, scoraggiando un atto medico di indiscussa validit\u00e0 che ha salvato la vita a milioni di bambini.<\/p>\n<p>Alla luce di quanto sopra si fa presente che l\u2019Ordine dei Medici ha presentato Esposto alla Procura affinch\u00e9 vengano adottati gli opportuni adempimenti del caso.<\/p>\n<p><a href=\"http:\/\/www.omceofg.it\/wp-content\/uploads\/2018\/01\/comunicato-stampa-contro-NO-VAX.pdf\" target=\"_blank\" rel=\"noopener\">OMCeO Foggia<\/a><\/p>\n<\/div>\n<\/div>\n<\/div>","protected":false},"excerpt":{"rendered":"<p>Shock a Foggia, bambino morto in culla nei manifesti 6&#215;3 anti-vaccino: i medici vanno in Procura Nei manifesti \u00e8 raffigurato un neonato\u00a0(schermato) su sfondo grigio-nero ed accanto la scritta\/monito &#8220;Io sono uno dei bambini morti per SIDS (morte in culla) post-vaccino esavalente occultati dai dati ufficiali&#8221; Foggia Today &#8211; 23 gennaio 2018 Giganteggia in vari &hellip;<\/p>","protected":false},"author":4,"featured_media":34363,"comment_status":"closed","ping_status":"closed","sticky":false,"template":"","format":"standard","meta":{"footnotes":""},"categories":[16,48],"tags":[38,39],"class_list":["post-34361","post","type-post","status-publish","format-standard","has-post-thumbnail","hentry","category-primo-piano","category-note-di-redazione","tag-n-d-r","tag-vaccini"],"amp_enabled":true,"_links":{"self":[{"href":"https:\/\/www.fedaiisf.it\/en\/wp-json\/wp\/v2\/posts\/34361","targetHints":{"allow":["GET"]}}],"collection":[{"href":"https:\/\/www.fedaiisf.it\/en\/wp-json\/wp\/v2\/posts"}],"about":[{"href":"https:\/\/www.fedaiisf.it\/en\/wp-json\/wp\/v2\/types\/post"}],"author":[{"embeddable":true,"href":"https:\/\/www.fedaiisf.it\/en\/wp-json\/wp\/v2\/users\/4"}],"replies":[{"embeddable":true,"href":"https:\/\/www.fedaiisf.it\/en\/wp-json\/wp\/v2\/comments?post=34361"}],"version-history":[{"count":0,"href":"https:\/\/www.fedaiisf.it\/en\/wp-json\/wp\/v2\/posts\/34361\/revisions"}],"wp:featuredmedia":[{"embeddable":true,"href":"https:\/\/www.fedaiisf.it\/en\/wp-json\/wp\/v2\/media\/34363"}],"wp:attachment":[{"href":"https:\/\/www.fedaiisf.it\/en\/wp-json\/wp\/v2\/media?parent=34361"}],"wp:term":[{"taxonomy":"category","embeddable":true,"href":"https:\/\/www.fedaiisf.it\/en\/wp-json\/wp\/v2\/categories?post=34361"},{"taxonomy":"post_tag","embeddable":true,"href":"https:\/\/www.fedaiisf.it\/en\/wp-json\/wp\/v2\/tags?post=34361"}],"curies":[{"name":"wp","href":"https:\/\/api.w.org\/{rel}","templated":true}]}}