{"id":34427,"date":"2018-01-26T11:07:00","date_gmt":"2018-01-26T10:07:00","guid":{"rendered":"http:\/\/www.fedaiisf.it\/?p=34427"},"modified":"2018-01-26T11:26:24","modified_gmt":"2018-01-26T10:26:24","slug":"farmindustria-ufficio-scolastico-del-lazio-presentato-progetto-alternanza-scuola-lavoro","status":"publish","type":"post","link":"https:\/\/www.fedaiisf.it\/en\/farmindustria-ufficio-scolastico-del-lazio-presentato-progetto-alternanza-scuola-lavoro\/","title":{"rendered":"Farmindustria-School Office of Lazio. The school-work alternation project was presented"},"content":{"rendered":"<div class=\"post-title\">\n<h1 class=\"entry-title\">Alternanza scuola-lavoro, presentato il progetto Farmindustria-USR Lazio<\/h1>\n<\/div>\n<div class=\"post-meta-blog\"><a href=\"http:\/\/www.rifday.it\/2018\/01\/26\/alternanza-scuola-lavoro-presentato-progetto-farmindustria-usr-lazio\/\" target=\"_blank\" rel=\"noopener\"><span class=\"meta_author vcard author\"><span class=\"fn\">RIFday<\/span><\/span> <span class=\"meta_date updated\">&#8211; gennaio 26, 2018<\/span><\/a><\/div>\n<div class=\"post_content entry-content\">\n<div class=\"pf-content\">\n<p>Roma, 26 gennaio \u2013 Dare vita a un progetto, nella cornice dell\u2019alternanza scuola- lavoro, finalizzato a sensibilizzare l\u2019attivazione di forme di cooperazione qualificata tra le istituzioni scolastiche e le aziende farmaceutiche che operano nel Lazio.<\/p>\n<p><a href=\"http:\/\/www.fedaiisf.it\/wp-content\/uploads\/2015\/02\/scaccabarozzi.farmin.jpg\"><img loading=\"lazy\" decoding=\"async\" class=\"size-medium wp-image-8486 alignright\" src=\"http:\/\/www.fedaiisf.it\/wp-content\/uploads\/2015\/02\/scaccabarozzi.farmin-300x167.jpg\" alt=\"\" width=\"300\" height=\"167\" srcset=\"https:\/\/www.fedaiisf.it\/wp-content\/uploads\/2015\/02\/scaccabarozzi.farmin-300x167.jpg 300w, https:\/\/www.fedaiisf.it\/wp-content\/uploads\/2015\/02\/scaccabarozzi.farmin-1024x568.jpg 1024w, https:\/\/www.fedaiisf.it\/wp-content\/uploads\/2015\/02\/scaccabarozzi.farmin-768x426.jpg 768w, https:\/\/www.fedaiisf.it\/wp-content\/uploads\/2015\/02\/scaccabarozzi.farmin-1536x853.jpg 1536w, https:\/\/www.fedaiisf.it\/wp-content\/uploads\/2015\/02\/scaccabarozzi.farmin-2048x1137.jpg 2048w\" sizes=\"auto, (max-width: 300px) 100vw, 300px\" \/><\/a>Questo il senso del protocollo stipulato nell\u2019autunno scorso tra Ufficio scolastico regionale (Usr) del Lazio e Farmindustria, presentato ieri a Roma nell\u2019Auditorium della Tecnica di Confindustria.\u00a0 Il progetto coinvolger\u00e0, nelle sue prime fasi, 15 istituti superiori (sei licei e nove istituti tecnici) in tutta la Regione, interessando circa 500 studenti e 44 tra dirigenti scolatici e professori. Quindici le aziende farmaceutiche coinvolte, tra le quali Janssen, Gruppo Menarini, Abbvie e BSP Pharmaceuticals.<\/p>\n<p>Ma sono numeri che potrebbero crescere: <em>\u201cPotenzialmente sono interessate tutte le 550 scuole regionali, sia le 330 statali sia le 120 paritarie\u201d<\/em> ha chiarito al riguardo il direttore generale di Usr Lazio <strong>Gildo De Angelis,<\/strong> ribadendo che il progetto nasce <em>\u201corientare i ragazzi e a renderli pi\u00f9 consapevoli delle possibilit\u00e0 che offre il mondo del lavoro\u201d.<\/em><\/p>\n<p>Finalit\u00e0 subito confermata, di fronte a una folta platea di docenti e studenti, dal presidente di Farmindustria <strong>Massimo Scaccabarozzi<\/strong><em>(in the picture)<\/em>, che ha definito il progetto avviato insieme all\u2019Usr laziale un\u2019occasione per \u201c<em>instaurare un dialogo nuovo, conoscerci e farci conoscere di pi\u00f9\u201d<\/em> e per evidenziare lo strettissimo,vitale legame che lega innovazione e formazione.<br \/>\n<em>\u201cSe un\u2019azienda farmaceutica decide di investire in Italia, aprendo siti produttivi o di ricerca\u201d<\/em> ha spiegato Scaccabarozzi \u201c<em>\u00e8 anche grazie alla competenza delle risorse umane che il nostro Paese sa esprimere. Per questo Farmindustria punta sulla formazione ed \u00e8 impegnata in attivit\u00e0 che svolgiamo nelle universit\u00e0 e nelle imprese. Con questa iniziativa, allarghiamo ora il fronte dell\u2019impegno nelle scuole secondarie, nell\u2019ambito dell\u2019alternanza scuola-lavoro, con l\u2019obiettivo di orientare al lavoro e avvicinare i giovani all\u2019impresa <a href=\"http:\/\/www.fedaiisf.it\/wp-content\/uploads\/2018\/01\/autonomos.jpg\"><img loading=\"lazy\" decoding=\"async\" class=\"size-medium wp-image-34430 alignleft\" src=\"http:\/\/www.fedaiisf.it\/wp-content\/uploads\/2018\/01\/autonomos-300x200.jpg\" alt=\"\" width=\"300\" height=\"200\" srcset=\"https:\/\/www.fedaiisf.it\/wp-content\/uploads\/2018\/01\/autonomos-300x200.jpg 300w, https:\/\/www.fedaiisf.it\/wp-content\/uploads\/2018\/01\/autonomos-274x183.jpg 274w, https:\/\/www.fedaiisf.it\/wp-content\/uploads\/2018\/01\/autonomos-80x54.jpg 80w, https:\/\/www.fedaiisf.it\/wp-content\/uploads\/2018\/01\/autonomos-130x87.jpg 130w, https:\/\/www.fedaiisf.it\/wp-content\/uploads\/2018\/01\/autonomos-359x240.jpg 359w, https:\/\/www.fedaiisf.it\/wp-content\/uploads\/2018\/01\/autonomos-85x57.jpg 85w, https:\/\/www.fedaiisf.it\/wp-content\/uploads\/2018\/01\/autonomos-546x365.jpg 546w, https:\/\/www.fedaiisf.it\/wp-content\/uploads\/2018\/01\/autonomos-165x109.jpg 165w, https:\/\/www.fedaiisf.it\/wp-content\/uploads\/2018\/01\/autonomos-347x233.jpg 347w, https:\/\/www.fedaiisf.it\/wp-content\/uploads\/2018\/01\/autonomos-112x75.jpg 112w, https:\/\/www.fedaiisf.it\/wp-content\/uploads\/2018\/01\/autonomos-179x120.jpg 179w, https:\/\/www.fedaiisf.it\/wp-content\/uploads\/2018\/01\/autonomos-170x113.jpg 170w, https:\/\/www.fedaiisf.it\/wp-content\/uploads\/2018\/01\/autonomos-81x55.jpg 81w, https:\/\/www.fedaiisf.it\/wp-content\/uploads\/2018\/01\/autonomos-765x510.jpg 765w, https:\/\/www.fedaiisf.it\/wp-content\/uploads\/2018\/01\/autonomos.jpg 506w\" sizes=\"auto, (max-width: 300px) 100vw, 300px\" \/><\/a>farmaceutica. Un settore dove le nuove tecnologie hanno un ruolo determinante e richiedono\u00a0 nuove figure professionali e tecnici sempre pi\u00f9 qualificati. Parlare di farmaceutica, quindi, \u00a0significa parlare di futuro e gli studenti sono il futuro\u201d.<\/em><\/p>\n<p>Proprio l\u2019orientamento degli studenti, che sono i lavoratori del futuro, \u00e8 il fulcro del progetto, come ha chiarito il vicepresidente di Farmindustria <strong>Anthony Messina<\/strong>: \u201cI progetti di alternanza scuola-lavoro, a nostro avviso, sono\u00a0 un fattore di qualificazione della didattica e del percorso formativo dei ragazzi, e un\u2019azienda pu\u00f2 e deve essere intesa anche come un luogo di formazione. Fare alternanza significa dunque lavorare con le scuole per assicurare agli studenti un adeguato bagaglio di competenze, formando cos\u00ec il capitale umano del futuro\u201d.<\/p>\n<p>Un capitale, ha aggiunto Messina, di cui ha particolarmente bisogno l\u2019industria farmaceutica, che \u00e8 \u201ca<em>ltamente tecnologica e vive di ricerca, i idee nuove, entusiasmo e coraggio\u201d.<\/em> Ecco perch\u00e9 le aziende del farmaco \u2013 che in Italia, <em>\u201channo assunto 6.000 persone all\u2019anno dal 2014, di cui la met\u00e0 under 30\u201d<\/em> \u2013 hanno deciso di puntare in particolare sui giovani, anche con questo progetto.<\/p>\n<p>Il protocollo Usr Lazio-Farmindustria, che avr\u00e0 la \u00a0durata di tre anni, prevede anche la realizzazione di attivit\u00e0 di formazione del personale scolastico sui temi della ricerca e delle attivit\u00e0 produttive e di informazione rivolta agli studenti.<\/p>\n<p><a href=\"http:\/\/www.quotidianosanita.it\/allegati\/allegato1326238.pdf\" target=\"_blank\" rel=\"noopener\"><strong>IL PROTOCOLLO<\/strong><\/a><\/p>\n<p>Related news:\u00a0<a href=\"https:\/\/www.studenti.it\/alternanza-scuola-lavoro.html\" target=\"_blank\" rel=\"noopener\">Alternanza scuola lavoro: cos&#8217;\u00e8 e come funziona. Linee guida<\/a><\/p>\n<\/div>\n<\/div>\n<p class=\"article-title\"><a href=\"http:\/\/www.corriere.it\/scuola\/ritorno-a-scuola\/notizie\/alternanza-scuola-lavoro-come-funziona-cosa-cambiare-9227024c-b04a-11e7-9acf-3e6278e701f3.shtml\" target=\"_blank\" rel=\"noopener\">Alternanza scuola-lavoro.\u00a0Come funziona e cosa cambiare<\/a><\/p>\n<p class=\"post entry-title\"><a href=\"http:\/\/www.informazionesenzafiltro.it\/il-lato-a-di-massimo-scaccabarozzi\/\" target=\"_blank\" rel=\"noopener\">Il Lato A di Massimo Scaccabarozzi<\/a><\/p>","protected":false},"excerpt":{"rendered":"<p>Alternanza scuola-lavoro, presentato il progetto Farmindustria-USR Lazio RIFday &#8211; gennaio 26, 2018 Roma, 26 gennaio \u2013 Dare vita a un progetto, nella cornice dell\u2019alternanza scuola- lavoro, finalizzato a sensibilizzare l\u2019attivazione di forme di cooperazione qualificata tra le istituzioni scolastiche e le aziende farmaceutiche che operano nel Lazio. Questo il senso del protocollo stipulato nell\u2019autunno scorso &hellip;<\/p>","protected":false},"author":4,"featured_media":34432,"comment_status":"closed","ping_status":"closed","sticky":false,"template":"","format":"standard","meta":{"footnotes":""},"categories":[1],"tags":[50],"class_list":["post-34427","post","type-post","status-publish","format-standard","has-post-thumbnail","hentry","category-notizie","tag-farmindustria"],"amp_enabled":true,"_links":{"self":[{"href":"https:\/\/www.fedaiisf.it\/en\/wp-json\/wp\/v2\/posts\/34427","targetHints":{"allow":["GET"]}}],"collection":[{"href":"https:\/\/www.fedaiisf.it\/en\/wp-json\/wp\/v2\/posts"}],"about":[{"href":"https:\/\/www.fedaiisf.it\/en\/wp-json\/wp\/v2\/types\/post"}],"author":[{"embeddable":true,"href":"https:\/\/www.fedaiisf.it\/en\/wp-json\/wp\/v2\/users\/4"}],"replies":[{"embeddable":true,"href":"https:\/\/www.fedaiisf.it\/en\/wp-json\/wp\/v2\/comments?post=34427"}],"version-history":[{"count":0,"href":"https:\/\/www.fedaiisf.it\/en\/wp-json\/wp\/v2\/posts\/34427\/revisions"}],"wp:featuredmedia":[{"embeddable":true,"href":"https:\/\/www.fedaiisf.it\/en\/wp-json\/wp\/v2\/media\/34432"}],"wp:attachment":[{"href":"https:\/\/www.fedaiisf.it\/en\/wp-json\/wp\/v2\/media?parent=34427"}],"wp:term":[{"taxonomy":"category","embeddable":true,"href":"https:\/\/www.fedaiisf.it\/en\/wp-json\/wp\/v2\/categories?post=34427"},{"taxonomy":"post_tag","embeddable":true,"href":"https:\/\/www.fedaiisf.it\/en\/wp-json\/wp\/v2\/tags?post=34427"}],"curies":[{"name":"wp","href":"https:\/\/api.w.org\/{rel}","templated":true}]}}