{"id":34449,"date":"2018-01-26T20:09:56","date_gmt":"2018-01-26T19:09:56","guid":{"rendered":"http:\/\/www.fedaiisf.it\/?p=34449"},"modified":"2018-02-25T13:17:21","modified_gmt":"2018-02-25T12:17:21","slug":"firenze-cantone-don-luigi-ciotti-al-cto-careggi-al-convegno-la-mappatura-delle-aree-rischio-corruzione-tema-sensibile-accesso-ai-reparti-informatori-medico-scientifici","status":"publish","type":"post","link":"https:\/\/www.fedaiisf.it\/en\/firenze-cantone-don-luigi-ciotti-al-cto-careggi-al-convegno-la-mappatura-delle-aree-rischio-corruzione-tema-sensibile-accesso-ai-reparti-informatori-medico-scientifici\/","title":{"rendered":"Florence. Cantone and Don Ciotti at the CTO Careggi at the conference &quot;The mapping of areas at risk of corruption&quot;. Sensitive topic: access to the departments of scientific medical reps"},"content":{"rendered":"<div class=\"page-header\">\n<h2><a href=\"http:\/\/www.aou-careggi.toscana.it\/internet\/index.php?option=com_content&amp;view=article&amp;id=4747:cantone-e-don-ciotti-al-cto-di-careggi-al-convegno-29-1-18-presentazione-risultati-mappatura-rischio-corruzione&amp;catid=118&amp;lang=it&amp;Itemid=1014\" target=\"_blank\" rel=\"noopener\">Cantone e Don Ciotti al CTO di Careggi al Convegno 29\/1\/18 presentazione risultati mappatura rischio corruzione <\/a><\/h2>\n<\/div>\n<p>Raffaele Cantone presidente dell\u2019Autorit\u00e0 Nazionale Anticorruzione (ANAC) e Don Luigi Ciotti fondatore del Gruppo Abele e dell\u2019Associazione Libera saranno fra i relatori al Convegno \u201cLa mappatura delle aree di rischio specifico: risultati 2017\u201d in programma il 29 gennaio dalle 10 alle 14 nell\u2019Auditorium del CTO di Careggi in Largo Palagi a Firenze.<\/p>\n<p><a href=\"http:\/\/www.fedaiisf.it\/wp-content\/uploads\/2017\/02\/firenze_careggi_azienda_ospedaliera_univ_careggi_ingresso_generiche9.jpg\"><img loading=\"lazy\" decoding=\"async\" class=\"size-medium wp-image-29850 alignright\" src=\"http:\/\/www.fedaiisf.it\/wp-content\/uploads\/2017\/02\/firenze_careggi_azienda_ospedaliera_univ_careggi_ingresso_generiche9-300x196.jpg\" alt=\"\" width=\"300\" height=\"196\" srcset=\"https:\/\/www.fedaiisf.it\/wp-content\/uploads\/2017\/02\/firenze_careggi_azienda_ospedaliera_univ_careggi_ingresso_generiche9-300x196.jpg 300w, https:\/\/www.fedaiisf.it\/wp-content\/uploads\/2017\/02\/firenze_careggi_azienda_ospedaliera_univ_careggi_ingresso_generiche9-85x57.jpg 85w, https:\/\/www.fedaiisf.it\/wp-content\/uploads\/2017\/02\/firenze_careggi_azienda_ospedaliera_univ_careggi_ingresso_generiche9-165x109.jpg 165w, https:\/\/www.fedaiisf.it\/wp-content\/uploads\/2017\/02\/firenze_careggi_azienda_ospedaliera_univ_careggi_ingresso_generiche9-179x116.jpg 179w, https:\/\/www.fedaiisf.it\/wp-content\/uploads\/2017\/02\/firenze_careggi_azienda_ospedaliera_univ_careggi_ingresso_generiche9.jpg 637w\" sizes=\"auto, (max-width: 300px) 100vw, 300px\" \/><\/a>L\u2019evento organizzato dall\u2019Azienda ospedaliero universitaria fiorentina in collaborazione con il Progetto Illuminano la salute, l\u2019Agenzia regionale sanit\u00e0 della Toscana (ARS) e il Centro Regionale per le criticit\u00e0 relazionali, presenter\u00e0 i risultati della mappatura dei processi sulle aree a rischio corruzione individuate dalla Direzione di Careggi nel corso del 2017.<\/p>\n<p>I professionisti dell&#8217;Ospedale fiorentino sono stati impegnati in tavoli di lavoro su alcuni temi sensibili come incarichi extra-istituzionali, <strong>accesso ai reparti di informatori medico scientifici<\/strong>, formazione sponsorizzata, partecipazione a societ\u00e0 scientifiche ed associazioni di pazienti. L\u2019obiettivo principale del progetto \u00e8 stato sviluppare un metodo che oltre alla gestione dei rischi ha cercato di valorizzare il potenziale positivo di integrit\u00e0 presente all\u2019interno del settore sanitario per riconoscerlo e rafforzarlo.<\/p>\n<p>Cantone affronter\u00e0 il tema degli strumenti di prevenzione della corruzione e Don Ciotti parler\u00e0 dell\u2019etica nelle professioni e l\u2019etica come professione. La presentazione dei risultati di Careggi \u00e8 in sintonia con le iniziative formative del Progetto Illuminiamo la salute che promosso da Libera, Gruppo Abele, Coripe e Avviso Pubblico, ha intrapreso un impegno culturale che va oltre la sola applicazione della legge per la prevenzione della corruzione. Un impegno che si concretizza nel monitoraggio, valutazione, ricerca e cambiamento dell\u2019amministrazione a sostegno di un sistema sanitario pubblico e sociale integro, efficiente, al servizio di tutti i cittadini.<\/p>\n<p><a href=\"http:\/\/www.aou-careggi.toscana.it\/internet\/index.php?option=com_content&amp;view=category&amp;layout=blog&amp;id=118&amp;Itemid=1014&amp;lang=it\" target=\"_blank\" rel=\"noopener\">AOU Careggi &#8211; Ufficio Stampa<\/a><\/p>\n<p>Related news:\u00a0<a href=\"http:\/\/www.aou-careggi.toscana.it\/internet\/images\/docs\/file\/Fornitori\/D903_83_RegSpecialistInformatori_ed2rev2.pdf\" target=\"_blank\" rel=\"noopener\"><strong>REGOLAMENTO PER L\u2019INFORMAZIONE MEDICO-SCIENTIFICA E PER L\u2019ACCESSO DEGLI SPECIALISTi IN AZIENDA AOU CAREGGI<\/strong><\/a><\/p>\n<p>&nbsp;<\/p>","protected":false},"excerpt":{"rendered":"<p>Cantone e Don Ciotti al CTO di Careggi al Convegno 29\/1\/18 presentazione risultati mappatura rischio corruzione Raffaele Cantone presidente dell\u2019Autorit\u00e0 Nazionale Anticorruzione (ANAC) e Don Luigi Ciotti fondatore del Gruppo Abele e dell\u2019Associazione Libera saranno fra i relatori al Convegno \u201cLa mappatura delle aree di rischio specifico: risultati 2017\u201d in programma il 29 gennaio dalle &hellip;<\/p>","protected":false},"author":4,"featured_media":32107,"comment_status":"closed","ping_status":"closed","sticky":false,"template":"","format":"standard","meta":{"footnotes":""},"categories":[16],"tags":[],"class_list":["post-34449","post","type-post","status-publish","format-standard","has-post-thumbnail","hentry","category-primo-piano"],"amp_enabled":true,"_links":{"self":[{"href":"https:\/\/www.fedaiisf.it\/en\/wp-json\/wp\/v2\/posts\/34449","targetHints":{"allow":["GET"]}}],"collection":[{"href":"https:\/\/www.fedaiisf.it\/en\/wp-json\/wp\/v2\/posts"}],"about":[{"href":"https:\/\/www.fedaiisf.it\/en\/wp-json\/wp\/v2\/types\/post"}],"author":[{"embeddable":true,"href":"https:\/\/www.fedaiisf.it\/en\/wp-json\/wp\/v2\/users\/4"}],"replies":[{"embeddable":true,"href":"https:\/\/www.fedaiisf.it\/en\/wp-json\/wp\/v2\/comments?post=34449"}],"version-history":[{"count":0,"href":"https:\/\/www.fedaiisf.it\/en\/wp-json\/wp\/v2\/posts\/34449\/revisions"}],"wp:featuredmedia":[{"embeddable":true,"href":"https:\/\/www.fedaiisf.it\/en\/wp-json\/wp\/v2\/media\/32107"}],"wp:attachment":[{"href":"https:\/\/www.fedaiisf.it\/en\/wp-json\/wp\/v2\/media?parent=34449"}],"wp:term":[{"taxonomy":"category","embeddable":true,"href":"https:\/\/www.fedaiisf.it\/en\/wp-json\/wp\/v2\/categories?post=34449"},{"taxonomy":"post_tag","embeddable":true,"href":"https:\/\/www.fedaiisf.it\/en\/wp-json\/wp\/v2\/tags?post=34449"}],"curies":[{"name":"wp","href":"https:\/\/api.w.org\/{rel}","templated":true}]}}